{"id":97324,"date":"2026-01-07T14:25:10","date_gmt":"2026-01-07T14:25:10","guid":{"rendered":"https:\/\/www.europesays.com\/lv\/97324\/"},"modified":"2026-01-07T14:25:10","modified_gmt":"2026-01-07T14:25:10","slug":"17-18-i-latvijas-florbola-cempionata-speles-kekava-un-ulbroka","status":"publish","type":"post","link":"https:\/\/www.europesays.com\/lv\/97324\/","title":{"rendered":"17.-18.I Latvijas florbola \u010dempion\u0101ta sp\u0113les \u0136ekav\u0101 un Ulbrok\u0101"},"content":{"rendered":"<p>17.janv\u0101r\u012b plkst.16.00 \u0136ekavas sporta kompleks\u0101 Latvijas florbola sievie\u0161u pirm\u0101s l\u012bgas savstarp\u0113jo sp\u0113li aizvad\u012bs abas l\u012bdervien\u012bbas \u201c\u0136ekavas Bulldogs\u201d un \u201cIrlava\/Tukums\u201d. 18.janv\u0101r\u012b plkst. 13.00 sievie\u0161u virsl\u012bgas ma\u010d\u0101 \u201cFK \u0136ekava\u201d\/\u201dLatvijas Mediji\u201d florbolistes uz\u0146ems \u201cEMU SK\u201d komandu no Tartu, bet plkst.17.00 Ulbrokas sporta kompleks\u0101 Latvijas otr\u0101s l\u012bgas c\u012b\u0146\u0101 tiksies florbola klubs \u201cUlbroka\u201d un In\u010dukalna \u201cCoyote\u201d\/\u201dIxCom\u201d\/FBKV florbolisti.<\/p>\n","protected":false},"excerpt":{"rendered":"17.janv\u0101r\u012b plkst.16.00 \u0136ekavas sporta kompleks\u0101 Latvijas florbola sievie\u0161u pirm\u0101s l\u012bgas savstarp\u0113jo sp\u0113li aizvad\u012bs abas l\u012bdervien\u012bbas \u201c\u0136ekavas Bulldogs\u201d un&hellip;\n","protected":false},"author":2,"featured_media":97325,"comment_status":"","ping_status":"","sticky":false,"template":"","format":"standard","meta":{"footnotes":""},"categories":[17],"tags":[47,381,64,35,39,38,36,37,34,40,385,172,382,384,67,383,21],"class_list":{"0":"post-97324","1":"post","2":"type-post","3":"status-publish","4":"format-standard","5":"has-post-thumbnail","7":"category-sports","8":"tag-ekonomika","9":"tag-jaunumi","10":"tag-kultura","11":"tag-latvia","12":"tag-latvian","13":"tag-latviesu","14":"tag-latviesu-valoda","15":"tag-latviesuvaloda","16":"tag-latvija","17":"tag-lv","18":"tag-pieriga","19":"tag-riga","20":"tag-sabiedriba","21":"tag-sludinajumi","22":"tag-sports","23":"tag-sports-afisa","24":"tag-zinas"},"share_on_mastodon":{"url":"https:\/\/pubeurope.com\/@lv\/115854280220728071","error":""},"_links":{"self":[{"href":"https:\/\/www.europesays.com\/lv\/wp-json\/wp\/v2\/posts\/97324","targetHints":{"allow":["GET"]}}],"collection":[{"href":"https:\/\/www.europesays.com\/lv\/wp-json\/wp\/v2\/posts"}],"about":[{"href":"https:\/\/www.europesays.com\/lv\/wp-json\/wp\/v2\/types\/post"}],"author":[{"embeddable":true,"href":"https:\/\/www.europesays.com\/lv\/wp-json\/wp\/v2\/users\/2"}],"replies":[{"embeddable":true,"href":"https:\/\/www.europesays.com\/lv\/wp-json\/wp\/v2\/comments?post=97324"}],"version-history":[{"count":0,"href":"https:\/\/www.europesays.com\/lv\/wp-json\/wp\/v2\/posts\/97324\/revisions"}],"wp:featuredmedia":[{"embeddable":true,"href":"https:\/\/www.europesays.com\/lv\/wp-json\/wp\/v2\/media\/97325"}],"wp:attachment":[{"href":"https:\/\/www.europesays.com\/lv\/wp-json\/wp\/v2\/media?parent=97324"}],"wp:term":[{"taxonomy":"category","embeddable":true,"href":"https:\/\/www.europesays.com\/lv\/wp-json\/wp\/v2\/categories?post=97324"},{"taxonomy":"post_tag","embeddable":true,"href":"https:\/\/www.europesays.com\/lv\/wp-json\/wp\/v2\/tags?post=97324"}],"curies":[{"name":"wp","href":"https:\/\/api.w.org\/{rel}","templated":true}]}}