{"id":97330,"date":"2026-01-07T14:29:07","date_gmt":"2026-01-07T14:29:07","guid":{"rendered":"https:\/\/www.europesays.com\/lv\/97330\/"},"modified":"2026-01-07T14:29:07","modified_gmt":"2026-01-07T14:29:07","slug":"jaunbuves-biblioteka-bus-skatama-riharda-misana-makrofotografiju-izstade","status":"publish","type":"post","link":"https:\/\/www.europesays.com\/lv\/97330\/","title":{"rendered":"Jaunb\u016bves bibliot\u0113k\u0101 b\u016bs skat\u0101ma Riharda Mis\u0101na makrofotogr\u0101fiju izst\u0101de"},"content":{"rendered":"<p>\t\t        \t<a href=\"https:\/\/www.daugavpils.lv\/assets\/upload\/news\/2026\/01\/jb2-001_max.jpg\" rel=\"nofollow noopener\" target=\"_blank\"><img decoding=\"async\" src=\"https:\/\/www.europesays.com\/lv\/wp-content\/uploads\/2026\/01\/jb2-001_sml.jpg\" class=\"news-image\" title=\"Jaunb\u016bves bibliot\u0113k\u0101 b\u016bs skat\u0101ma Riharda Mis\u0101na makrofotogr\u0101fiju izst\u0101de\" alt=\"Jaunb\u016bves bibliot\u0113k\u0101 b\u016bs skat\u0101ma Riharda Mis\u0101na makrofotogr\u0101fiju izst\u0101de\"\/><\/a><\/p>\n<p>Piektdien, 9. janv\u0101r\u012b, plkst. 13.00 Latgales Centr\u0101l\u0101s bibliot\u0113kas fili\u0101les Jaunb\u016bves bibliot\u0113kas izst\u0101\u017eu z\u0101l\u0113 tiks atkl\u0101ta Riharda Mis\u0101na makrofotogr\u0101fiju izst\u0101de \u201cPasaule, kuru m\u0113s nepaman\u0101m\u201d.<\/p>\n<p>&#13;<\/p>\n<p>M\u0101ksliniecisk\u0101s fotogr\u0101fijas \u017eanr\u0101 Rihards Mis\u0101ns darbojas jau vair\u0101kus gadus, un vi\u0146a darbus var raksturot k\u0101 autora iek\u0161\u0113jo saj\u016btu un dv\u0113seles impulsu atspogu\u013cojumu. Makrofotogr\u0101fiju s\u0113rij\u0101 autors aicina izst\u0101des apmekl\u0113t\u0101jus ieskat\u012bties slepenaj\u0101 pasaul\u0113, kas ikdien\u0101 paliek \u0101rpus cilv\u0113ku skatiena.<\/p>\n<p>&#13;<\/p>\n<p>Makrofotogr\u0101fija jeb tuvpl\u0101na fotogr\u0101fija ir fotogr\u0101fijas \u017eanrs, kas koncentr\u0113jas uz mazu objektu tver\u0161anu palielin\u0101t\u0101 m\u0113rog\u0101. Tas ir paciet\u012bbas, precizit\u0101tes un nekust\u012bguma p\u0101rbaud\u012bjums. Fotogr\u0101fij\u0101 ir svar\u012bgi notvert mirkli, nenodreb\u0113t un nezaud\u0113t fokusu, jo tie\u0161i sekundes da\u013c\u0101 dzimst vesela pasaule.<\/p>\n<p>&#13;<\/p>\n<p>\u201cMe\u017eos un laukos m\u0113\u0123in\u0101ju notvert objektus, kas ar neapbru\u0146otu aci ir teju neman\u0101mi: augu skaistumu, kukai\u0146u acu dzi\u013cumu un sp\u0101rnu smalkos rakstus. Izst\u0101de ir aicin\u0101jums apst\u0101ties un ieraudz\u012bt, ka pasaule mums apk\u0101rt ir daudz bag\u0101t\u0101ka, nek\u0101 esam pieradu\u0161i dom\u0101t,\u201d uzsver izst\u0101des autors.<\/p>\n<p>&#13;<\/p>\n<p>Riharda Mis\u0101na makrofotogr\u0101fiju izst\u0101de \u201cPasaule, kuru m\u0113s nepaman\u0101m\u201d Jaunb\u016bves bibliot\u0113k\u0101 (18. novembra iel\u0101 161) b\u016bs skat\u0101ma l\u012bdz 21. febru\u0101rim.<\/p>\n<p>&#13;<\/p>\n<p>Pas\u0101kuma laik\u0101 tiks film\u0113ts\/fotograf\u0113ts. Vair\u0101k inform\u0101cijas \u2013 <a class=\"pdf\" href=\"https:\/\/www.lcb.lv\/wp-content\/uploads\/2025\/11\/lcb_privatuma_pazinojums_norises.pdf\" rel=\"nofollow noopener\" target=\"_blank\">\u0161eit<\/a>.<\/p>\n<p>&#13;<\/p>\n<p>Inform\u0101ciju sagatavoja<br \/>Latgales Centr\u0101l\u0101 bibliot\u0113ka<br \/>T\u0101lr. 65438173<\/p>\n","protected":false},"excerpt":{"rendered":"Piektdien, 9. janv\u0101r\u012b, plkst. 13.00 Latgales Centr\u0101l\u0101s bibliot\u0113kas fili\u0101les Jaunb\u016bves bibliot\u0113kas izst\u0101\u017eu z\u0101l\u0113 tiks atkl\u0101ta Riharda Mis\u0101na makrofotogr\u0101fiju&hellip;\n","protected":false},"author":2,"featured_media":97331,"comment_status":"","ping_status":"","sticky":false,"template":"","format":"standard","meta":{"footnotes":""},"categories":[5],"tags":[23,28,29,32,33,22,30,31,35,39,38,36,37,34,40,20,26,27,24,25,21],"class_list":{"0":"post-97330","1":"post","2":"type-post","3":"status-publish","4":"format-standard","5":"has-post-thumbnail","7":"category-aktualitates","8":"tag-aktualitates","9":"tag-breaking-news","10":"tag-breakingnews","11":"tag-featured-news","12":"tag-featurednews","13":"tag-headlines","14":"tag-latest-news","15":"tag-latestnews","16":"tag-latvia","17":"tag-latvian","18":"tag-latviesu","19":"tag-latviesu-valoda","20":"tag-latviesuvaloda","21":"tag-latvija","22":"tag-lv","23":"tag-news","24":"tag-popularakas-zinas","25":"tag-popularakaszinas","26":"tag-top-stories","27":"tag-topstories","28":"tag-zinas"},"share_on_mastodon":{"url":"https:\/\/pubeurope.com\/@lv\/115854295995407909","error":""},"_links":{"self":[{"href":"https:\/\/www.europesays.com\/lv\/wp-json\/wp\/v2\/posts\/97330","targetHints":{"allow":["GET"]}}],"collection":[{"href":"https:\/\/www.europesays.com\/lv\/wp-json\/wp\/v2\/posts"}],"about":[{"href":"https:\/\/www.europesays.com\/lv\/wp-json\/wp\/v2\/types\/post"}],"author":[{"embeddable":true,"href":"https:\/\/www.europesays.com\/lv\/wp-json\/wp\/v2\/users\/2"}],"replies":[{"embeddable":true,"href":"https:\/\/www.europesays.com\/lv\/wp-json\/wp\/v2\/comments?post=97330"}],"version-history":[{"count":0,"href":"https:\/\/www.europesays.com\/lv\/wp-json\/wp\/v2\/posts\/97330\/revisions"}],"wp:featuredmedia":[{"embeddable":true,"href":"https:\/\/www.europesays.com\/lv\/wp-json\/wp\/v2\/media\/97331"}],"wp:attachment":[{"href":"https:\/\/www.europesays.com\/lv\/wp-json\/wp\/v2\/media?parent=97330"}],"wp:term":[{"taxonomy":"category","embeddable":true,"href":"https:\/\/www.europesays.com\/lv\/wp-json\/wp\/v2\/categories?post=97330"},{"taxonomy":"post_tag","embeddable":true,"href":"https:\/\/www.europesays.com\/lv\/wp-json\/wp\/v2\/tags?post=97330"}],"curies":[{"name":"wp","href":"https:\/\/api.w.org\/{rel}","templated":true}]}}