{"id":97383,"date":"2026-01-07T15:23:18","date_gmt":"2026-01-07T15:23:18","guid":{"rendered":"https:\/\/www.europesays.com\/lv\/97383\/"},"modified":"2026-01-07T15:23:18","modified_gmt":"2026-01-07T15:23:18","slug":"sieviete-avare-175-promilu-reibuma-ecall-sistema-zino-112-2","status":"publish","type":"post","link":"https:\/\/www.europesays.com\/lv\/97383\/","title":{"rendered":"Sieviete avar\u0113 1,75 promi\u013cu reibum\u0101, &#8220;eCall&#8221; sist\u0113ma zi\u0146o 112!"},"content":{"rendered":"<p>6. janv\u0101r\u012b ap pulksten 22.15 C\u0113su novad\u0101, Drabe\u0161u pagast\u0101, uz autoce\u013ca Umurga\u2013C\u0113sis\u2013L\u012bvi 43. kilometr\u0101 noticis ce\u013cu satiksmes negad\u012bjums, kur\u0101 iesaist\u012bta automa\u0161\u012bna &#8220;Ford&#8221;.<\/p>\n<p>Negad\u012bjuma laik\u0101 transportl\u012bdzekl\u012b aktiviz\u0113j\u0101s autom\u0101tisk\u0101 \u0101rk\u0101rtas pazi\u0146o\u0161anas sist\u0113ma, kas par av\u0101riju nos\u016bt\u012bja sign\u0101lu uz vienoto \u0101rk\u0101rtas pal\u012bdz\u012bbas t\u0101lru\u0146a numuru 112, inform\u0113jot operat\u012bvos dienestus. Ierodoties notikuma viet\u0101, <a href=\"https:\/\/www.tvnet.lv\/term\/555407\/valsts-policija\" class=\"topicLink\" target=\"_blank\" rel=\"nofollow noopener\">Valsts policija<\/a> konstat\u0113ja, ka automa\u0161\u012bnas vad\u012bt\u0101ja atrodas smag\u0101 alkohola reibum\u0101. Pirmaj\u0101 p\u016btien\u0101 sievietei pat neizdev\u0101s veikt alkohola koncentr\u0101cijas noteik\u0161anu, ta\u010du v\u0113l\u0101k p\u0101rbaud\u0113 konstat\u0113ts, ka alkohola koncentr\u0101cija izelp\u0101 sasniedza 1,75 promiles.<\/p>\n<p>Noskaidrots, ka 1976. gad\u0101 dzimusi sieviete, vadot transportl\u012bdzekli alkohola reibum\u0101, neizv\u0113l\u0113j\u0101s ce\u013ca un laikapst\u0101k\u013ciem atbilsto\u0161u brauk\u0161anas \u0101trumu, k\u0101 rezult\u0101t\u0101 nobrauca no ce\u013ca braucam\u0101s da\u013cas un boj\u0101ja met\u0101la ce\u013ca aizsargbarjeru.<\/p>\n<p>Par transportl\u012bdzek\u013ca vad\u012b\u0161anu alkohola reibum\u0101, kad alkohola koncentr\u0101cija p\u0101rsniedz 1,5 promiles, Valsts policij\u0101 uzs\u0101kts krimin\u0101lprocess. Savuk\u0101rt par ce\u013cu satiksmes negad\u012bjuma izrais\u012b\u0161anu uzs\u0101kts administrat\u012bvais process. Valsts policija atg\u0101dina, ka transportl\u012bdzek\u013ca vad\u012b\u0161ana alkohola reibum\u0101 b\u016btiski apdraud gan pa\u0161a vad\u012bt\u0101ja, gan citu satiksmes dal\u012bbnieku dz\u012bv\u012bbu un vesel\u012bbu, un aicina iedz\u012bvot\u0101jus b\u016bt atbild\u012bgiem, nepak\u013caujot riskam sevi un citus.<\/p>\n","protected":false},"excerpt":{"rendered":"6. janv\u0101r\u012b ap pulksten 22.15 C\u0113su novad\u0101, Drabe\u0161u pagast\u0101, uz autoce\u013ca Umurga\u2013C\u0113sis\u2013L\u012bvi 43. kilometr\u0101 noticis ce\u013cu satiksmes negad\u012bjums,&hellip;\n","protected":false},"author":2,"featured_media":97384,"comment_status":"","ping_status":"","sticky":false,"template":"","format":"standard","meta":{"footnotes":""},"categories":[5],"tags":[23,28,29,2936,5811,5810,32,33,22,30,31,35,39,38,36,37,34,40,20,26,27,24,25,138,21],"class_list":{"0":"post-97383","1":"post","2":"type-post","3":"status-publish","4":"format-standard","5":"has-post-thumbnail","7":"category-aktualitates","8":"tag-aktualitates","9":"tag-breaking-news","10":"tag-breakingnews","11":"tag-dzerajsoferi","12":"tag-dzerajsoferi-un-promiles","13":"tag-dzerajsoferis","14":"tag-featured-news","15":"tag-featurednews","16":"tag-headlines","17":"tag-latest-news","18":"tag-latestnews","19":"tag-latvia","20":"tag-latvian","21":"tag-latviesu","22":"tag-latviesu-valoda","23":"tag-latviesuvaloda","24":"tag-latvija","25":"tag-lv","26":"tag-news","27":"tag-popularakas-zinas","28":"tag-popularakaszinas","29":"tag-top-stories","30":"tag-topstories","31":"tag-valsts-policija","32":"tag-zinas"},"share_on_mastodon":{"url":"https:\/\/pubeurope.com\/@lv\/115854508333903503","error":""},"_links":{"self":[{"href":"https:\/\/www.europesays.com\/lv\/wp-json\/wp\/v2\/posts\/97383","targetHints":{"allow":["GET"]}}],"collection":[{"href":"https:\/\/www.europesays.com\/lv\/wp-json\/wp\/v2\/posts"}],"about":[{"href":"https:\/\/www.europesays.com\/lv\/wp-json\/wp\/v2\/types\/post"}],"author":[{"embeddable":true,"href":"https:\/\/www.europesays.com\/lv\/wp-json\/wp\/v2\/users\/2"}],"replies":[{"embeddable":true,"href":"https:\/\/www.europesays.com\/lv\/wp-json\/wp\/v2\/comments?post=97383"}],"version-history":[{"count":0,"href":"https:\/\/www.europesays.com\/lv\/wp-json\/wp\/v2\/posts\/97383\/revisions"}],"wp:featuredmedia":[{"embeddable":true,"href":"https:\/\/www.europesays.com\/lv\/wp-json\/wp\/v2\/media\/97384"}],"wp:attachment":[{"href":"https:\/\/www.europesays.com\/lv\/wp-json\/wp\/v2\/media?parent=97383"}],"wp:term":[{"taxonomy":"category","embeddable":true,"href":"https:\/\/www.europesays.com\/lv\/wp-json\/wp\/v2\/categories?post=97383"},{"taxonomy":"post_tag","embeddable":true,"href":"https:\/\/www.europesays.com\/lv\/wp-json\/wp\/v2\/tags?post=97383"}],"curies":[{"name":"wp","href":"https:\/\/api.w.org\/{rel}","templated":true}]}}