{"id":97411,"date":"2026-01-07T15:57:07","date_gmt":"2026-01-07T15:57:07","guid":{"rendered":"https:\/\/www.europesays.com\/lv\/97411\/"},"modified":"2026-01-07T15:57:07","modified_gmt":"2026-01-07T15:57:07","slug":"asv-valsts-departaments-publice-strategisku-vestijumu-krievu-valoda-lente-lv","status":"publish","type":"post","link":"https:\/\/www.europesays.com\/lv\/97411\/","title":{"rendered":"ASV Valsts departaments public\u0113 strat\u0113\u0123isku v\u0113st\u012bjumu krievu valod\u0101\u00a0\u2014\u00a0Lente.lv"},"content":{"rendered":"<p>Strat\u0113\u0123isks v\u0113st\u012bjums krievu valod\u0101<\/p>\n<p>ASV Valsts departamenta ofici\u0101lais konts krievu valod\u0101 nesen public\u0113jis pazi\u0146ojumu, kas tiek interpret\u0113ts k\u0101 sp\u0113c\u012bgs sign\u0101ls un br\u012bdin\u0101jums Krievijas prezidentam Vladimiram Putinam. K\u0101 inform\u0113 port\u0101ls jauns.lv, \u0161is v\u0113st\u012bjums izplat\u012bts, izmantojot att\u0113lu, kur\u0101 redzams ASV prezidents Donalds Tramps kop\u0101 ar valsts sekret\u0101ru Marko Rubio un Centr\u0101l\u0101s izl\u016bko\u0161anas p\u0101rvaldes (CIP) direktoru D\u017eonu Retklifu. Uz att\u0113la lieliem burtiem krievu valod\u0101 rakst\u012bts: \u201cNesp\u0113l\u0113jiet sp\u0113l\u012btes ar prezidentu Trampu.\u201d Zem att\u0113la pievienotais paraksts v\u0113sta: \u201cPrezidents Tramps ir cilv\u0113ks, kas r\u012bkojas. Nezin\u0101j\u0101t? Tagad zin\u0101t.\u201d<\/p>\n<p>Pla\u0161a politisk\u0101 noz\u012bme<\/p>\n<p>\u0160\u0101ds v\u0113st\u012bjums nav v\u0113rojams pirmo reizi, jo l\u012bdz\u012bga satura pazi\u0146ojums tika izplat\u012bts ar\u012b Ir\u0101nas virzien\u0101, izmantojot farsu valodu. Tas tiek uzskat\u012bts par diplom\u0101tisku br\u012bdin\u0101jumu Teher\u0101nas re\u017e\u012bmam, ka p\u0113c notikumiem Venecu\u0113l\u0101, vi\u0146i var\u0113tu b\u016bt n\u0101kamie, kas saskarsies ar politisk\u0101m sek\u0101m. Valsts departaments iepriek\u0161 ar\u012b publiski pazi\u0146oja par Rietumu puslodes statusu k\u0101 ASV ekskluz\u012bvo intere\u0161u zonu, uzsverot, ka prezidents Tramps nepie\u013caus draudus ASV dro\u0161\u012bbai.<\/p>\n<p>Krievijas reakcija un turpm\u0101kie notikumi<\/p>\n<p>Krievija uz \u0161o v\u0113st\u012bjumu rea\u0123\u0113jusi, skaidrojot savu poz\u012bciju un apgalvojot, ka godpr\u0101t\u012bgi pilda visas iepriek\u0161\u0113j\u0101s vieno\u0161an\u0101s, kas nosl\u0113gtas starp Trampu un Putinu. T\u0101pat Krievijas puse izteikusi s\u016bdz\u012bbas par nesenajiem Ukrainas uzbrukumiem Putina rezidencei, ko, p\u0113c vi\u0146u dom\u0101m, ASV specdienestiem vajadz\u0113ja zin\u0101t. \u0160ie notikumi notiek laik\u0101, kad Krievijas Aizsardz\u012bbas ministrija zi\u0146o par ilgsto\u0161iem uzbrukumiem Putina rezidencei, ko t\u0101 saista ar Ukrainu. \u0100rlietu ministrs Lavrovs ir pazi\u0146ojis, ka Krievijas atrieb\u012bbas m\u0113r\u0137i jau ir noteikti.<\/p>\n","protected":false},"excerpt":{"rendered":"Strat\u0113\u0123isks v\u0113st\u012bjums krievu valod\u0101 ASV Valsts departamenta ofici\u0101lais konts krievu valod\u0101 nesen public\u0113jis pazi\u0146ojumu, kas tiek interpret\u0113ts k\u0101&hellip;\n","protected":false},"author":2,"featured_media":97412,"comment_status":"","ping_status":"","sticky":false,"template":"","format":"standard","meta":{"footnotes":""},"categories":[14],"tags":[23,57,24042,28,29,3464,542,32,33,22,234,30,31,35,39,38,36,37,34,40,20,26,27,24,25,235,54,55,56,21,58],"class_list":{"0":"post-97411","1":"post","2":"type-post","3":"status-publish","4":"format-standard","5":"has-post-thumbnail","7":"category-zinas-no-arvalstim","8":"tag-aktualitates","9":"tag-arvalstim","10":"tag-asv-valsts-departaments","11":"tag-breaking-news","12":"tag-breakingnews","13":"tag-diplomatija","14":"tag-donalds-tramps","15":"tag-featured-news","16":"tag-featurednews","17":"tag-headlines","18":"tag-krievija","19":"tag-latest-news","20":"tag-latestnews","21":"tag-latvia","22":"tag-latvian","23":"tag-latviesu","24":"tag-latviesu-valoda","25":"tag-latviesuvaloda","26":"tag-latvija","27":"tag-lv","28":"tag-news","29":"tag-popularakas-zinas","30":"tag-popularakaszinas","31":"tag-top-stories","32":"tag-topstories","33":"tag-vladimirs-putins","34":"tag-world","35":"tag-world-news","36":"tag-worldnews","37":"tag-zinas","38":"tag-zinas-no-arvalstim"},"share_on_mastodon":{"url":"https:\/\/pubeurope.com\/@lv\/115854641974746431","error":""},"_links":{"self":[{"href":"https:\/\/www.europesays.com\/lv\/wp-json\/wp\/v2\/posts\/97411","targetHints":{"allow":["GET"]}}],"collection":[{"href":"https:\/\/www.europesays.com\/lv\/wp-json\/wp\/v2\/posts"}],"about":[{"href":"https:\/\/www.europesays.com\/lv\/wp-json\/wp\/v2\/types\/post"}],"author":[{"embeddable":true,"href":"https:\/\/www.europesays.com\/lv\/wp-json\/wp\/v2\/users\/2"}],"replies":[{"embeddable":true,"href":"https:\/\/www.europesays.com\/lv\/wp-json\/wp\/v2\/comments?post=97411"}],"version-history":[{"count":0,"href":"https:\/\/www.europesays.com\/lv\/wp-json\/wp\/v2\/posts\/97411\/revisions"}],"wp:featuredmedia":[{"embeddable":true,"href":"https:\/\/www.europesays.com\/lv\/wp-json\/wp\/v2\/media\/97412"}],"wp:attachment":[{"href":"https:\/\/www.europesays.com\/lv\/wp-json\/wp\/v2\/media?parent=97411"}],"wp:term":[{"taxonomy":"category","embeddable":true,"href":"https:\/\/www.europesays.com\/lv\/wp-json\/wp\/v2\/categories?post=97411"},{"taxonomy":"post_tag","embeddable":true,"href":"https:\/\/www.europesays.com\/lv\/wp-json\/wp\/v2\/tags?post=97411"}],"curies":[{"name":"wp","href":"https:\/\/api.w.org\/{rel}","templated":true}]}}