{"id":97420,"date":"2026-01-07T16:04:10","date_gmt":"2026-01-07T16:04:10","guid":{"rendered":"https:\/\/www.europesays.com\/lv\/97420\/"},"modified":"2026-01-07T16:04:10","modified_gmt":"2026-01-07T16:04:10","slug":"zinams-kas-iegadajies-dabas-aizsardzibas-parvaldes-izsolitos-lacus","status":"publish","type":"post","link":"https:\/\/www.europesays.com\/lv\/97420\/","title":{"rendered":"Zin\u0101ms, kas ieg\u0101d\u0101jies Dabas aizsardz\u012bbas p\u0101rvaldes izsol\u012btos l\u0101\u010dus"},"content":{"rendered":"<p>K\u0101 a\u0123ent\u016bru LETA inform\u0113ja DAP Dabas aizsardz\u012bbas departamenta direktore Gita Strode, izsolei bija pieteiku\u0161ies tr\u012bs pretendenti. L\u0101\u010du s\u0101kumcena izsol\u0113 bija noteikta 1710 eiro.<\/p>\n<p>K\u0101 skaidroja Strode, gala l\u0113mumu v\u0113l pie\u0146ems izsoles komisija, kura p\u0101rliecin\u0101sies par izsoles uzvar\u0113t\u0101ja atbilst\u012bbu izsoles krit\u0113rijiem, proti, par sp\u0113ju nodro\u0161in\u0101t l\u0101\u010diem pras\u012btos dz\u012bves apst\u0101k\u013cus.<\/p>\n<p>K\u0101 st\u0101st\u012bja Strode, abi <a href=\"https:\/\/www.tvnet.lv\/term\/555527\/laci\" class=\"topicLink\" target=\"_blank\" rel=\"nofollow noopener\">l\u0101\u010di<\/a> &#8211; m\u0101t\u012bte un t\u0113vi\u0146\u0161 &#8211; \u0161aj\u0101 zood\u0101rz\u0101 non\u0101ca pirms vair\u0101kiem gadiem, kad tie v\u0113l mazi tika atrasti pamesti net\u0101lu no zood\u0101rza &#8220;Raptors Park&#8221;. R\u016bpes par tiem uz\u0146\u0113m\u0101s Kala\u010dovs. Par notiku\u0161o s\u0101kotn\u0113ji tika ierosin\u0101ts krimin\u0101lprocess, kas v\u0113l\u0101k tika izbeigts.<\/p>\n<p>L\u0101\u010di non\u0101ca valsts \u012bpa\u0161um\u0101, lai ar\u012b abu dz\u012bvnieku apr\u016bpi visu \u0161o laiku nodro\u0161in\u0101ja &#8220;Raptors Park&#8221;. DAP r\u012bkoja l\u0101\u010du izsoli, lai atrastu saimniekus abiem dz\u012bvniekiem.<\/p>\n<p>K\u0101 liecina &#8220;Raptors Park&#8221; \u012bpa\u0161nieku ieraksts &#8220;Facebook&#8221;, abi l\u0101\u010di ieg\u0101d\u0101ti par sabiedr\u012bbas saziedotajiem l\u012bdzek\u013ciem. Iepriek\u0161 Kala\u010dovs bija paudis neapmierin\u0101t\u012bbu, ka DAP nol\u0113musi l\u0101\u010dus izsol\u012bt, lai ar\u012b vi\u0146a vad\u012bt\u0101 iest\u0101de dz\u012bvniekus gadiem uztur\u0113jusi.<\/p>\n","protected":false},"excerpt":{"rendered":"K\u0101 a\u0123ent\u016bru LETA inform\u0113ja DAP Dabas aizsardz\u012bbas departamenta direktore Gita Strode, izsolei bija pieteiku\u0161ies tr\u012bs pretendenti. L\u0101\u010du s\u0101kumcena&hellip;\n","protected":false},"author":2,"featured_media":97421,"comment_status":"","ping_status":"","sticky":false,"template":"","format":"standard","meta":{"footnotes":""},"categories":[12],"tags":[23,28,29,11098,5807,32,33,22,11837,30,31,35,39,38,36,37,34,40,20,26,27,20407,24,25,21],"class_list":{"0":"post-97420","1":"post","2":"type-post","3":"status-publish","4":"format-standard","5":"has-post-thumbnail","7":"category-latvija","8":"tag-aktualitates","9":"tag-breaking-news","10":"tag-breakingnews","11":"tag-dabas-aizsardzibas-parvalde","12":"tag-dzivnieki","13":"tag-featured-news","14":"tag-featurednews","15":"tag-headlines","16":"tag-laci","17":"tag-latest-news","18":"tag-latestnews","19":"tag-latvia","20":"tag-latvian","21":"tag-latviesu","22":"tag-latviesu-valoda","23":"tag-latviesuvaloda","24":"tag-latvija","25":"tag-lv","26":"tag-news","27":"tag-popularakas-zinas","28":"tag-popularakaszinas","29":"tag-savvalas-dzivnieki","30":"tag-top-stories","31":"tag-topstories","32":"tag-zinas"},"share_on_mastodon":{"url":"https:\/\/pubeurope.com\/@lv\/115854669438898084","error":""},"_links":{"self":[{"href":"https:\/\/www.europesays.com\/lv\/wp-json\/wp\/v2\/posts\/97420","targetHints":{"allow":["GET"]}}],"collection":[{"href":"https:\/\/www.europesays.com\/lv\/wp-json\/wp\/v2\/posts"}],"about":[{"href":"https:\/\/www.europesays.com\/lv\/wp-json\/wp\/v2\/types\/post"}],"author":[{"embeddable":true,"href":"https:\/\/www.europesays.com\/lv\/wp-json\/wp\/v2\/users\/2"}],"replies":[{"embeddable":true,"href":"https:\/\/www.europesays.com\/lv\/wp-json\/wp\/v2\/comments?post=97420"}],"version-history":[{"count":0,"href":"https:\/\/www.europesays.com\/lv\/wp-json\/wp\/v2\/posts\/97420\/revisions"}],"wp:featuredmedia":[{"embeddable":true,"href":"https:\/\/www.europesays.com\/lv\/wp-json\/wp\/v2\/media\/97421"}],"wp:attachment":[{"href":"https:\/\/www.europesays.com\/lv\/wp-json\/wp\/v2\/media?parent=97420"}],"wp:term":[{"taxonomy":"category","embeddable":true,"href":"https:\/\/www.europesays.com\/lv\/wp-json\/wp\/v2\/categories?post=97420"},{"taxonomy":"post_tag","embeddable":true,"href":"https:\/\/www.europesays.com\/lv\/wp-json\/wp\/v2\/tags?post=97420"}],"curies":[{"name":"wp","href":"https:\/\/api.w.org\/{rel}","templated":true}]}}