{"id":97424,"date":"2026-01-07T16:10:10","date_gmt":"2026-01-07T16:10:10","guid":{"rendered":"https:\/\/www.europesays.com\/lv\/97424\/"},"modified":"2026-01-07T16:10:10","modified_gmt":"2026-01-07T16:10:10","slug":"mes-saucam-policiju-rakstijam-iesniegumus-bauskas-ielas-spradziena-cietusi-julija-stasta-ka-iestades-ignoreja-bridinajumus","status":"publish","type":"post","link":"https:\/\/www.europesays.com\/lv\/97424\/","title":{"rendered":"&#8220;M\u0113s sauc\u0101m policiju, rakst\u012bj\u0101m iesniegumus&#8221; \u2013 Bauskas ielas spr\u0101dzien\u0101 cietus\u012b J\u016blija st\u0101sta, k\u0101 iest\u0101des ignor\u0113ja br\u012bdin\u0101jumus"},"content":{"rendered":"<p>Bauskas ielas 15. nama g\u0101zes spr\u0101dzien\u0101 cietus\u012b J\u016blija Kapustinska saka, ka par pa\u0161vald\u012bbas dz\u012bvok\u013ca \u012brnieku, kur\u0161, visticam\u0101k, vainojams eksplozij\u0101, pa\u0161vald\u012bb\u0101 s\u016bdz\u0113jusies vair\u0101kk\u0101rt, p\u0113d\u0113jo reizi vasar\u0101, kad vi\u0146\u0161 appl\u016bdin\u0101jis vi\u0146as dz\u012bvokli. Ar\u012b pusstundu pirms spr\u0101dziena vi\u0146a run\u0101ja ar piedz\u0113ru\u0161os kaimi\u0146u un pavad\u012bja &#8220;Gaso&#8221; darbiniekus l\u012bdz vi\u0146a durv\u012bm. St\u0101v\u0113ja tur da\u017eas min\u016btes pirms spr\u0101dziena un izgl\u0101b\u0101s, pateicoties apst\u0101k\u013cu sakrit\u012bbai, \u2013 otro reizi sav\u0101 dz\u012bv\u0113.<\/p>\n","protected":false},"excerpt":{"rendered":"Bauskas ielas 15. nama g\u0101zes spr\u0101dzien\u0101 cietus\u012b J\u016blija Kapustinska saka, ka par pa\u0161vald\u012bbas dz\u012bvok\u013ca \u012brnieku, kur\u0161, visticam\u0101k, vainojams&hellip;\n","protected":false},"author":2,"featured_media":97425,"comment_status":"","ping_status":"","sticky":false,"template":"","format":"standard","meta":{"footnotes":""},"categories":[12],"tags":[23,2849,28,29,32,33,5666,23521,22,30,31,35,39,38,36,37,34,40,20,26,27,172,687,3200,24,25,164,138,21],"class_list":{"0":"post-97424","1":"post","2":"type-post","3":"status-publish","4":"format-standard","5":"has-post-thumbnail","7":"category-latvija","8":"tag-aktualitates","9":"tag-avarija","10":"tag-breaking-news","11":"tag-breakingnews","12":"tag-featured-news","13":"tag-featurednews","14":"tag-gaso","15":"tag-gazes-spradziens-tornakalna","16":"tag-headlines","17":"tag-latest-news","18":"tag-latestnews","19":"tag-latvia","20":"tag-latvian","21":"tag-latviesu","22":"tag-latviesu-valoda","23":"tag-latviesuvaloda","24":"tag-latvija","25":"tag-lv","26":"tag-news","27":"tag-popularakas-zinas","28":"tag-popularakaszinas","29":"tag-riga","30":"tag-rigas-dome","31":"tag-sociala-palidziba","32":"tag-top-stories","33":"tag-topstories","34":"tag-tvnet-latvija","35":"tag-valsts-policija","36":"tag-zinas"},"share_on_mastodon":{"url":"","error":"Validation failed: Text character limit of 500 exceeded"},"_links":{"self":[{"href":"https:\/\/www.europesays.com\/lv\/wp-json\/wp\/v2\/posts\/97424","targetHints":{"allow":["GET"]}}],"collection":[{"href":"https:\/\/www.europesays.com\/lv\/wp-json\/wp\/v2\/posts"}],"about":[{"href":"https:\/\/www.europesays.com\/lv\/wp-json\/wp\/v2\/types\/post"}],"author":[{"embeddable":true,"href":"https:\/\/www.europesays.com\/lv\/wp-json\/wp\/v2\/users\/2"}],"replies":[{"embeddable":true,"href":"https:\/\/www.europesays.com\/lv\/wp-json\/wp\/v2\/comments?post=97424"}],"version-history":[{"count":0,"href":"https:\/\/www.europesays.com\/lv\/wp-json\/wp\/v2\/posts\/97424\/revisions"}],"wp:featuredmedia":[{"embeddable":true,"href":"https:\/\/www.europesays.com\/lv\/wp-json\/wp\/v2\/media\/97425"}],"wp:attachment":[{"href":"https:\/\/www.europesays.com\/lv\/wp-json\/wp\/v2\/media?parent=97424"}],"wp:term":[{"taxonomy":"category","embeddable":true,"href":"https:\/\/www.europesays.com\/lv\/wp-json\/wp\/v2\/categories?post=97424"},{"taxonomy":"post_tag","embeddable":true,"href":"https:\/\/www.europesays.com\/lv\/wp-json\/wp\/v2\/tags?post=97424"}],"curies":[{"name":"wp","href":"https:\/\/api.w.org\/{rel}","templated":true}]}}