{"id":97428,"date":"2026-01-07T16:16:22","date_gmt":"2026-01-07T16:16:22","guid":{"rendered":"https:\/\/www.europesays.com\/lv\/97428\/"},"modified":"2026-01-07T16:16:22","modified_gmt":"2026-01-07T16:16:22","slug":"medibu-laika-aknistes-pagasta-vilki-saplosijusi-dzinejsuni-karu","status":"publish","type":"post","link":"https:\/\/www.europesays.com\/lv\/97428\/","title":{"rendered":"Med\u012bbu laik\u0101 Akn\u012bstes pagast\u0101 vilki saplos\u012bju\u0161i dzin\u0113jsuni K\u0101ru"},"content":{"rendered":"<p>Piecu vilku baru, kas siro pa konkr\u0113to teritoriju, mednieki bija paman\u012bju\u0161i jau iepriek\u0161 \u2013 decembra beig\u0101s. Un lai gan uz to br\u012bdi Latvij\u0101 v\u0113l bija paliku\u0161as 10 nomed\u012bjamo vilku kvotas,\u00a0Valsts me\u017ea dienests (VMD) vi\u0146iem at\u013caujas nepie\u0161\u0137\u012bra, jo\u00a0Akn\u012bste ietilpst med\u012bbu vien\u012bb\u0101, kur limits tobr\u012bd bija jau izsmelts. Mednieki ir p\u0101rliecin\u0101ti, ka konkr\u0113tie vilki vainojami ar\u012b K\u0101ras n\u0101v\u0113. Bet Aivars uzskata, ka vilku med\u012bbu kvotas Latvij\u0101 b\u016btu j\u0101palielina, jo, vi\u0146apr\u0101t, tie konkr\u0113t\u0101s viet\u0101s var rad\u012bt apdraud\u0113jumu ar\u012b s\u0113\u0146ot\u0101jiem.<\/p>\n","protected":false},"excerpt":{"rendered":"Piecu vilku baru, kas siro pa konkr\u0113to teritoriju, mednieki bija paman\u012bju\u0161i jau iepriek\u0161 \u2013 decembra beig\u0101s. Un lai&hellip;\n","protected":false},"author":2,"featured_media":97429,"comment_status":"","ping_status":"","sticky":false,"template":"","format":"standard","meta":{"footnotes":""},"categories":[12],"tags":[23,28,29,32,33,22,30,31,35,39,38,36,37,34,40,20,26,27,24,25,21],"class_list":{"0":"post-97428","1":"post","2":"type-post","3":"status-publish","4":"format-standard","5":"has-post-thumbnail","7":"category-latvija","8":"tag-aktualitates","9":"tag-breaking-news","10":"tag-breakingnews","11":"tag-featured-news","12":"tag-featurednews","13":"tag-headlines","14":"tag-latest-news","15":"tag-latestnews","16":"tag-latvia","17":"tag-latvian","18":"tag-latviesu","19":"tag-latviesu-valoda","20":"tag-latviesuvaloda","21":"tag-latvija","22":"tag-lv","23":"tag-news","24":"tag-popularakas-zinas","25":"tag-popularakaszinas","26":"tag-top-stories","27":"tag-topstories","28":"tag-zinas"},"share_on_mastodon":{"url":"https:\/\/pubeurope.com\/@lv\/115854716626780313","error":""},"_links":{"self":[{"href":"https:\/\/www.europesays.com\/lv\/wp-json\/wp\/v2\/posts\/97428","targetHints":{"allow":["GET"]}}],"collection":[{"href":"https:\/\/www.europesays.com\/lv\/wp-json\/wp\/v2\/posts"}],"about":[{"href":"https:\/\/www.europesays.com\/lv\/wp-json\/wp\/v2\/types\/post"}],"author":[{"embeddable":true,"href":"https:\/\/www.europesays.com\/lv\/wp-json\/wp\/v2\/users\/2"}],"replies":[{"embeddable":true,"href":"https:\/\/www.europesays.com\/lv\/wp-json\/wp\/v2\/comments?post=97428"}],"version-history":[{"count":0,"href":"https:\/\/www.europesays.com\/lv\/wp-json\/wp\/v2\/posts\/97428\/revisions"}],"wp:featuredmedia":[{"embeddable":true,"href":"https:\/\/www.europesays.com\/lv\/wp-json\/wp\/v2\/media\/97429"}],"wp:attachment":[{"href":"https:\/\/www.europesays.com\/lv\/wp-json\/wp\/v2\/media?parent=97428"}],"wp:term":[{"taxonomy":"category","embeddable":true,"href":"https:\/\/www.europesays.com\/lv\/wp-json\/wp\/v2\/categories?post=97428"},{"taxonomy":"post_tag","embeddable":true,"href":"https:\/\/www.europesays.com\/lv\/wp-json\/wp\/v2\/tags?post=97428"}],"curies":[{"name":"wp","href":"https:\/\/api.w.org\/{rel}","templated":true}]}}