{"id":97436,"date":"2026-01-07T16:27:07","date_gmt":"2026-01-07T16:27:07","guid":{"rendered":"https:\/\/www.europesays.com\/lv\/97436\/"},"modified":"2026-01-07T16:27:07","modified_gmt":"2026-01-07T16:27:07","slug":"asv-operacija-venecuela-raisijusi-divejadas-sajutas-kijiva","status":"publish","type":"post","link":"https:\/\/www.europesays.com\/lv\/97436\/","title":{"rendered":"ASV oper\u0101cija Venecu\u0113l\u0101 rais\u012bjusi div\u0113j\u0101das saj\u016btas Kijiv\u0101"},"content":{"rendered":"<p>&#8220;Maduro re\u017e\u012bms pal\u012bdz\u0113ja Putinam. Tagad Putins ir zaud\u0113jis savu sabiedroto &#8211; tas ir pluss mums,&#8221; &#8220;Politico&#8221; sac\u012bja Mere\u017eko.<\/p>\n<blockquote class=\"quote ck-widget\" contenteditable=\"false\">\n<p>&#8220;\u0160\u012b situ\u0101cija var\u0113tu novest pie Krievijas v\u0101jin\u0101\u0161an\u0101s starptautiskaj\u0101 ar\u0113n\u0101, naftas cenu krituma un, attiec\u012bgi, ie\u0146\u0113mumu samazin\u0101\u0161an\u0101s Krievijas milit\u0101rajam apar\u0101tam,&#8221; piebilda Mere\u017eko, nor\u0101dot, ka Venecu\u0113las att\u012bst\u012bba demokr\u0101tisk\u0101 virzien\u0101 nestu labumu Ukrainai.<\/p>\n<\/blockquote>\n<p>Ukrainas prezidents Volodimirs Zelenskis liel\u0101koties ir izvair\u012bjies no koment\u0101riem par notikumiem Venecu\u0113l\u0101. Ukraina nav atzinusi Maduro re\u017e\u012bmu par le\u0123it\u012bmu, turkl\u0101t Zelenskis ir \u0101rk\u0101rt\u012bgi attur\u012bgs no koment\u0101riem par Trampa darb\u012bb\u0101m, pamato izdevums. Ukrainas \u0100rlietu ministrija pauda cer\u012bbu par &#8220;turpm\u0101ku situ\u0101cijas att\u012bst\u012bbu saska\u0146\u0101 ar starptautisko ties\u012bbu principiem, prioritiz\u0113jot demokr\u0101tiju, cilv\u0113kties\u012bbas un Venecu\u0113las iedz\u012bvot\u0101ju intereses&#8221;.<\/p>\n<p>Ta\u010du Zelenskis tom\u0113r izteicies Putina virzien\u0101, kur\u0161, k\u0101 nor\u0101da &#8220;Politico&#8221; t\u0101pat k\u0101 Maduro turas pie varas, neiev\u0113rojot demokr\u0101tijas principus.<\/p>\n<p>&#8220;Ko es varu teikt? Ja t\u0101 var r\u012bkoties ar diktatoriem&#8230; ASV zina, ko dar\u012bt t\u0101l\u0101k,&#8221; Zelenskis ar humoru koment\u0113jis notikumus Venecu\u0113l\u0101 sestdien preses konferenc\u0113 Kijiv\u0101.<\/p>\n","protected":false},"excerpt":{"rendered":"&#8220;Maduro re\u017e\u012bms pal\u012bdz\u0113ja Putinam. Tagad Putins ir zaud\u0113jis savu sabiedroto &#8211; tas ir pluss mums,&#8221; &#8220;Politico&#8221; sac\u012bja Mere\u017eko.&hellip;\n","protected":false},"author":2,"featured_media":97437,"comment_status":"","ping_status":"","sticky":false,"template":"","format":"standard","meta":{"footnotes":""},"categories":[14],"tags":[23,57,28,29,32,33,22,234,74,30,31,35,39,38,36,37,34,40,20,26,27,24,25,358,54,55,56,21,58],"class_list":{"0":"post-97436","1":"post","2":"type-post","3":"status-publish","4":"format-standard","5":"has-post-thumbnail","7":"category-zinas-no-arvalstim","8":"tag-aktualitates","9":"tag-arvalstim","10":"tag-breaking-news","11":"tag-breakingnews","12":"tag-featured-news","13":"tag-featurednews","14":"tag-headlines","15":"tag-krievija","16":"tag-krievijas-iebrukums-ukraina","17":"tag-latest-news","18":"tag-latestnews","19":"tag-latvia","20":"tag-latvian","21":"tag-latviesu","22":"tag-latviesu-valoda","23":"tag-latviesuvaloda","24":"tag-latvija","25":"tag-lv","26":"tag-news","27":"tag-popularakas-zinas","28":"tag-popularakaszinas","29":"tag-top-stories","30":"tag-topstories","31":"tag-venecuela","32":"tag-world","33":"tag-world-news","34":"tag-worldnews","35":"tag-zinas","36":"tag-zinas-no-arvalstim"},"share_on_mastodon":{"url":"https:\/\/pubeurope.com\/@lv\/115854759919604473","error":""},"_links":{"self":[{"href":"https:\/\/www.europesays.com\/lv\/wp-json\/wp\/v2\/posts\/97436","targetHints":{"allow":["GET"]}}],"collection":[{"href":"https:\/\/www.europesays.com\/lv\/wp-json\/wp\/v2\/posts"}],"about":[{"href":"https:\/\/www.europesays.com\/lv\/wp-json\/wp\/v2\/types\/post"}],"author":[{"embeddable":true,"href":"https:\/\/www.europesays.com\/lv\/wp-json\/wp\/v2\/users\/2"}],"replies":[{"embeddable":true,"href":"https:\/\/www.europesays.com\/lv\/wp-json\/wp\/v2\/comments?post=97436"}],"version-history":[{"count":0,"href":"https:\/\/www.europesays.com\/lv\/wp-json\/wp\/v2\/posts\/97436\/revisions"}],"wp:featuredmedia":[{"embeddable":true,"href":"https:\/\/www.europesays.com\/lv\/wp-json\/wp\/v2\/media\/97437"}],"wp:attachment":[{"href":"https:\/\/www.europesays.com\/lv\/wp-json\/wp\/v2\/media?parent=97436"}],"wp:term":[{"taxonomy":"category","embeddable":true,"href":"https:\/\/www.europesays.com\/lv\/wp-json\/wp\/v2\/categories?post=97436"},{"taxonomy":"post_tag","embeddable":true,"href":"https:\/\/www.europesays.com\/lv\/wp-json\/wp\/v2\/tags?post=97436"}],"curies":[{"name":"wp","href":"https:\/\/api.w.org\/{rel}","templated":true}]}}