{"id":97444,"date":"2026-01-07T16:33:06","date_gmt":"2026-01-07T16:33:06","guid":{"rendered":"https:\/\/www.europesays.com\/lv\/97444\/"},"modified":"2026-01-07T16:33:06","modified_gmt":"2026-01-07T16:33:06","slug":"kazahstanas-restorana-administratore-atlaista-par-atteikumu-runat-kazahu-valoda","status":"publish","type":"post","link":"https:\/\/www.europesays.com\/lv\/97444\/","title":{"rendered":"Kazahst\u0101nas restor\u0101na administratore atlaista par atteikumu run\u0101t kazahu valod\u0101"},"content":{"rendered":"<p class=\"descr\">Restor\u0101n\u0101 &#8220;Gusto&#8221;, kas atrodas Kazahst\u0101nas pils\u0113t\u0101 Almati, administratore ir atteikusies run\u0101t ar klientiem valsts valod\u0101, kas izrais\u012bjis valsts m\u0113roga diskusiju v\u0113tru, raksta &#8220;Radio Azattyq&#8221; sav\u0101 &#8220;Facebook&#8221; kont\u0101.<\/p>\n<p>&#8220;Esmu dzimusi PSRS. Man nevajadz\u0113tu run\u0101t j\u016bsu valod\u0101,&#8221; t\u0101 Almati restor\u0101na administratore atbild\u0113ja klientam, kur\u0161 piepras\u012bja apkalpo\u0161anu kazahu valod\u0101.<\/p>\n<p><a href=\"https:\/\/nra.lv\/pasaule\/509303-34-gadi-brivibas-kazahstanas-svetki.htm\" data-item-link=\"true\" data-item-id=\"509303\" rel=\"nofollow noopener\" target=\"_blank\">Vis\u0101 Kazahst\u0101na<\/a> \u0161is notikums izrais\u012bja skand\u0101lu. Kazahi s\u0101ka masveid\u0101 neiet uz konkr\u0113to restor\u0101nu, raksta sliktas atsauksmes, kas grauj iest\u0101des reitingu, un aicina cilv\u0113kus restor\u0101nu neapmekl\u0113t. Kazahi ar\u012b pieprasa atvaino\u0161anos no iest\u0101des un darbinieces.<\/p>\n<p>Restor\u0101ns p\u0113c skand\u0101la nol\u0113ma atlaist administratori no darba, ta\u010du ar to viss nebeidz\u0101s.<\/p>\n<p>C\u012b\u0146\u0101 iesaist\u012bj\u0101s pat slavens Almati jurists, kur\u0161 apgalvo, ka \u0161\u012b administratore ir p\u0101rk\u0101pusi ne tikai viena klienta ties\u012bbas, bet visas tautas ties\u012bbas. Lai gan advok\u0101ts policij\u0101 iesniedzis pras\u012bbu, tom\u0113r dr\u012bzum\u0101 n\u0101ca klaj\u0101 ar pazi\u0146ojumu, kas visu izdevies nok\u0101rtot mier\u012bg\u0101 ce\u013c\u0101, jo Je\u013cena (bijus\u012b restor\u0101na administratore) publiski atvainoj\u0101s par savu r\u012bc\u012bbu.<\/p>\n<p>\t\t\t\t\t\tinfo<\/p>\n<p>Uzzini pirmais<br \/>kas interesants noticis Latvij\u0101 un pasaul\u0113,<br \/>pievienojoties mums <a href=\"https:\/\/t.me\/neatkariga\" rel=\"nofollow\">Telegram<\/a> vai <a href=\"https:\/\/whatsapp.com\/channel\/0029VaMLFUH5K3zLU5s4wm3y\" rel=\"nofollow noopener\" target=\"_blank\">Whatsapp<\/a> kan\u0101l\u0101<\/p>\n","protected":false},"excerpt":{"rendered":"Restor\u0101n\u0101 &#8220;Gusto&#8221;, kas atrodas Kazahst\u0101nas pils\u0113t\u0101 Almati, administratore ir atteikusies run\u0101t ar klientiem valsts valod\u0101, kas izrais\u012bjis valsts&hellip;\n","protected":false},"author":2,"featured_media":97445,"comment_status":"","ping_status":"","sticky":false,"template":"","format":"standard","meta":{"footnotes":""},"categories":[14],"tags":[23,57,28,29,32,33,22,30,31,35,39,38,36,37,34,40,20,26,27,24,25,54,55,56,21,58],"class_list":{"0":"post-97444","1":"post","2":"type-post","3":"status-publish","4":"format-standard","5":"has-post-thumbnail","7":"category-zinas-no-arvalstim","8":"tag-aktualitates","9":"tag-arvalstim","10":"tag-breaking-news","11":"tag-breakingnews","12":"tag-featured-news","13":"tag-featurednews","14":"tag-headlines","15":"tag-latest-news","16":"tag-latestnews","17":"tag-latvia","18":"tag-latvian","19":"tag-latviesu","20":"tag-latviesu-valoda","21":"tag-latviesuvaloda","22":"tag-latvija","23":"tag-lv","24":"tag-news","25":"tag-popularakas-zinas","26":"tag-popularakaszinas","27":"tag-top-stories","28":"tag-topstories","29":"tag-world","30":"tag-world-news","31":"tag-worldnews","32":"tag-zinas","33":"tag-zinas-no-arvalstim"},"share_on_mastodon":{"url":"https:\/\/pubeurope.com\/@lv\/115854783441596192","error":""},"_links":{"self":[{"href":"https:\/\/www.europesays.com\/lv\/wp-json\/wp\/v2\/posts\/97444","targetHints":{"allow":["GET"]}}],"collection":[{"href":"https:\/\/www.europesays.com\/lv\/wp-json\/wp\/v2\/posts"}],"about":[{"href":"https:\/\/www.europesays.com\/lv\/wp-json\/wp\/v2\/types\/post"}],"author":[{"embeddable":true,"href":"https:\/\/www.europesays.com\/lv\/wp-json\/wp\/v2\/users\/2"}],"replies":[{"embeddable":true,"href":"https:\/\/www.europesays.com\/lv\/wp-json\/wp\/v2\/comments?post=97444"}],"version-history":[{"count":0,"href":"https:\/\/www.europesays.com\/lv\/wp-json\/wp\/v2\/posts\/97444\/revisions"}],"wp:featuredmedia":[{"embeddable":true,"href":"https:\/\/www.europesays.com\/lv\/wp-json\/wp\/v2\/media\/97445"}],"wp:attachment":[{"href":"https:\/\/www.europesays.com\/lv\/wp-json\/wp\/v2\/media?parent=97444"}],"wp:term":[{"taxonomy":"category","embeddable":true,"href":"https:\/\/www.europesays.com\/lv\/wp-json\/wp\/v2\/categories?post=97444"},{"taxonomy":"post_tag","embeddable":true,"href":"https:\/\/www.europesays.com\/lv\/wp-json\/wp\/v2\/tags?post=97444"}],"curies":[{"name":"wp","href":"https:\/\/api.w.org\/{rel}","templated":true}]}}