{"id":97470,"date":"2026-01-07T17:02:07","date_gmt":"2026-01-07T17:02:07","guid":{"rendered":"https:\/\/www.europesays.com\/lv\/97470\/"},"modified":"2026-01-07T17:02:07","modified_gmt":"2026-01-07T17:02:07","slug":"uzladi-majas-tagad-vares-norakstit-uznemuma-izdevumos-uzladets","status":"publish","type":"post","link":"https:\/\/www.europesays.com\/lv\/97470\/","title":{"rendered":"Uzl\u0101di m\u0101j\u0101s tagad var\u0113s norakst\u012bt uz\u0146\u0113muma izdevumos \u2013 Uzl\u0101d\u0113ts"},"content":{"rendered":"<p>Tagad pie zin\u0101miem un viegli izpild\u0101miem priek\u0161nosac\u012bjumiem var darbiniekam kompens\u0113t uz\u0146\u0113mumam piedero\u0161u elektroauto l\u0101d\u0113\u0161anas izmaksas dz\u012bvesviet\u0101.<\/p>\n<p>2025. gada 16. decembr\u012b ir pie\u0146emti <a href=\"https:\/\/www.vid.gov.lv\/lv\/media\/33032\/download?attachment\" title=\"\" rel=\"nofollow noopener\" target=\"_blank\">groz\u012bjumi Ministru kabineta 2010. gada 21. septembra noteikumos Nr. 899 \u201cLikuma \u201cPar iedz\u012bvot\u0101ju ien\u0101kuma nodokli\u201d normu piem\u0113ro\u0161anas k\u0101rt\u012bba\u201d<\/a>, kas 2025. gada 22. decembr\u012b public\u0113ti ofici\u0101laj\u0101 izdevum\u0101 \u201cLatvijas V\u0113stnesis\u201d Nr. 246 (2025\/246.15). Noteikumi st\u0101j\u0101s sp\u0113k\u0101 2025. gada 23. decembr\u012b.<\/p>\n<p>Ar algas nodokli nav apliekama izdevumu kompens\u0101cija par darba dev\u0113jam piedero\u0161a elektrotransportl\u012bdzek\u013ca elektroener\u0123ijas uzl\u0101di darbinieka dz\u012bvesviet\u0101 \u2013 neatkar\u012bgi no t\u0101, vai attiec\u012bgais transportl\u012bdzeklis ir izmantots tikai saimnieciskaj\u0101 darb\u012bb\u0101 \u2013, pamatojoties uz faktiski nobraukto kilometru skaitu katr\u0101 m\u0113nes\u012b saska\u0146\u0101 ar transportl\u012bdzeklim ra\u017eot\u0101ja izsniegt\u0101 transportl\u012bdzek\u013ca atbilst\u012bbas sertifik\u0101t\u0101 (\u201cEC Certificate of Conformity\u201d) nor\u0101d\u012bto augst\u0101ko elektroener\u0123ijas pat\u0113ri\u0146a normu, kura nav p\u0101rsniegta vair\u0101k par 20 procentiem, ja izpild\u012bti \u0161\u0101di nosac\u012bjumi:<\/p>\n<ul class=\"wp-block-list\">\n<li>par transportl\u012bdzekli maks\u0101 uz\u0146\u0113mumu vieglo transportl\u012bdzek\u013cu nodokli, vai tas ir atbr\u012bvots no aplik\u0161anas ar \u0161o nodokli saska\u0146\u0101 ar Transportl\u012bdzek\u013ca ekspluat\u0101cijas nodok\u013ca un uz\u0146\u0113mumu vieglo transportl\u012bdzek\u013cu nodok\u013ca likuma 14. panta pirm\u0101s da\u013cas 5. un 6. punktu;<\/li>\n<li>l\u012bgums ar elektroener\u0123ijas pieg\u0101d\u0101t\u0101ju darbinieka dz\u012bvesviet\u0101 ir nosl\u0113gts starp darbinieku un elektroener\u0123ijas pieg\u0101d\u0101t\u0101ju;<\/li>\n<li>ja transportl\u012bdzekli var uzl\u0101d\u0113t ar\u012b darbaviet\u0101, darba dev\u0113js izdod uz\u0146\u0113muma iek\u0161\u0113j\u0101s vadl\u012bnijas un nodro\u0161ina atsevi\u0161\u0137u uzskaites k\u0101rt\u012bbu par uzl\u0101di darbaviet\u0101;<\/li>\n<li>darbinieks iesniedz darba dev\u0113jam elektroener\u0123ijas pieg\u0101d\u0101t\u0101ja izsniegtu r\u0113\u0137inu par elektroener\u0123ijas pieg\u0101di darbinieka dz\u012bvesviet\u0101, un darba dev\u0113js gr\u0101matved\u012bbas organiz\u0101cijas dokumentos noteiktaj\u0101 kart\u012bb\u0101 kompens\u0113 to izdevumu da\u013cu, kas attiektos uz elektroener\u0123ijas uzl\u0101di transportl\u012bdzeklim (nosakot izdevumu da\u013cu, darba dev\u0113js, pamatojoties uz t\u0101 r\u012bc\u012bb\u0101 eso\u0161o inform\u0101ciju, samazina kompens\u0113jam\u0101s elektroener\u0123ijas da\u013cu par elektroener\u0123ijas daudzumu, kas atbilst transportl\u012bdzek\u013ca elektroener\u0123ijas uzl\u0101des apjomam cit\u0101 veid\u0101 (t. sk. darbaviet\u0101 vai publiski pieejam\u0101 uzl\u0101des stacij\u0101)).<\/li>\n<\/ul>\n<p>Citiem v\u0101rdiem sakot, kompens\u0101cija dr\u012bkst attiekties tikai uz\u00a0darba dev\u0113jam piedero\u0161u elektroauto, kompens\u0101cijas apm\u0113rs j\u0101apr\u0113\u0137ina\u00a0p\u0113c katr\u0101 m\u0113nes\u012b faktiski nobrauktajiem kilometriem,\u00a0elektroener\u0123ijas l\u012bgumam m\u0101j\u0101s j\u0101b\u016bt nosl\u0113gtam uz darbinieka v\u0101rda, darbiniekam regul\u0101ri j\u0101iesniedz darba dev\u0113jam\u00a0elektr\u012bbas r\u0113\u0137ins, bet darba dev\u0113jam \u2013 gr\u0101matved\u012bb\u0101 j\u0101kompens\u0113 tik no r\u0113\u0137ina, kas p\u0113c apr\u0113\u0137in\u0101t\u0101 m\u0113ne\u0161a elektroauto pat\u0113ri\u0146a pret nobrauktajiem kilometriem ir notikusi m\u0101j\u0101s (atskaitot uzl\u0101di citur\u00a0(piem\u0113ram, darbaviet\u0101 vai publiskaj\u0101s stacij\u0101s).<\/p>\n<p>Kas nav min\u0113ts, bet kas var\u0113tu b\u016bt noder\u012bgi, darbinieks m\u0101j\u0101s uzst\u0101da veidu, k\u0101d\u0101 var at\u0161\u0137irt elektr\u012bbas pat\u0113ri\u0146u uzl\u0101dei (atsevi\u0161\u0137s (viedais) skait\u012bt\u0101js vai uzl\u0101des stacija ar savu skait\u012bt\u0101ju (v\u0113lams ar atsevi\u0161\u0137u lietot\u0101ju \u201cdarbavietas kompens\u0113jamajai elektr\u012bbai\u201d). Darbinieks kop\u0101 ar elektr\u012bbas r\u0113\u0137inu jau nodala, cik aizg\u0101jis auto uzl\u0101dei. Tom\u0113r \u0146emiet v\u0113r\u0101, ka WLTP +20% ir sam\u0113r\u0101 prec\u012bzs r\u0101d\u012bt\u0101js pusi gada. Ja intens\u012bvi lietos priek\u0161apsildi, tad uzl\u0101d\u0113tais elektr\u012bbas pat\u0113ri\u0146\u0161 pret nobrauktajiem kilometriem var krietni at\u0161\u0137irties. <\/p>\n<p>V\u0113l atkl\u0101ts jaut\u0101jums ir par to, ko dar\u012bt, ja m\u0101jsaimniec\u012bb\u0101 vair\u0101k nek\u0101 viens v\u0113las kompens\u0101ciju, bet ne visi str\u0101d\u0101 vien\u0101 uz\u0146\u0113mum\u0101. Jo \u0161obr\u012bd nosac\u012bjumi paredz, ka elektr\u012bbas piesl\u0113gumam j\u0101b\u016bt uz darbinieka v\u0101rda. T.i., ja sieva dab\u016b kompens\u0101ciju no uz\u0146\u0113muma X, tad v\u012brs nevar\u0113s sa\u0146emt kompens\u0101ciju no uz\u0146\u0113muma Y, ja ir viens elektr\u012bbas piesl\u0113gums uz sievas v\u0101rdu (vai otr\u0101d\u0101k). Ieg\u016bt jaunu piesl\u0113gumu d\u0113\u013c \u0161\u012b ar\u012b mu\u013c\u0137\u012bgi\u2026<\/p>\n<p>Kopum\u0101: darbiniekiem prieks, gr\u0101matved\u012bbai \u2013 jauns matem\u0101tikas r\u0113buss. <\/p>\n<p>Min\u0113tais attiecas tikai uz piln\u012bb\u0101 elektriskiem transportl\u012bdzek\u013ciem (ne hibr\u012bdiem).<\/p>\n<p>V\u0113l groz\u012bjumos paredz palielin\u0101tu auto nolietojuma kompens\u0101ciju, ko darba dev\u0113js darbiniekam izmaks\u0101 sakar\u0101 ar darbiniekam piedero\u0161a personisk\u0101 transportl\u012bdzek\u013ca (kas atbilsto\u0161i darba l\u012bgumam tiek izmantots darba vajadz\u012bb\u0101m) nolieto\u0161anos, palielin\u0101ta no 0,04 EUR uz 0,08 EUR par km (bet ne vair\u0101k k\u0101 115 EUR m\u0113nes\u012b).<\/p>\n<p><a href=\"https:\/\/mistape.com\" target=\"_blank\" rel=\"nofollow noopener\" class=\"mistape-link mistape-logo\"><\/a><\/p>\n<p>Ja rakst\u0101 paman\u012bji k\u013c\u016bdu, padod mums par to zi\u0146u, iez\u012bm\u0113jot a\u010dg\u0101rno tekstu un nospie\u017eot Ctrl+Enter. Paldies!<\/p>\n<p>&#13;<br \/>\n                    0&#13;<br \/>\n                    0&#13;<br \/>\n                    balsojumi<\/p>\n<p>Raksta nov\u0113rt\u0113jums<\/p>\n<p>\t\tPost navigation<\/p>\n","protected":false},"excerpt":{"rendered":"Tagad pie zin\u0101miem un viegli izpild\u0101miem priek\u0161nosac\u012bjumiem var darbiniekam kompens\u0113t uz\u0146\u0113mumam piedero\u0161u elektroauto l\u0101d\u0113\u0161anas izmaksas dz\u012bvesviet\u0101. 2025. gada&hellip;\n","protected":false},"author":2,"featured_media":97471,"comment_status":"","ping_status":"","sticky":false,"template":"","format":"standard","meta":{"footnotes":""},"categories":[16],"tags":[77,76,35,39,38,36,37,34,24044,40,68,13866],"class_list":{"0":"post-97470","1":"post","2":"type-post","3":"status-publish","4":"format-standard","5":"has-post-thumbnail","7":"category-bizness","8":"tag-bizness","9":"tag-business","10":"tag-latvia","11":"tag-latvian","12":"tag-latviesu","13":"tag-latviesu-valoda","14":"tag-latviesuvaloda","15":"tag-latvija","16":"tag-likums","17":"tag-lv","18":"tag-maja","19":"tag-uzlade"},"share_on_mastodon":{"url":"https:\/\/pubeurope.com\/@lv\/115854897482716236","error":""},"_links":{"self":[{"href":"https:\/\/www.europesays.com\/lv\/wp-json\/wp\/v2\/posts\/97470","targetHints":{"allow":["GET"]}}],"collection":[{"href":"https:\/\/www.europesays.com\/lv\/wp-json\/wp\/v2\/posts"}],"about":[{"href":"https:\/\/www.europesays.com\/lv\/wp-json\/wp\/v2\/types\/post"}],"author":[{"embeddable":true,"href":"https:\/\/www.europesays.com\/lv\/wp-json\/wp\/v2\/users\/2"}],"replies":[{"embeddable":true,"href":"https:\/\/www.europesays.com\/lv\/wp-json\/wp\/v2\/comments?post=97470"}],"version-history":[{"count":0,"href":"https:\/\/www.europesays.com\/lv\/wp-json\/wp\/v2\/posts\/97470\/revisions"}],"wp:featuredmedia":[{"embeddable":true,"href":"https:\/\/www.europesays.com\/lv\/wp-json\/wp\/v2\/media\/97471"}],"wp:attachment":[{"href":"https:\/\/www.europesays.com\/lv\/wp-json\/wp\/v2\/media?parent=97470"}],"wp:term":[{"taxonomy":"category","embeddable":true,"href":"https:\/\/www.europesays.com\/lv\/wp-json\/wp\/v2\/categories?post=97470"},{"taxonomy":"post_tag","embeddable":true,"href":"https:\/\/www.europesays.com\/lv\/wp-json\/wp\/v2\/tags?post=97470"}],"curies":[{"name":"wp","href":"https:\/\/api.w.org\/{rel}","templated":true}]}}