{"id":97519,"date":"2026-01-07T18:04:07","date_gmt":"2026-01-07T18:04:07","guid":{"rendered":"https:\/\/www.europesays.com\/lv\/97519\/"},"modified":"2026-01-07T18:04:07","modified_gmt":"2026-01-07T18:04:07","slug":"aizsardzibas-ministrija-skaidro-vai-pec-pamiera-panaksanas-latvija-varetu-nosutit-karavirus-uz-ukrainu","status":"publish","type":"post","link":"https:\/\/www.europesays.com\/lv\/97519\/","title":{"rendered":"Aizsardz\u012bbas ministrija skaidro, vai p\u0113c pamiera pan\u0101k\u0161anas Latvija var\u0113tu nos\u016bt\u012bt karav\u012brus uz Ukrainu"},"content":{"rendered":"<p>AM nor\u0101da, ka Latvijas poz\u012bcija nav main\u012bjusies un jau iepriek\u0161 koment\u0113ts, ka, Ukrain\u0101 iest\u0101joties pamieram, Latvija \u0161\u0101di pl\u0101no r\u012bkoties.<\/p>\n<p>K\u0101 v\u0113st\u012bts, otrdien Labas gribas koal\u012bcijas valstu l\u012bderu san\u0101ksm\u0113 Par\u012bz\u0113 pie\u0146emta Par\u012bzes deklar\u0101cija, kuru veido pieci punkti. Deklar\u0101cija tostarp paredz nos\u016bt\u012bt uz Ukrainu daudznacion\u0101lus sp\u0113kus, kuru sast\u0101v\u0101 b\u016bs Labas gribas koal\u012bcijas dal\u012bbnieki. Vi\u0146iem j\u0101pal\u012bdz atjaunot Ukrainas armiju un j\u0101pal\u012bdz attur\u0113t. &#8220;Ir veikta koordin\u0113ta milit\u0101r\u0101 pl\u0101no\u0161ana, lai sagatavotos attur\u0113\u0161anas pas\u0101kumiem gais\u0101, j\u016br\u0101 un uz sauszemes, k\u0101 ar\u012b Ukrainas bru\u0146oto sp\u0113ku atjauno\u0161anai,&#8221; teikts dokument\u0101. \u0160ie sp\u0113ki tiks izvietoti tikai p\u0113c karadarb\u012bbas beig\u0101m Ukrain\u0101, un tiem var pal\u012bdz\u0113t ASV.<\/p>\n<p>T\u0101pat paredz\u0113ta juridiski saisto\u0161a ap\u0146em\u0161an\u0101s atbalst\u012bt Ukrainu Krievijas uzbrukuma gad\u012bjum\u0101 n\u0101kotn\u0113, lai atjaunotu mieru. Punkt\u0101 teikts, ka deklar\u0101cijas parakst\u012bt\u0101ji \u0161\u0101das saist\u012bbas gal\u012bgi noformul\u0113s n\u0101kotn\u0113, un t\u0101s &#8220;var ietvert milit\u0101ro sp\u0113ju, izl\u016bko\u0161anas, lo\u0123istikas atbalsta, diplom\u0101tisko iniciat\u012bvu, papildu sankciju ievie\u0161anas izmanto\u0161anu&#8221;.<\/p>\n","protected":false},"excerpt":{"rendered":"AM nor\u0101da, ka Latvijas poz\u012bcija nav main\u012bjusies un jau iepriek\u0161 koment\u0113ts, ka, Ukrain\u0101 iest\u0101joties pamieram, Latvija \u0161\u0101di pl\u0101no&hellip;\n","protected":false},"author":2,"featured_media":97520,"comment_status":"","ping_status":"","sticky":false,"template":"","format":"standard","meta":{"footnotes":""},"categories":[14],"tags":[23,57,28,29,32,33,22,74,30,31,35,39,38,36,37,34,40,20,26,27,24,25,276,54,55,56,21,58],"class_list":{"0":"post-97519","1":"post","2":"type-post","3":"status-publish","4":"format-standard","5":"has-post-thumbnail","7":"category-zinas-no-arvalstim","8":"tag-aktualitates","9":"tag-arvalstim","10":"tag-breaking-news","11":"tag-breakingnews","12":"tag-featured-news","13":"tag-featurednews","14":"tag-headlines","15":"tag-krievijas-iebrukums-ukraina","16":"tag-latest-news","17":"tag-latestnews","18":"tag-latvia","19":"tag-latvian","20":"tag-latviesu","21":"tag-latviesu-valoda","22":"tag-latviesuvaloda","23":"tag-latvija","24":"tag-lv","25":"tag-news","26":"tag-popularakas-zinas","27":"tag-popularakaszinas","28":"tag-top-stories","29":"tag-topstories","30":"tag-ukraina","31":"tag-world","32":"tag-world-news","33":"tag-worldnews","34":"tag-zinas","35":"tag-zinas-no-arvalstim"},"share_on_mastodon":{"url":"https:\/\/pubeurope.com\/@lv\/115855141277120827","error":""},"_links":{"self":[{"href":"https:\/\/www.europesays.com\/lv\/wp-json\/wp\/v2\/posts\/97519","targetHints":{"allow":["GET"]}}],"collection":[{"href":"https:\/\/www.europesays.com\/lv\/wp-json\/wp\/v2\/posts"}],"about":[{"href":"https:\/\/www.europesays.com\/lv\/wp-json\/wp\/v2\/types\/post"}],"author":[{"embeddable":true,"href":"https:\/\/www.europesays.com\/lv\/wp-json\/wp\/v2\/users\/2"}],"replies":[{"embeddable":true,"href":"https:\/\/www.europesays.com\/lv\/wp-json\/wp\/v2\/comments?post=97519"}],"version-history":[{"count":0,"href":"https:\/\/www.europesays.com\/lv\/wp-json\/wp\/v2\/posts\/97519\/revisions"}],"wp:featuredmedia":[{"embeddable":true,"href":"https:\/\/www.europesays.com\/lv\/wp-json\/wp\/v2\/media\/97520"}],"wp:attachment":[{"href":"https:\/\/www.europesays.com\/lv\/wp-json\/wp\/v2\/media?parent=97519"}],"wp:term":[{"taxonomy":"category","embeddable":true,"href":"https:\/\/www.europesays.com\/lv\/wp-json\/wp\/v2\/categories?post=97519"},{"taxonomy":"post_tag","embeddable":true,"href":"https:\/\/www.europesays.com\/lv\/wp-json\/wp\/v2\/tags?post=97519"}],"curies":[{"name":"wp","href":"https:\/\/api.w.org\/{rel}","templated":true}]}}