{"id":9755,"date":"2025-10-01T13:45:08","date_gmt":"2025-10-01T13:45:08","guid":{"rendered":"https:\/\/www.europesays.com\/lv\/9755\/"},"modified":"2025-10-01T13:45:08","modified_gmt":"2025-10-01T13:45:08","slug":"rigas-restoranu-nedela-piedalisies-61-restorans-dienas-bizness","status":"publish","type":"post","link":"https:\/\/www.europesays.com\/lv\/9755\/","title":{"rendered":"R\u012bgas restor\u0101nu ned\u0113\u013c\u0101 piedal\u012bsies 61 restor\u0101ns :: Dienas Bizness"},"content":{"rendered":"<p class=\"text-font font-size--text-xlarge margin-3--bottom font-weight--bold padding-1--top\">\u0160ogad R\u012bgas restor\u0101nu ned\u0113\u013c\u0101 piedal\u012bsies 61 restor\u0101ns, inform\u0113 R\u012bgas invest\u012bciju un t\u016brisma a\u0123ent\u016bras Starptautisk\u0101 m\u0101rketinga noda\u013cas galven\u0101 projektu vad\u012bt\u0101ja Madara Oga.<\/p>\n<p class=\"text-font font-size--text-xlarge margin-3--bottom\">Restor\u0101nu ned\u0113\u013ca notiks no 27.oktobra l\u012bdz 9.novembrim. \u0160aj\u0101 laik\u0101 tr\u012bs k\u0101rtu malt\u012bte apmekl\u0113t\u0101jiem b\u016bs pieejama vair\u0101k\u0101s cenu kategorij\u0101s &#8211; 30, 35 un 40 eiro, k\u0101 ar\u012b 45 eiro presti\u017eaj\u0101 &#8220;Michelin Guide&#8221; ce\u013cved\u012b iek\u013cautajos restor\u0101nos.<\/p>\n<p class=\"text-font font-size--text-xlarge margin-3--bottom\">\u0160ogad pas\u0101kum\u0101 vienpadsmit restor\u0101ni, kas ir p\u0101rst\u0101v\u0113ti &#8220;Michelin Guide&#8221; ce\u013cved\u012b &#8211; &#8220;Whitehouse&#8221;, &#8220;Barents&#8221;, &#8220;Seasons at Grand Palace Hotel&#8221;, &#8220;Chef`s Corner Restaurant &amp; Bar&#8221;, &#8220;Stage22 Bar &amp; Restaurant&#8221;, &#8220;Ferma&#8221;, &#8220;Tails&#8221;, &#8220;Entresol&#8221;, &#8220;3 pav\u0101ru restor\u0101ns&#8221;, &#8220;Neiburgs&#8221; un &#8220;Le Dome&#8221;.<\/p>\n<p class=\"text-font font-size--text-xlarge margin-3--bottom\">Lai nodro\u0161in\u0101tu augst\u0101ko kvalit\u0101ti un atbilst\u012bbu galvenajiem nosac\u012bjumiem &#8211; sezon\u0101li un p\u0113c iesp\u0113jas viet\u0113j\u0101s izcelsmes produkti, kas atspogu\u013co Latvijas moderno virtuvi, pirmo reizi restor\u0101nu pied\u0101v\u0101t\u0101s \u0113dienkartes izv\u0113rt\u0113ja profesion\u0101la \u017e\u016brija.<\/p>\n<p class=\"text-font font-size--text-xlarge margin-3--bottom\">K\u0101 visbie\u017e\u0101k izmantot\u0101s sast\u0101vda\u013cas restor\u0101nu ned\u0113\u013cas \u0113dienkart\u0113 esot \u0137irbji, bietes, \u0101boli, pl\u016bmes, cidonijas, smilts\u0113rk\u0161\u0137i, k\u0101 ar\u012b me\u017ea veltes &#8211; s\u0113nes, med\u012bjuma ga\u013ca, ogas..<\/p>\n<p class=\"text-font font-size--text-xlarge margin-3--bottom\">R\u012bgas restor\u0101nu ned\u0113\u013cu ik gadu apmekl\u0113 ap 16 000-19 000 viesu.<\/p>\n","protected":false},"excerpt":{"rendered":"\u0160ogad R\u012bgas restor\u0101nu ned\u0113\u013c\u0101 piedal\u012bsies 61 restor\u0101ns, inform\u0113 R\u012bgas invest\u012bciju un t\u016brisma a\u0123ent\u016bras Starptautisk\u0101 m\u0101rketinga noda\u013cas galven\u0101 projektu&hellip;\n","protected":false},"author":2,"featured_media":9756,"comment_status":"","ping_status":"","sticky":false,"template":"","format":"standard","meta":{"footnotes":""},"categories":[19],"tags":[869,77,870,867,89,90,35,39,38,36,37,34,871,868,40,21],"class_list":{"0":"post-9755","1":"post","2":"type-post","3":"status-publish","4":"format-standard","5":"has-post-thumbnail","7":"category-izklaide","8":"tag-biznesa-zinas","9":"tag-bizness","10":"tag-bizness-latvija","11":"tag-dienas-zinas","12":"tag-entertainment","13":"tag-izklaide","14":"tag-latvia","15":"tag-latvian","16":"tag-latviesu","17":"tag-latviesu-valoda","18":"tag-latviesuvaloda","19":"tag-latvija","20":"tag-latvijas-biznesa-zinas","21":"tag-latvijas-zinas","22":"tag-lv","23":"tag-zinas"},"share_on_mastodon":{"url":"","error":""},"_links":{"self":[{"href":"https:\/\/www.europesays.com\/lv\/wp-json\/wp\/v2\/posts\/9755","targetHints":{"allow":["GET"]}}],"collection":[{"href":"https:\/\/www.europesays.com\/lv\/wp-json\/wp\/v2\/posts"}],"about":[{"href":"https:\/\/www.europesays.com\/lv\/wp-json\/wp\/v2\/types\/post"}],"author":[{"embeddable":true,"href":"https:\/\/www.europesays.com\/lv\/wp-json\/wp\/v2\/users\/2"}],"replies":[{"embeddable":true,"href":"https:\/\/www.europesays.com\/lv\/wp-json\/wp\/v2\/comments?post=9755"}],"version-history":[{"count":0,"href":"https:\/\/www.europesays.com\/lv\/wp-json\/wp\/v2\/posts\/9755\/revisions"}],"wp:featuredmedia":[{"embeddable":true,"href":"https:\/\/www.europesays.com\/lv\/wp-json\/wp\/v2\/media\/9756"}],"wp:attachment":[{"href":"https:\/\/www.europesays.com\/lv\/wp-json\/wp\/v2\/media?parent=9755"}],"wp:term":[{"taxonomy":"category","embeddable":true,"href":"https:\/\/www.europesays.com\/lv\/wp-json\/wp\/v2\/categories?post=9755"},{"taxonomy":"post_tag","embeddable":true,"href":"https:\/\/www.europesays.com\/lv\/wp-json\/wp\/v2\/tags?post=9755"}],"curies":[{"name":"wp","href":"https:\/\/api.w.org\/{rel}","templated":true}]}}