{"id":97551,"date":"2026-01-07T18:36:10","date_gmt":"2026-01-07T18:36:10","guid":{"rendered":"https:\/\/www.europesays.com\/lv\/97551\/"},"modified":"2026-01-07T18:36:10","modified_gmt":"2026-01-07T18:36:10","slug":"kapec-dailes-teatris-ir-spiests-atlaist-aktierus","status":"publish","type":"post","link":"https:\/\/www.europesays.com\/lv\/97551\/","title":{"rendered":"K\u0101p\u0113c Dailes te\u0101tris ir spiests atlaist aktierus?"},"content":{"rendered":"<p class=\"descr\">Dailes te\u0101tris, atsaucoties uz valsts dot\u0101cijas samazin\u0101jumu, \u012bsteno struktur\u0101las p\u0101rmai\u0146as, kas paredz \u0161tata samazin\u0101\u0161anu vair\u0101k\u0101s strukt\u016brvien\u012bb\u0101s, tostarp m\u0101kslinieciskaj\u0101 da\u013c\u0101, a\u0123ent\u016bru LETA inform\u0113ja te\u0101tra p\u0101rst\u0101ve Agnese V\u0101rpi\u0146a.<\/p>\n<p>Te\u0101tr\u012b nor\u0101da, ka 2024. gada septembr\u012b sa\u0146emtas <a href=\"https:\/\/nra.lv\/birka\/kulturas-ministrija\/\" target=\"_blank\" rel=\"noopener nofollow\">Kult\u016bras ministrijas<\/a> nor\u0101des par valsts dot\u0101cijas samazin\u0101jumu 276 205 eiro apm\u0113r\u0101, aicinot te\u0101tri rast risin\u0101jumus izmaksu samazin\u0101\u0161anai un ie\u0146\u0113mumu palielin\u0101\u0161anai. Dailes te\u0101tris skaidro, ka valsts dot\u0101cija l\u012bdz \u0161im nav segusi te\u0101tra atalgojuma fondu, bet p\u0101r\u0113j\u0101s izmaksas te\u0101tris sedz no pa\u0161u ie\u0146\u0113mumiem.<\/p>\n<p>Sa\u0146emot inform\u0101ciju par <a href=\"https:\/\/nra.lv\/birka\/valsts-dotacijas\/\" target=\"_blank\" rel=\"noopener nofollow\">dot\u0101cijas<\/a> samazin\u0101jumu, te\u0101tris izstr\u0101d\u0101ja pas\u0101kumu pl\u0101nu, tostarp samazinot jauniestud\u0113jumu skaitu un izv\u0113rt\u0113jot darbinieku noslodzi un efektivit\u0101ti. Dailes te\u0101tra valde 2025. gada 29. oktobr\u012b pie\u0146\u0113ma l\u0113mumu par struktur\u0101laj\u0101m izmai\u0146\u0101m, paredzot m\u0101ksliniecisk\u0101s da\u013cas \u0161tata darbinieku skaita samazin\u0101jumu.<\/p>\n<p>\u0160o izmai\u0146u d\u0113\u013c tiek likvid\u0113tas tr\u012bs br\u012bv\u0101s aktieru vakances un \u010detras aktieru amata vietas. <a href=\"https:\/\/nra.lv\/birka\/dailes-teatris\/\" target=\"_blank\" rel=\"noopener nofollow\">Te\u0101tr\u012b<\/a> nor\u0101da, ka aktieru amata vietu likvid\u0113\u0161ana veikta, izv\u0113rt\u0113jot aktieru nodarbin\u0101t\u012bbu un piepras\u012bjumu p\u0113c vi\u0146u profesion\u0101l\u0101s darb\u012bbas saska\u0146\u0101 ar apstiprin\u0101tiem krit\u0113rijiem.<\/p>\n<p>Te\u0101tr\u012b nor\u0101d\u012bja, ka aktrises <a href=\"https:\/\/nra.lv\/birka\/olga-drege\/\" target=\"_blank\" rel=\"noopener nofollow\">Olga Dre\u0123e<\/a> un <a href=\"https:\/\/nra.lv\/birka\/lidija-pupure\/\" target=\"_blank\" rel=\"noopener nofollow\">Lidija Pupure<\/a> pa\u0161as pied\u0101v\u0101ju\u0161as turpin\u0101t darbu \u0101r\u0161tata status\u0101, savuk\u0101rt aktrise <a href=\"https:\/\/nra.lv\/birka\/mirdza-martinsone\/\" target=\"_blank\" rel=\"noopener nofollow\">Mirdza Martinsone<\/a> patlaban apsver iesp\u0113ju p\u0101riet \u0101r\u0161tat\u0101. Visas tr\u012bs aktrises turpin\u0101s sp\u0113l\u0113t eso\u0161aj\u0101s izr\u0101d\u0113s un piedal\u012bties aktieru atlas\u0113s.<\/p>\n<p>Papildin\u0101ts plkst. 18:47:<\/p>\n<p>V\u0101rpi\u0146a nor\u0101d\u012bja, ka t\u0101pat tiks likvid\u0113tas, piem\u0113ram, 16 apkop\u0113ju darba vietas. Izv\u0113rt\u0113jot te\u0101tra iepirkumu par telpu uzkop\u0161anu, Dailes te\u0101tris secin\u0101ja, ka te\u0101trim ir izdev\u012bg\u0101k \u0146emt \u0101rpakalpojumu telpu uzkop\u0161anas veik\u0161anai, nevis algot 16 apkop\u0113ju \u0161tatu. Sl\u0113dzot l\u012bgumu ar iepirkuma uzvar\u0113t\u0101ju, ekonomija ir vair\u0101k nek\u0101 100 000 eiro gad\u0101.<\/p>\n<p>Te\u0101tr\u012b atz\u012bm\u0113, ka \u0161os ietaup\u012btos l\u012bdzek\u013cus pl\u0101nots izmantot, lai izl\u012bdzin\u0101tu tehnisko dienestu darbinieku algas, kas patlaban ir zem\u0101kas par t\u0101das pa\u0161as kvalifik\u0101cijas darbinieku alg\u0101m visp\u0101r\u0113j\u0101 darba tirg\u016b. Vi\u0146a pau\u017e, ka te\u0101tris past\u0101v\u012bgi risk\u0113 zaud\u0113t kvalific\u0113tus te\u0101tra tehniskos profesion\u0101\u013cus, kas var ietekm\u0113t izr\u0101\u017eu kvalit\u0101ti, ko nedr\u012bkst pie\u013caut.<\/p>\n<p>Jau v\u0113st\u012bj\u0101m, ka Te\u0101tra aktrise <a href=\"https:\/\/nra.lv\/tautaruna\/slavenibas\/510826-aktrise-lelde-dreimane-sola-tiesaties.htm\" data-item-link=\"true\" data-item-id=\"510826\" rel=\"nofollow noopener\" target=\"_blank\">Lelde Dreimane<\/a> soci\u0101laj\u0101 medij\u0101 &#8220;Instagram&#8221; pav\u0113st\u012bja, ka Dailes te\u0101tra direktors Juris \u017dagars vi\u0146ai pied\u0101v\u0101jis izv\u0113l\u0113ties &#8211; p\u0101rtraukt darba attiec\u012bbas p\u0113c savstarp\u0113jas vieno\u0161an\u0101s vai tikt atlaistai \u0161tata samazin\u0101\u0161anas d\u0113\u013c.<\/p>\n<blockquote><p>Dreimane apgalvo, ka atteikusies nekav\u0113joties parakst\u012bt dokumentus un l\u016bgusi laiku p\u0101rdom\u0101m, savuk\u0101rt vi\u0146ai ticis nor\u0101d\u012bts, ka gad\u012bjum\u0101, ja vi\u0146a atteiktos parakst\u012bties par dokumentu sa\u0146em\u0161anu, var\u0113tu tikt pieaicin\u0101ti liecinieki, kuri dokumentu parakst\u012bs vi\u0146as viet\u0101.<\/p><\/blockquote>\n<p>Apkopojot datus par p\u0113d\u0113j\u0101m trim sezon\u0101m, te\u0101tris secin\u0101jis, ka no \u0161tata aktieriem Dreimanei \u0161aj\u0101 period\u0101 bijusi vismaz\u0101k\u0101 noslodze &#8211; vid\u0113ji 27 izr\u0101des sezon\u0101, savuk\u0101rt noslogot\u0101kie aktieri sp\u0113l\u0113ju\u0161i vair\u0101k nek\u0101 100 izr\u0101des sezon\u0101. Apr\u0113\u0137inos nav iek\u013cauti <a href=\"https:\/\/nra.lv\/birka\/aktieri\/\" target=\"_blank\" rel=\"noopener nofollow\">aktieri<\/a>, kas str\u0101d\u0101 pusslodz\u0113 vai \u0161aj\u0101 period\u0101 biju\u0161i slim\u012bbas vai b\u0113rna kop\u0161anas atva\u013cin\u0101jumos.<\/p>\n<p>Te\u0101tr\u012b akcent\u0113, ka aktieru noslodzi nosaka re\u017eisoru izv\u0113le, nevis te\u0101tra vad\u012bba, un Dreimanei pied\u0101v\u0101ts p\u0101riet uz \u0101r\u0161tata attiec\u012bb\u0101m, turpinot sp\u0113l\u0113t eso\u0161aj\u0101s izr\u0101d\u0113s. \u0160\u0101ds pied\u0101v\u0101jums aktrisei izteikts atk\u0101rtoti.<\/p>\n<p>Attiec\u012bb\u0101 uz darba attiec\u012bbu <a href=\"https:\/\/nra.lv\/birka\/darbinieku-atlaisana\/\" target=\"_blank\" rel=\"noopener nofollow\">izbeig\u0161anas<\/a> proced\u016bru te\u0101tris skaidro, ka aktrise tika iepaz\u012bstin\u0101ta ar pazi\u0146ojumu par iesp\u0113jamu darba tiesisko attiec\u012bbu p\u0101rtrauk\u0161anu saska\u0146\u0101 ar Darba likumu. Te\u0101tr\u012b kl\u0101sta, ka darbiniekam \u0161\u0101d\u0101 gad\u012bjum\u0101 j\u0101parakst\u0101s par dokumenta sa\u0146em\u0161anu, un, ja darbinieks atsak\u0101s to dar\u012bt, darba dev\u0113jam ir ties\u012bbas pieaicin\u0101t lieciniekus. Te\u0101tris uzsver, ka Dreimane parakst\u012bjusies par dokumenta sa\u0146em\u0161anu.<\/p>\n<p>Vienlaikus te\u0101tris noraida apgalvojumus, ka \u0161tata samazin\u0101\u0161ana b\u016btu saist\u012bta ar izr\u0101\u017eu finansi\u0101lajiem r\u0101d\u012bt\u0101jiem, nor\u0101dot, ka Dailes te\u0101tra repertu\u0101ra izr\u0101\u017eu kop\u0113j\u0101 bilance ir pozit\u012bva un p\u0113rn sasniegts bi\u013ce\u0161u tirdzniec\u012bbas <a href=\"https:\/\/nra.lv\/birka\/rekords\/\" target=\"_blank\" rel=\"noopener nofollow\">rekords<\/a> &#8211; aptuveni 4,3 miljoni eiro.<\/p>\n<p>Te\u0101tr\u012b ar\u012b nor\u0101da, ka patlaban citi \u0161tata samazin\u0101jumi nav pl\u0101noti, iz\u0146emot \u0161ujma\u0161\u012bnu meh\u0101ni\u0137a amata vietu, kuras funkcijas paredz\u0113ts nodot \u0101rpakalpojum\u0101.<\/p>\n<p>\t\t\t\t\t\tinfo<\/p>\n<p>Uzzini pirmais<br \/>kas interesants noticis Latvij\u0101 un pasaul\u0113,<br \/>pievienojoties mums <a href=\"https:\/\/t.me\/neatkariga\" rel=\"nofollow\">Telegram<\/a> vai <a href=\"https:\/\/whatsapp.com\/channel\/0029VaMLFUH5K3zLU5s4wm3y\" rel=\"nofollow noopener\" target=\"_blank\">Whatsapp<\/a> kan\u0101l\u0101<\/p>\n","protected":false},"excerpt":{"rendered":"Dailes te\u0101tris, atsaucoties uz valsts dot\u0101cijas samazin\u0101jumu, \u012bsteno struktur\u0101las p\u0101rmai\u0146as, kas paredz \u0161tata samazin\u0101\u0161anu vair\u0101k\u0101s strukt\u016brvien\u012bb\u0101s, tostarp m\u0101kslinieciskaj\u0101&hellip;\n","protected":false},"author":2,"featured_media":97552,"comment_status":"","ping_status":"","sticky":false,"template":"","format":"standard","meta":{"footnotes":""},"categories":[5],"tags":[23,28,29,32,33,22,30,31,35,39,38,36,37,34,40,20,26,27,24,25,21],"class_list":{"0":"post-97551","1":"post","2":"type-post","3":"status-publish","4":"format-standard","5":"has-post-thumbnail","7":"category-aktualitates","8":"tag-aktualitates","9":"tag-breaking-news","10":"tag-breakingnews","11":"tag-featured-news","12":"tag-featurednews","13":"tag-headlines","14":"tag-latest-news","15":"tag-latestnews","16":"tag-latvia","17":"tag-latvian","18":"tag-latviesu","19":"tag-latviesu-valoda","20":"tag-latviesuvaloda","21":"tag-latvija","22":"tag-lv","23":"tag-news","24":"tag-popularakas-zinas","25":"tag-popularakaszinas","26":"tag-top-stories","27":"tag-topstories","28":"tag-zinas"},"share_on_mastodon":{"url":"https:\/\/pubeurope.com\/@lv\/115855267117750536","error":""},"_links":{"self":[{"href":"https:\/\/www.europesays.com\/lv\/wp-json\/wp\/v2\/posts\/97551","targetHints":{"allow":["GET"]}}],"collection":[{"href":"https:\/\/www.europesays.com\/lv\/wp-json\/wp\/v2\/posts"}],"about":[{"href":"https:\/\/www.europesays.com\/lv\/wp-json\/wp\/v2\/types\/post"}],"author":[{"embeddable":true,"href":"https:\/\/www.europesays.com\/lv\/wp-json\/wp\/v2\/users\/2"}],"replies":[{"embeddable":true,"href":"https:\/\/www.europesays.com\/lv\/wp-json\/wp\/v2\/comments?post=97551"}],"version-history":[{"count":0,"href":"https:\/\/www.europesays.com\/lv\/wp-json\/wp\/v2\/posts\/97551\/revisions"}],"wp:featuredmedia":[{"embeddable":true,"href":"https:\/\/www.europesays.com\/lv\/wp-json\/wp\/v2\/media\/97552"}],"wp:attachment":[{"href":"https:\/\/www.europesays.com\/lv\/wp-json\/wp\/v2\/media?parent=97551"}],"wp:term":[{"taxonomy":"category","embeddable":true,"href":"https:\/\/www.europesays.com\/lv\/wp-json\/wp\/v2\/categories?post=97551"},{"taxonomy":"post_tag","embeddable":true,"href":"https:\/\/www.europesays.com\/lv\/wp-json\/wp\/v2\/tags?post=97551"}],"curies":[{"name":"wp","href":"https:\/\/api.w.org\/{rel}","templated":true}]}}