{"id":9763,"date":"2025-10-01T13:54:13","date_gmt":"2025-10-01T13:54:13","guid":{"rendered":"https:\/\/www.europesays.com\/lv\/9763\/"},"modified":"2025-10-01T13:54:13","modified_gmt":"2025-10-01T13:54:13","slug":"tramps-nosaka-10-tarifu-zagmaterialiem-un-25-tarifu-mebelem-un-skapjiem-dienas-bizness","status":"publish","type":"post","link":"https:\/\/www.europesays.com\/lv\/9763\/","title":{"rendered":"Tramps nosaka 10% tarifu z\u0101\u0123materi\u0101liem un 25% tarifu m\u0113bel\u0113m un skapjiem :: Dienas Bizness"},"content":{"rendered":"<p class=\"text-font font-size--text-xlarge margin-3--bottom font-weight--bold padding-1--top\">ASV prezidents Donalds Tramps noteicis jaunus muitas tarifus kokmateri\u0101liem un da\u017e\u0101diem koka izstr\u0101d\u0101jumiem, tai skait\u0101 import\u0113tiem z\u0101\u0123materi\u0101liem, b\u016bvkokiem, virtuves skapjiem un m\u012bkstaj\u0101m m\u0113bel\u0113m, kas var sad\u0101rdzin\u0101t m\u0101jok\u013cu celtniec\u012bbas un m\u0113be\u013cu ra\u017eo\u0161anas izmaksas, kas p\u0113d\u0113jos m\u0113ne\u0161os jau ir strauji pieaugu\u0161as.<\/p>\n<p class=\"text-font font-size--text-xlarge margin-3--bottom\">Tramps pirmdien, 29.septembr\u012b, izplat\u012btaj\u0101 pazi\u0146ojum\u0101 nor\u0101d\u012bja, ka ASV s\u0101ks piem\u0113rot 10% muitas tarifu no \u0101rvalst\u012bm ievestiem skujkoku z\u0101\u0123materi\u0101liem un b\u016bvkokiem, ko izmanto da\u017e\u0101du b\u016bvmateri\u0101lu ra\u017eo\u0161an\u0101.<\/p>\n<p class=\"text-font font-size--text-xlarge margin-3--bottom\">T\u0101pat tiks piem\u0113rots 25% tarifs virtuves skapjiem, vannasistabas m\u0113bel\u0113m un m\u012bkstaj\u0101m koka m\u0113bel\u0113m.<\/p>\n<p class=\"text-font font-size--text-xlarge margin-3--bottom\">\u0160ie muitas tarifi st\u0101sies sp\u0113k\u0101 14.oktobr\u012b. Savuk\u0101rt no 1.janv\u0101ra Tramps palielin\u0101s tarifu virtuves skapjiem l\u012bdz 50% un m\u012bkstaj\u0101m m\u0113bel\u0113m l\u012bdz 30%.<\/p>\n<p class=\"text-font font-size--text-xlarge margin-3--bottom\">Baltais nams mart\u0101 uzdeva Tirdzniec\u012bbas ministrijai izmekl\u0113t iesp\u0113jamos draudus nacion\u0101lajai dro\u0161\u012bbai, ko rada import\u0113ti z\u0101\u0123materi\u0101li, kas galvenok\u0101rt n\u0101k no Kan\u0101das. Tramps m\u0113ne\u0161iem ilgi ir kritiz\u0113jis ASV zieme\u013cu kaimi\u0146valsti par t\u0101s iev\u0113rojamo kokmateri\u0101lu eksportu uz Savienotaj\u0101m Valst\u012bm.<\/p>\n<p class=\"text-font font-size--text-xlarge margin-3--bottom\">Tramps regul\u0101ri apgalvojis, ka ASV ir pietiekami daudz koku, lai apmierin\u0101tu savas kokmateri\u0101lu vajadz\u012bbas, un vi\u0146\u0161 ir kritiz\u0113jis Kan\u0101das noteiktos tarifus ASV kokmateri\u0101liem, apgalvojot, ka Savienot\u0101s Valstis var iztikt bez Kan\u0101das kokmateri\u0101liem.<\/p>\n<p class=\"text-font font-size--text-xlarge margin-3--bottom\">Ta\u010du nozares eksperti apgalvo, ka tas nav tik vienk\u0101r\u0161i. Vi\u0146i br\u012bdina, ka \u0161ie muitas tarifi var palielin\u0101t kokmateri\u0101lu un b\u016bvniec\u012bbas izmaksas un pat paaugstin\u0101t m\u0101jok\u013cu cenas pat\u0113r\u0113t\u0101jiem.<\/p>\n","protected":false},"excerpt":{"rendered":"ASV prezidents Donalds Tramps noteicis jaunus muitas tarifus kokmateri\u0101liem un da\u017e\u0101diem koka izstr\u0101d\u0101jumiem, tai skait\u0101 import\u0113tiem z\u0101\u0123materi\u0101liem, b\u016bvkokiem,&hellip;\n","protected":false},"author":2,"featured_media":9764,"comment_status":"","ping_status":"","sticky":false,"template":"","format":"standard","meta":{"footnotes":""},"categories":[14],"tags":[23,57,869,77,870,28,29,867,32,33,22,30,31,35,39,38,36,37,34,871,868,40,20,26,27,24,25,54,55,56,21,58],"class_list":{"0":"post-9763","1":"post","2":"type-post","3":"status-publish","4":"format-standard","5":"has-post-thumbnail","7":"category-zinas-no-arvalstim","8":"tag-aktualitates","9":"tag-arvalstim","10":"tag-biznesa-zinas","11":"tag-bizness","12":"tag-bizness-latvija","13":"tag-breaking-news","14":"tag-breakingnews","15":"tag-dienas-zinas","16":"tag-featured-news","17":"tag-featurednews","18":"tag-headlines","19":"tag-latest-news","20":"tag-latestnews","21":"tag-latvia","22":"tag-latvian","23":"tag-latviesu","24":"tag-latviesu-valoda","25":"tag-latviesuvaloda","26":"tag-latvija","27":"tag-latvijas-biznesa-zinas","28":"tag-latvijas-zinas","29":"tag-lv","30":"tag-news","31":"tag-popularakas-zinas","32":"tag-popularakaszinas","33":"tag-top-stories","34":"tag-topstories","35":"tag-world","36":"tag-world-news","37":"tag-worldnews","38":"tag-zinas","39":"tag-zinas-no-arvalstim"},"share_on_mastodon":{"url":"","error":""},"_links":{"self":[{"href":"https:\/\/www.europesays.com\/lv\/wp-json\/wp\/v2\/posts\/9763","targetHints":{"allow":["GET"]}}],"collection":[{"href":"https:\/\/www.europesays.com\/lv\/wp-json\/wp\/v2\/posts"}],"about":[{"href":"https:\/\/www.europesays.com\/lv\/wp-json\/wp\/v2\/types\/post"}],"author":[{"embeddable":true,"href":"https:\/\/www.europesays.com\/lv\/wp-json\/wp\/v2\/users\/2"}],"replies":[{"embeddable":true,"href":"https:\/\/www.europesays.com\/lv\/wp-json\/wp\/v2\/comments?post=9763"}],"version-history":[{"count":0,"href":"https:\/\/www.europesays.com\/lv\/wp-json\/wp\/v2\/posts\/9763\/revisions"}],"wp:featuredmedia":[{"embeddable":true,"href":"https:\/\/www.europesays.com\/lv\/wp-json\/wp\/v2\/media\/9764"}],"wp:attachment":[{"href":"https:\/\/www.europesays.com\/lv\/wp-json\/wp\/v2\/media?parent=9763"}],"wp:term":[{"taxonomy":"category","embeddable":true,"href":"https:\/\/www.europesays.com\/lv\/wp-json\/wp\/v2\/categories?post=9763"},{"taxonomy":"post_tag","embeddable":true,"href":"https:\/\/www.europesays.com\/lv\/wp-json\/wp\/v2\/tags?post=9763"}],"curies":[{"name":"wp","href":"https:\/\/api.w.org\/{rel}","templated":true}]}}