{"id":97712,"date":"2026-01-07T22:48:05","date_gmt":"2026-01-07T22:48:05","guid":{"rendered":"https:\/\/www.europesays.com\/lv\/97712\/"},"modified":"2026-01-07T22:48:05","modified_gmt":"2026-01-07T22:48:05","slug":"video-kas-notiek-ar-drosibu-pasaule-un-miera-planiem-ukrainai-pec-asv-intervences-venecuela-lsm","status":"publish","type":"post","link":"https:\/\/www.europesays.com\/lv\/97712\/","title":{"rendered":"VIDEO. Kas notiek ar dro\u0161\u012bbu pasaul\u0113 un miera pl\u0101niem Ukrainai p\u0113c ASV intervences Venecu\u0113l\u0101? &#8211; LSM"},"content":{"rendered":"<ol>\n<li><a href=\"https:\/\/news.google.com\/rss\/articles\/CBMi-gFBVV95cUxPUTk0ZFJRWms3RkJPX1JfVmFPVGNCUmI1aEZtNFZ3REdnNmdIcWxlSnJfRG5BbGk5THF6Q0pHODZCWExVMXFmNHRxbHRpMDlCUkVTQVp2MU4tajkya2F5S3FwTzFiVEN2TW9XanplaTdMQ21jb2ZPRHI1bExSQ0F6Z1ZxRE1BN2YtSXR2cjl5WHFlaEFhdzlzcXF6cXlMdk5NMWg2Z09vRGlGeWE4M3V2OE51aktzal9rV1NubUdEYUp1OFJnYlhoOG4wMEozSnZzSkxtdmlnR1E0dHNkYVFoRlVtSDdlcXZjdFF0eWhGdXp3aVFSTWpoMUZB?oc=5\" target=\"_blank\" rel=\"nofollow noopener\">VIDEO. Kas notiek ar dro\u0161\u012bbu pasaul\u0113 un miera pl\u0101niem Ukrainai p\u0113c ASV intervences Venecu\u0113l\u0101?<\/a>&nbsp;&nbsp;LSM<\/li>\n<li><a href=\"https:\/\/news.google.com\/rss\/articles\/CBMiygFBVV95cUxPVUtIYmJhYkxZQjItWkpTaWlNUTY2MVRUNTBRRWtuMVp1cGRidlVtRGI0bWc2YkhtbTJqUnRNQVJoVzV5ck5mcGVKX1QyMFV5MnktZEtTWldJZEVoS1kyM0dseXktVjVKZVlaaGxPMEY5T3QxeVFJYXpGTmRHZ0tIeWVCRmRyRkpzQldKUEtxbTZ3NURSUFppTFI5Sng2T2FlVk5Jc0IxSG9QQzlGSTdxWEtCU09wQTdtY1VaQjR4SnJkeldFUzFhOWVB?oc=5\" target=\"_blank\" rel=\"nofollow noopener\">Olevs Nikers: K\u0101 Venecu\u0113las l\u012bdera izve\u0161ana var ietekm\u0113t Krievijas skatu uz Baltiju<\/a>&nbsp;&nbsp;Delfi<\/li>\n<li><a href=\"https:\/\/news.google.com\/rss\/articles\/CBMi1gFBVV95cUxQWHpFeTZlSGlYMlI1RW1VRVY4RUdUMzhLRnNHOElCS1c3RTJ0TEtBNXRsSmpUaEZPMjJVWlE4QVExZEJRbnBtYmFlc0FaVXk0dTZzMWxzVl9hUTJRYkp0N3FoUWRJeTgxbjRtYkRiTDFWOVFENTg4RkRjSnY1eXVLaU83c0I3dWN2Q1RBNTRfZkp3ZC1ULVZHMEprMkdDMm9QcjUxVVdfNWRYQWM3WXlUcjhnYXBoNGtBZGs2bkVHRnQySXlyRmFUYTNnYU5PNTA2Q1dsQldB?oc=5\" target=\"_blank\" rel=\"nofollow noopener\">Interneta tie\u0161raide \u00abKas notiek p\u0113c ASV intervences Venecu\u0113l\u0101 ar dro\u0161\u012bbu pasaul\u0113 un miera pl\u0101niem Ukrainai?<\/a>&nbsp;&nbsp;REplay.lv<\/li>\n<li><a href=\"https:\/\/news.google.com\/rss\/articles\/CBMioAFBVV95cUxNaEU4LTlka2pMSVBELUFnVFVSMjBMYzVISTZMbkdnV2x2NEtUWG5kSkdUTDF4clg3V2VERDJxaWtrZWtmNVBjWmhaMVpoc1RxX2gtMkRRNHZMOGVhbjItaURleDhWZnctaDhwS3Qyd2pSUnhlLXZ4ZVFEMU5UeUxSd0lnaVhRLW9fSVBqMnZRWXQ2T05iRWRXb2IycnBUclY0?oc=5\" target=\"_blank\" rel=\"nofollow noopener\">Narkoterorisms, nafta vai re\u017e\u012bma mai\u0146a \u2013 kas motiv\u0113ja ASV sag\u016bst\u012bt Maduro?<\/a>&nbsp;&nbsp;TVNET<\/li>\n<li><a href=\"https:\/\/news.google.com\/rss\/articles\/CBMimgFBVV95cUxPUHdmYWlabl9uLTMzTGc1UGppWHFQNTNwcF82Ty1SRzRPYm45R1ppMVdhVUs3UF9UZmdTbGppaEMySjc3Smd6bzBtdDVFRk5zcjB5aWRyTDVfSVRxWlBpM2VieklnTnhPY2d2bVljbHBVUlc0VFplTjF2UXc1aS1XaUExcEpXbzBiRDdzVU1waU1YWlF1anhxdDlB?oc=5\" target=\"_blank\" rel=\"nofollow noopener\">Internet\u0101 uzjautrin\u0101s par Mamikina izteikumiem par ASV oper\u0101ciju Venecu\u0113l\u0101<\/a>&nbsp;&nbsp;NRA<\/li>\n<\/ol>\n","protected":false},"excerpt":{"rendered":"VIDEO. Kas notiek ar dro\u0161\u012bbu pasaul\u0113 un miera pl\u0101niem Ukrainai p\u0113c ASV intervences Venecu\u0113l\u0101?&nbsp;&nbsp;LSM Olevs Nikers: K\u0101 Venecu\u0113las&hellip;\n","protected":false},"author":2,"featured_media":97074,"comment_status":"","ping_status":"","sticky":false,"template":"","format":"standard","meta":{"footnotes":""},"categories":[14],"tags":[23,57,28,29,32,33,22,30,31,35,39,38,36,37,34,40,20,26,27,24,25,54,55,56,21,58],"class_list":{"0":"post-97712","1":"post","2":"type-post","3":"status-publish","4":"format-standard","5":"has-post-thumbnail","7":"category-zinas-no-arvalstim","8":"tag-aktualitates","9":"tag-arvalstim","10":"tag-breaking-news","11":"tag-breakingnews","12":"tag-featured-news","13":"tag-featurednews","14":"tag-headlines","15":"tag-latest-news","16":"tag-latestnews","17":"tag-latvia","18":"tag-latvian","19":"tag-latviesu","20":"tag-latviesu-valoda","21":"tag-latviesuvaloda","22":"tag-latvija","23":"tag-lv","24":"tag-news","25":"tag-popularakas-zinas","26":"tag-popularakaszinas","27":"tag-top-stories","28":"tag-topstories","29":"tag-world","30":"tag-world-news","31":"tag-worldnews","32":"tag-zinas","33":"tag-zinas-no-arvalstim"},"share_on_mastodon":{"url":"https:\/\/pubeurope.com\/@lv\/115856258021891295","error":""},"_links":{"self":[{"href":"https:\/\/www.europesays.com\/lv\/wp-json\/wp\/v2\/posts\/97712","targetHints":{"allow":["GET"]}}],"collection":[{"href":"https:\/\/www.europesays.com\/lv\/wp-json\/wp\/v2\/posts"}],"about":[{"href":"https:\/\/www.europesays.com\/lv\/wp-json\/wp\/v2\/types\/post"}],"author":[{"embeddable":true,"href":"https:\/\/www.europesays.com\/lv\/wp-json\/wp\/v2\/users\/2"}],"replies":[{"embeddable":true,"href":"https:\/\/www.europesays.com\/lv\/wp-json\/wp\/v2\/comments?post=97712"}],"version-history":[{"count":0,"href":"https:\/\/www.europesays.com\/lv\/wp-json\/wp\/v2\/posts\/97712\/revisions"}],"wp:featuredmedia":[{"embeddable":true,"href":"https:\/\/www.europesays.com\/lv\/wp-json\/wp\/v2\/media\/97074"}],"wp:attachment":[{"href":"https:\/\/www.europesays.com\/lv\/wp-json\/wp\/v2\/media?parent=97712"}],"wp:term":[{"taxonomy":"category","embeddable":true,"href":"https:\/\/www.europesays.com\/lv\/wp-json\/wp\/v2\/categories?post=97712"},{"taxonomy":"post_tag","embeddable":true,"href":"https:\/\/www.europesays.com\/lv\/wp-json\/wp\/v2\/tags?post=97712"}],"curies":[{"name":"wp","href":"https:\/\/api.w.org\/{rel}","templated":true}]}}