{"id":97717,"date":"2026-01-07T22:54:15","date_gmt":"2026-01-07T22:54:15","guid":{"rendered":"https:\/\/www.europesays.com\/lv\/97717\/"},"modified":"2026-01-07T22:54:15","modified_gmt":"2026-01-07T22:54:15","slug":"italija-devusi-zalo-gaismu-es-un-mercosur-tirdzniecibas-liguma-parakstisanai-raksts","status":"publish","type":"post","link":"https:\/\/www.europesays.com\/lv\/97717\/","title":{"rendered":"It\u0101lija devusi za\u013co gaismu ES un \u00abMercosur\u00bb tirdzniec\u012bbas l\u012bguma parakst\u012b\u0161anai \/ Raksts"},"content":{"rendered":"<p>Eiropas Komisija (EK) ieguva iz\u0161\u0137iro\u0161u It\u0101lijas atbalstu pretrun\u012bgi v\u0113rt\u0113tajam br\u012bv\u0101s tirdzniec\u012bbas l\u012bgumam ar Dienvidamerikas valstu bloku &#8220;Mercosur&#8221;, v\u0113sta zi\u0146u a\u0123ent\u016bra &#8220;Reuters&#8221;.<\/p>\n<p>T\u0101d\u0113j\u0101di paveras ce\u013c\u0161 tam, lai jau \u0161om\u0113nes Eiropas Savien\u012bba (ES) var\u0113tu parakst\u012bt vieno\u0161anos ar aliansi, kas apvieno Braz\u012bliju, Argent\u012bnu, Paragvaju un Urugvaju.\u00a0<\/p>\n<p>It\u0101lija un Francija decembr\u012b blo\u0137\u0113ja ES ieceri l\u012bdz p\u0113rn\u0101 gada beig\u0101m parakst\u012bt l\u012bgumu ar &#8220;Mercosur&#8221;, atsaucoties uz lauksaimnieku ba\u017e\u0101m par l\u0113tu importa pre\u010du piepl\u016bdumu. Ta\u010du jau 5. janv\u0101r\u012b It\u0101lijas premjerministre D\u017eord\u017eija Meloni atzin\u012bgi nov\u0113rt\u0113ja EK v\u0113stuli ar priek\u0161likumu pa\u0101trin\u0101t 45 miljardu eiro atbalsta pie\u0161\u0137ir\u0161anu lauksaimniekiem.<\/p>\n<p>It\u0101lijas lauksaimniec\u012bbas ministrs Fran\u010desko Lollobrid\u017eida nor\u0101d\u012bja, ka ES pied\u0101v\u0101 2028.\u20132034. gada period\u0101 palielin\u0101t finans\u0113jumu It\u0101lijas lauksaimniec\u012bbai, nevis to samazin\u0101t.<\/p>\n<p>Savuk\u0101rt k\u0101da ES amatpersona pav\u0113st\u012bja zi\u0146u a\u0123ent\u016brai &#8220;Reuters&#8221;, ka It\u0101lija piektdien paredz\u0113taj\u0101 ES v\u0113stnieku san\u0101ksm\u0113 atbalst\u012bs l\u012bguma parakst\u012b\u0161anu ar &#8220;Mercosur&#8221;.<\/p>\n<p>                    Valodas k\u013c\u016bda rakst\u0101?<\/p>\n<p class=\"d-none d-md-block\">Iez\u012bm\u0113jiet tekstu un spiediet Ctrl+Enter, lai nos\u016bt\u012btu labojamo teksta fragmentu redaktoram! Par faktu k\u013c\u016bd\u0101m l\u016bdzam zi\u0146ot e-past\u0101 <a href=\"https:\/\/www.lsm.lv\/cdn-cgi\/l\/email-protection\" class=\"__cf_email__\" data-cfemail=\"fa889f9e9b919993909bba968997d4968c\" rel=\"nofollow noopener\" target=\"_blank\">[email\u00a0protected]<\/a>.<\/p>\n<p class=\"d-md-none\">Iez\u012bm\u0113jiet tekstu un spiediet uz Zi\u0146ot par k\u013c\u016bdu pogas, lai nos\u016bt\u012btu labojamo teksta fragmentu redaktoram!<\/p>\n<p>\n                    Zi\u0146ot par k\u013c\u016bdu\n                <\/p>\n","protected":false},"excerpt":{"rendered":"Eiropas Komisija (EK) ieguva iz\u0161\u0137iro\u0161u It\u0101lijas atbalstu pretrun\u012bgi v\u0113rt\u0113tajam br\u012bv\u0101s tirdzniec\u012bbas l\u012bgumam ar Dienvidamerikas valstu bloku &#8220;Mercosur&#8221;, v\u0113sta&hellip;\n","protected":false},"author":2,"featured_media":97718,"comment_status":"","ping_status":"","sticky":false,"template":"","format":"standard","meta":{"footnotes":""},"categories":[14],"tags":[23,57,28,29,32,33,22,30,31,35,39,38,36,37,34,40,20,26,27,24,25,54,55,56,21,58],"class_list":{"0":"post-97717","1":"post","2":"type-post","3":"status-publish","4":"format-standard","5":"has-post-thumbnail","7":"category-zinas-no-arvalstim","8":"tag-aktualitates","9":"tag-arvalstim","10":"tag-breaking-news","11":"tag-breakingnews","12":"tag-featured-news","13":"tag-featurednews","14":"tag-headlines","15":"tag-latest-news","16":"tag-latestnews","17":"tag-latvia","18":"tag-latvian","19":"tag-latviesu","20":"tag-latviesu-valoda","21":"tag-latviesuvaloda","22":"tag-latvija","23":"tag-lv","24":"tag-news","25":"tag-popularakas-zinas","26":"tag-popularakaszinas","27":"tag-top-stories","28":"tag-topstories","29":"tag-world","30":"tag-world-news","31":"tag-worldnews","32":"tag-zinas","33":"tag-zinas-no-arvalstim"},"share_on_mastodon":{"url":"https:\/\/pubeurope.com\/@lv\/115856281580595918","error":""},"_links":{"self":[{"href":"https:\/\/www.europesays.com\/lv\/wp-json\/wp\/v2\/posts\/97717","targetHints":{"allow":["GET"]}}],"collection":[{"href":"https:\/\/www.europesays.com\/lv\/wp-json\/wp\/v2\/posts"}],"about":[{"href":"https:\/\/www.europesays.com\/lv\/wp-json\/wp\/v2\/types\/post"}],"author":[{"embeddable":true,"href":"https:\/\/www.europesays.com\/lv\/wp-json\/wp\/v2\/users\/2"}],"replies":[{"embeddable":true,"href":"https:\/\/www.europesays.com\/lv\/wp-json\/wp\/v2\/comments?post=97717"}],"version-history":[{"count":0,"href":"https:\/\/www.europesays.com\/lv\/wp-json\/wp\/v2\/posts\/97717\/revisions"}],"wp:featuredmedia":[{"embeddable":true,"href":"https:\/\/www.europesays.com\/lv\/wp-json\/wp\/v2\/media\/97718"}],"wp:attachment":[{"href":"https:\/\/www.europesays.com\/lv\/wp-json\/wp\/v2\/media?parent=97717"}],"wp:term":[{"taxonomy":"category","embeddable":true,"href":"https:\/\/www.europesays.com\/lv\/wp-json\/wp\/v2\/categories?post=97717"},{"taxonomy":"post_tag","embeddable":true,"href":"https:\/\/www.europesays.com\/lv\/wp-json\/wp\/v2\/tags?post=97717"}],"curies":[{"name":"wp","href":"https:\/\/api.w.org\/{rel}","templated":true}]}}