{"id":97719,"date":"2026-01-07T22:56:07","date_gmt":"2026-01-07T22:56:07","guid":{"rendered":"https:\/\/www.europesays.com\/lv\/97719\/"},"modified":"2026-01-07T22:56:07","modified_gmt":"2026-01-07T22:56:07","slug":"gada-sportisti-latvija-skepmeteja-sietina-un-ritenbraucejs-skujins-raksts","status":"publish","type":"post","link":"https:\/\/www.europesays.com\/lv\/97719\/","title":{"rendered":"Gada sportisti Latvij\u0101 \u2013 \u0161\u0137\u0113pmet\u0113ja Sieti\u0146a un rite\u0146brauc\u0113js Skuji\u0146\u0161 \/ Raksts"},"content":{"rendered":"<p>Vieglatl\u0113te Anete Sieti\u0146a un \u0161osejas rite\u0146brauc\u0113js Toms Skuji\u0146\u0161 tre\u0161dien sa\u0146\u0113ma &#8220;Tr\u012bs zvaig\u017e\u0146u balvu&#8221; k\u0101 2025. gada Latvijas lab\u0101kie sportisti.<\/p>\n<p>Sieti\u0146a \u0161o balvu sa\u0146\u0113musi pirmo reizi karjer\u0101, aizvad\u012btaj\u0101 sezon\u0101 izc\u012bnot\u00a0sudraba meda\u013cu pasaules \u010dempion\u0101t\u0101, kas ir augst\u0101kais Latvijas \u0161\u0137\u0113pmet\u0113ju sasniegums pasaules \u010dempion\u0101tos kop\u0161 valsts neatkar\u012bbas atjauno\u0161anas.<\/p>\n<p>Skuji\u0146\u0161, kas \u0161o godu izpeln\u012bjies otro gadu p\u0113c k\u0101rtas, p\u0113rn apliecin\u0101ja sevi k\u0101 vienu no Eiropas un pasaules elites rite\u0146brauc\u0113jiem. Pasaules un Eiropas \u010dempion\u0101tos vi\u0146\u0161 abos izc\u012bn\u012bja piekt\u0101s vietas sp\u0113c\u012bg\u0101 konkurenc\u0113.<\/p>\n<p>Par gada sporta komandu tika atz\u012bta Latvijas v\u012brie\u0161u florbola izlase, kas 2024. gada decembr\u012b, kad bija nosl\u0113gusies laure\u0101tu iesnieg\u0161ana par 2024. gadu, izc\u012bn\u012bja ceturto vietu pasaules \u010dempion\u0101t\u0101. Savuk\u0101rt gada sporta maz\u0101s komandas titulu izpeln\u012bj\u0101s pludmales volejbola duets T\u012bna Graudi\u0146a\/Anastasija Samoilova, kuras k\u013cuva par pasaules \u010dempion\u0113m.<\/p>\n<p>Gada sporta trenera balvu sa\u0146\u0113ma Sieti\u0146as treneris Gints Palameiks, bet bavlu k\u0101 gada jaunatnes treneris sa\u0146\u0113ma pludmales volejbolists M\u0101rti\u0146\u0161 P\u013cavi\u0146\u0161. Par gada sportistu tehniskajos sporta veidos atz\u012bts sp\u012bdveja brauc\u0113js And\u017eejs \u013bebedevs, bet gada uzleco\u0161\u0101s zvaigznes balvu nopeln\u012bja biatloniste Estere Volfa.<\/p>\n<p>Par gada paralimpiskajiem sportistiem tika atz\u012bti paravieglatl\u0113te Di\u0101na Kr\u016bmi\u0146a un paraiej\u0101des sportists Rihards Snikus.<\/p>\n<p>Savuk\u0101rt gada sporta \u017eurn\u0101lista balvu sa\u0146\u0113ma &#8220;Sportacentrs.com&#8221; autors un hokeja apskatnieks Ulvis Bro\u017ee.<\/p>\n<p>K\u0101 gada sporta skolot\u0101js balvu sa\u0146\u0113ma Arvis Sprude, kur\u0161 visu savu skolot\u0101ja karjeru ir velt\u012bjis Indri\u0137a Zeberi\u0146a Kuld\u012bgas pamatskolai. Tikm\u0113r balvu kategorij\u0101 &#8220;M\u016b\u017ea ieguld\u012bjums sport\u0101&#8221; sa\u0146\u0113ma Andris Vitauts K\u013cavi\u0146\u0161, kur\u0161 ir viena no noz\u012bm\u012bg\u0101kaj\u0101m person\u012bb\u0101m Latvijas sievie\u0161u volejbola v\u0113stur\u0113<\/p>\n<p>Par gada \u0123imeni sport\u0101 tika atz\u012bta Ceri\u0146u \u0123imene no C\u0113su novada &#8211; mamma Madara, t\u0113tis Kristaps un vec\u0101kais d\u0113ls K\u0101rlis. Visbeidzot k\u0101 lab\u0101k\u0101 pa\u0161vald\u012bba sport\u0101 tika nov\u0113rt\u0113ta R\u012bgas valstspils\u0113ta.<\/p>\n<p>                    Valodas k\u013c\u016bda rakst\u0101?<\/p>\n<p class=\"d-none d-md-block\">Iez\u012bm\u0113jiet tekstu un spiediet Ctrl+Enter, lai nos\u016bt\u012btu labojamo teksta fragmentu redaktoram! Par faktu k\u013c\u016bd\u0101m l\u016bdzam zi\u0146ot e-past\u0101 <a href=\"https:\/\/www.lsm.lv\/cdn-cgi\/l\/email-protection\" class=\"__cf_email__\" data-cfemail=\"5a283f3e3b313933303b1a36293774362c\" rel=\"nofollow noopener\" target=\"_blank\">[email\u00a0protected]<\/a>.<\/p>\n<p class=\"d-md-none\">Iez\u012bm\u0113jiet tekstu un spiediet uz Zi\u0146ot par k\u013c\u016bdu pogas, lai nos\u016bt\u012btu labojamo teksta fragmentu redaktoram!<\/p>\n<p>\n                    Zi\u0146ot par k\u013c\u016bdu\n                <\/p>\n","protected":false},"excerpt":{"rendered":"Vieglatl\u0113te Anete Sieti\u0146a un \u0161osejas rite\u0146brauc\u0113js Toms Skuji\u0146\u0161 tre\u0161dien sa\u0146\u0113ma &#8220;Tr\u012bs zvaig\u017e\u0146u balvu&#8221; k\u0101 2025. gada Latvijas lab\u0101kie&hellip;\n","protected":false},"author":2,"featured_media":97720,"comment_status":"","ping_status":"","sticky":false,"template":"","format":"standard","meta":{"footnotes":""},"categories":[5],"tags":[23,28,29,32,33,22,30,31,35,39,38,36,37,34,40,20,26,27,24,25,21],"class_list":{"0":"post-97719","1":"post","2":"type-post","3":"status-publish","4":"format-standard","5":"has-post-thumbnail","7":"category-aktualitates","8":"tag-aktualitates","9":"tag-breaking-news","10":"tag-breakingnews","11":"tag-featured-news","12":"tag-featurednews","13":"tag-headlines","14":"tag-latest-news","15":"tag-latestnews","16":"tag-latvia","17":"tag-latvian","18":"tag-latviesu","19":"tag-latviesu-valoda","20":"tag-latviesuvaloda","21":"tag-latvija","22":"tag-lv","23":"tag-news","24":"tag-popularakas-zinas","25":"tag-popularakaszinas","26":"tag-top-stories","27":"tag-topstories","28":"tag-zinas"},"share_on_mastodon":{"url":"https:\/\/pubeurope.com\/@lv\/115856289494874632","error":""},"_links":{"self":[{"href":"https:\/\/www.europesays.com\/lv\/wp-json\/wp\/v2\/posts\/97719","targetHints":{"allow":["GET"]}}],"collection":[{"href":"https:\/\/www.europesays.com\/lv\/wp-json\/wp\/v2\/posts"}],"about":[{"href":"https:\/\/www.europesays.com\/lv\/wp-json\/wp\/v2\/types\/post"}],"author":[{"embeddable":true,"href":"https:\/\/www.europesays.com\/lv\/wp-json\/wp\/v2\/users\/2"}],"replies":[{"embeddable":true,"href":"https:\/\/www.europesays.com\/lv\/wp-json\/wp\/v2\/comments?post=97719"}],"version-history":[{"count":0,"href":"https:\/\/www.europesays.com\/lv\/wp-json\/wp\/v2\/posts\/97719\/revisions"}],"wp:featuredmedia":[{"embeddable":true,"href":"https:\/\/www.europesays.com\/lv\/wp-json\/wp\/v2\/media\/97720"}],"wp:attachment":[{"href":"https:\/\/www.europesays.com\/lv\/wp-json\/wp\/v2\/media?parent=97719"}],"wp:term":[{"taxonomy":"category","embeddable":true,"href":"https:\/\/www.europesays.com\/lv\/wp-json\/wp\/v2\/categories?post=97719"},{"taxonomy":"post_tag","embeddable":true,"href":"https:\/\/www.europesays.com\/lv\/wp-json\/wp\/v2\/tags?post=97719"}],"curies":[{"name":"wp","href":"https:\/\/api.w.org\/{rel}","templated":true}]}}