{"id":97721,"date":"2026-01-07T22:57:06","date_gmt":"2026-01-07T22:57:06","guid":{"rendered":"https:\/\/www.europesays.com\/lv\/97721\/"},"modified":"2026-01-07T22:57:06","modified_gmt":"2026-01-07T22:57:06","slug":"kaboverdes-muzikas-diva-nensija-vieira-uzstasies-vef-kulturas-pili-riga-12-februari-lente-lv","status":"publish","type":"post","link":"https:\/\/www.europesays.com\/lv\/97721\/","title":{"rendered":"Kaboverdes m\u016bzikas d\u012bva Nensija Vieira uzst\u0101sies VEF Kult\u016bras pil\u012b R\u012bg\u0101 12. febru\u0101r\u012b\u00a0\u2014\u00a0Lente.lv"},"content":{"rendered":"<p>Diva no Kaboverdes sniegs koncertu R\u012bg\u0101<\/p>\n<p>K\u0101 zi\u0146o av\u012bze Diena, 2026. gada 12. febru\u0101r\u012b VEF Kult\u016bras pil\u012b R\u012bg\u0101 uzst\u0101sies pasaul\u0113 iem\u012b\u013cot\u0101 Kaboverdes dzied\u0101t\u0101ja Nensija Vieira. Vi\u0146a tiek uzskat\u012bta par vienu no izteiksm\u012bg\u0101kaj\u0101m un emocion\u0101l\u0101kaj\u0101m bals\u012bm portug\u0101\u013cu valodas m\u016bzik\u0101. Koncerts sol\u0101s b\u016bt \u012bpa\u0161s muzik\u0101ls notikums, kas apvieno siltumu, izsmalcin\u0101t\u012bbu un autentiskumu, sniedzot klaus\u012bt\u0101jiem iesp\u0113ju izbaud\u012bt m\u016bziku, kas savieno cilv\u0113kus p\u0101ri kontinentiem un valod\u0101m.<\/p>\n<p>Muzik\u0101ls ce\u013cojums ar Kaboverdes dv\u0113seli<\/p>\n<p>Nensijas Vieiras balss siltums, autentiskums un st\u0101st\u012bjuma sp\u0113ks aizrauj klaus\u012bt\u0101jus vis\u0101 pasaul\u0113, vedot vi\u0146us emocion\u0101l\u0101 ce\u013cojum\u0101. Vi\u0146as dzied\u0101jum\u0101 atkl\u0101jas Kaboverdes tautas sap\u0146i, ilgas, prieks un dz\u012bvesgudr\u012bba, skanot v\u0113sturei, j\u016brai, trad\u012bcij\u0101m un cilv\u0113ku st\u0101stiem. Dzied\u0101t\u0101ja bie\u017ei tiek d\u0113v\u0113ta par le\u0123end\u0101r\u0101s bask\u0101jain\u0101s d\u012bvas Sez\u0101rijas Evoras muzik\u0101lo mantinieci, jo vi\u0146as bals\u012b savijas gan j\u016bras v\u0113ja maigums, gan Kaboverdes salu melanholija, gan Lisabonas ko\u0161ie ritmi. Kop\u0161 savas karjeras s\u0101kuma devi\u0146desmitajos gados, Nensija Vieira ir k\u013cuvusi par vienu no spilgt\u0101kaj\u0101m Kaboverdes kult\u016bras v\u0113stniec\u0113m pasaul\u0113.<\/p>\n<p>Albums &#8220;Gente&#8221; un m\u016bzikas daudzveid\u012bba<\/p>\n<p>Koncert\u0101 VEF Kult\u016bras pil\u012b skan\u0113s dziesmas no dzied\u0101t\u0101jas jaun\u0101k\u0101 albuma \u201cGente\u201d (Cilv\u0113ki). \u0160is albums turpina vi\u0146as iepriek\u0161\u0113j\u0101 darba \u201cManh\u00e3 Florida\u201d (2018) lirisko un emocion\u0101lo virzienu, un ir velt\u012bts cilv\u0113kiem, satik\u0161an\u0101m un dz\u012bves gait\u0101m. Album\u0101 bag\u0101t\u012bgi savijas da\u017e\u0101di m\u016bzikas stili, tai skait\u0101 morna, fado, samba, batuka, d\u017eeza un popm\u016bzikas elementi, radot daudzsl\u0101\u0146ainu un m\u016bsdien\u012bgu ska\u0146u pasauli. Pats albums rad\u012bts \u201c\u0161odien\u0101 ar skatu uz r\u012btdienu\u201d, k\u0101 saka pati Nensija Vieira, uzsverot, ka pag\u0101tne ir svar\u012bga vien\u012bgi t\u0101p\u0113c, ka t\u0101 m\u016bs atvedusi l\u012bdz \u0161im br\u012bdim \u2013 l\u012bdz m\u016bzikai un cilv\u0113kiem.<\/p>\n<p>Par Nensiju Vj\u0113iru<\/p>\n<p>Nensija Vieira dzimusi 1975. gad\u0101 Bisavas pils\u0113t\u0101, Gvinej\u0101-Bisav\u0101, Kaboverdes vec\u0101kiem. V\u0113l\u0101k vi\u0146a p\u0101rc\u0113l\u0101s uz Kaboverdi, un jau b\u0113rn\u012bb\u0101 kop\u0101 ar \u0123imeni imigr\u0113ja uz Lisabonu, kad vi\u0146ai bija 14 gadu. Vi\u0146as muzik\u0101lais stils raksturojas ar Kaboverdes ritmisko trad\u012bciju un starptautisku ietekmju, galvenok\u0101rt no Braz\u012blijas un Kar\u012bbu re\u0123iona, sapl\u016bsmi. Nensija ir uzst\u0101jusies ne tikai Portug\u0101l\u0113 un Kaboverd\u0113, bet ar\u012b Apvienotaj\u0101 Karalist\u0113, N\u012bderland\u0113, ASV, Angol\u0101 un citviet. Vi\u0146a tiek uzskat\u012bta par vienu no spilgt\u0101kaj\u0101m Kaboverdes m\u016bzikas bals\u012bm, kuras karjera s\u0101k\u0101s devi\u0146desmitajos gados.<\/p>\n<p>Bi\u013cetes un inform\u0101cija<\/p>\n<p>Bi\u013cetes uz Nensijas Vieiras koncertu VEF Kult\u016bras pil\u012b ir pieejamas vis\u0101s SIA \u201cBi\u013ce\u0161u parad\u012bze\u201d kas\u0113s, VEF Kult\u016bras pils inform\u0101cijas centr\u0101 un internet\u0101. Pas\u0101kuma organizators inform\u0113, ka koncerta laik\u0101 tiks veikta foto un video uz\u0146em\u0161ana masu mediju un publicit\u0101tes vajadz\u012bb\u0101m.<\/p>\n","protected":false},"excerpt":{"rendered":"Diva no Kaboverdes sniegs koncertu R\u012bg\u0101 K\u0101 zi\u0146o av\u012bze Diena, 2026. gada 12. febru\u0101r\u012b VEF Kult\u016bras pil\u012b R\u012bg\u0101&hellip;\n","protected":false},"author":2,"featured_media":97722,"comment_status":"","ping_status":"","sticky":false,"template":"","format":"standard","meta":{"footnotes":""},"categories":[19],"tags":[89,90,24066,202,35,39,38,36,37,34,40,24065,172,431],"class_list":{"0":"post-97721","1":"post","2":"type-post","3":"status-publish","4":"format-standard","5":"has-post-thumbnail","7":"category-izklaide","8":"tag-entertainment","9":"tag-izklaide","10":"tag-kaboverdes-muzika","11":"tag-koncerts","12":"tag-latvia","13":"tag-latvian","14":"tag-latviesu","15":"tag-latviesu-valoda","16":"tag-latviesuvaloda","17":"tag-latvija","18":"tag-lv","19":"tag-nensija-vieira","20":"tag-riga","21":"tag-vef-kulturas-pils"},"share_on_mastodon":{"url":"https:\/\/pubeurope.com\/@lv\/115856293505042759","error":""},"_links":{"self":[{"href":"https:\/\/www.europesays.com\/lv\/wp-json\/wp\/v2\/posts\/97721","targetHints":{"allow":["GET"]}}],"collection":[{"href":"https:\/\/www.europesays.com\/lv\/wp-json\/wp\/v2\/posts"}],"about":[{"href":"https:\/\/www.europesays.com\/lv\/wp-json\/wp\/v2\/types\/post"}],"author":[{"embeddable":true,"href":"https:\/\/www.europesays.com\/lv\/wp-json\/wp\/v2\/users\/2"}],"replies":[{"embeddable":true,"href":"https:\/\/www.europesays.com\/lv\/wp-json\/wp\/v2\/comments?post=97721"}],"version-history":[{"count":0,"href":"https:\/\/www.europesays.com\/lv\/wp-json\/wp\/v2\/posts\/97721\/revisions"}],"wp:featuredmedia":[{"embeddable":true,"href":"https:\/\/www.europesays.com\/lv\/wp-json\/wp\/v2\/media\/97722"}],"wp:attachment":[{"href":"https:\/\/www.europesays.com\/lv\/wp-json\/wp\/v2\/media?parent=97721"}],"wp:term":[{"taxonomy":"category","embeddable":true,"href":"https:\/\/www.europesays.com\/lv\/wp-json\/wp\/v2\/categories?post=97721"},{"taxonomy":"post_tag","embeddable":true,"href":"https:\/\/www.europesays.com\/lv\/wp-json\/wp\/v2\/tags?post=97721"}],"curies":[{"name":"wp","href":"https:\/\/api.w.org\/{rel}","templated":true}]}}