{"id":97725,"date":"2026-01-07T23:00:06","date_gmt":"2026-01-07T23:00:06","guid":{"rendered":"https:\/\/www.europesays.com\/lv\/97725\/"},"modified":"2026-01-07T23:00:06","modified_gmt":"2026-01-07T23:00:06","slug":"tramps-aktivi-apspriez-grenlandes-iegadi-zino-baltais-nams","status":"publish","type":"post","link":"https:\/\/www.europesays.com\/lv\/97725\/","title":{"rendered":"Tramps akt\u012bvi apsprie\u017e Grenlandes ieg\u0101di, zi\u0146o Baltais nams"},"content":{"rendered":"<p>&#8220;Tas ir kaut kas t\u0101ds, ko pa\u0161laik akt\u012bvi apsprie\u017e prezidents un vi\u0146a nacion\u0101l\u0101s dro\u0161\u012bbas komanda,&#8221; sac\u012bja preses sekret\u0101re Kerolaina Levita, atbildot uz jaut\u0101jumu par iesp\u0113jamo <a href=\"https:\/\/www.apollo.lv\/term\/555410\/asv\" class=\"topicLink\" target=\"_blank\" rel=\"nofollow noopener\">ASV<\/a> pied\u0101v\u0101jumu ieg\u0101d\u0101ties teritoriju no D\u0101nijas.<\/p>\n<p>&#8220;Vi\u0146a komanda pa\u0161laik run\u0101 par to, k\u0101 var\u0113tu izskat\u012bties potenci\u0101lais pirkums,&#8221; nor\u0101d\u012bja preses sekret\u0101re.<\/p>\n<p>Levita atk\u0101rtoti uzsv\u0113ra &#8211; Tramps uzskata, ka Grenlandes ieg\u016b\u0161ana b\u016btu ASV nacion\u0101l\u0101s dro\u0161\u012bbas interes\u0113s.<\/p>\n<p>&#8220;Vi\u0146\u0161 uzskata, ka Savienoto Valstu interes\u0113s ir attur\u0113t Krieviju un \u0136\u012bnu no agresijas Arktikas re\u0123ion\u0101. T\u0101p\u0113c vi\u0146a komanda pa\u0161laik run\u0101 par to, k\u0101 izskat\u012btos potenci\u0101lais pirkums.&#8221;<\/p>\n<p>Uz jaut\u0101jumu, k\u0101p\u0113c Tramps neizsl\u0113dz milit\u0101ru r\u012bc\u012bbu pret k\u0101du no NATO dal\u012bbvalst\u012bm, Levita atbild\u0113ja: &#8220;Tas nav tas, ko \u0161is prezidents dara. Prezidentam Trampam izskat\u012b\u0161anai vienm\u0113r ir visas izv\u0113les.&#8221;<\/p>\n<p>&#8220;Bet es tikai teik\u0161u, ka prezidenta pirm\u0101 izv\u0113le vienm\u0113r ir bijusi diplom\u0101tija,&#8221; vi\u0146a piebilda.<\/p>\n<p>ASV valsts sekret\u0101rs Marko Rubio tre\u0161dien atsevi\u0161\u0137i pazi\u0146oja, ka n\u0101kamned\u0113\u013c pl\u0101no tikties ar D\u0101nijas p\u0101rst\u0101vjiem, kas p\u0113c Trampa draudiem Grenlandei piepras\u012bju\u0161i sarunas.<\/p>\n<p>&#8220;Es ar vi\u0146iem tik\u0161os n\u0101kamned\u0113\u013c,&#8221; Rubio sac\u012bja \u017eurn\u0101listiem.<\/p>\n","protected":false},"excerpt":{"rendered":"&#8220;Tas ir kaut kas t\u0101ds, ko pa\u0161laik akt\u012bvi apsprie\u017e prezidents un vi\u0146a nacion\u0101l\u0101s dro\u0161\u012bbas komanda,&#8221; sac\u012bja preses sekret\u0101re&hellip;\n","protected":false},"author":2,"featured_media":97726,"comment_status":"","ping_status":"","sticky":false,"template":"","format":"standard","meta":{"footnotes":""},"categories":[14],"tags":[23,57,292,28,29,542,32,33,20878,22,30,31,35,39,38,36,37,34,40,20,26,27,24,25,54,55,56,21,58],"class_list":{"0":"post-97725","1":"post","2":"type-post","3":"status-publish","4":"format-standard","5":"has-post-thumbnail","7":"category-zinas-no-arvalstim","8":"tag-aktualitates","9":"tag-arvalstim","10":"tag-asv","11":"tag-breaking-news","12":"tag-breakingnews","13":"tag-donalds-tramps","14":"tag-featured-news","15":"tag-featurednews","16":"tag-grenlande","17":"tag-headlines","18":"tag-latest-news","19":"tag-latestnews","20":"tag-latvia","21":"tag-latvian","22":"tag-latviesu","23":"tag-latviesu-valoda","24":"tag-latviesuvaloda","25":"tag-latvija","26":"tag-lv","27":"tag-news","28":"tag-popularakas-zinas","29":"tag-popularakaszinas","30":"tag-top-stories","31":"tag-topstories","32":"tag-world","33":"tag-world-news","34":"tag-worldnews","35":"tag-zinas","36":"tag-zinas-no-arvalstim"},"share_on_mastodon":{"url":"https:\/\/pubeurope.com\/@lv\/115856305289118402","error":""},"_links":{"self":[{"href":"https:\/\/www.europesays.com\/lv\/wp-json\/wp\/v2\/posts\/97725","targetHints":{"allow":["GET"]}}],"collection":[{"href":"https:\/\/www.europesays.com\/lv\/wp-json\/wp\/v2\/posts"}],"about":[{"href":"https:\/\/www.europesays.com\/lv\/wp-json\/wp\/v2\/types\/post"}],"author":[{"embeddable":true,"href":"https:\/\/www.europesays.com\/lv\/wp-json\/wp\/v2\/users\/2"}],"replies":[{"embeddable":true,"href":"https:\/\/www.europesays.com\/lv\/wp-json\/wp\/v2\/comments?post=97725"}],"version-history":[{"count":0,"href":"https:\/\/www.europesays.com\/lv\/wp-json\/wp\/v2\/posts\/97725\/revisions"}],"wp:featuredmedia":[{"embeddable":true,"href":"https:\/\/www.europesays.com\/lv\/wp-json\/wp\/v2\/media\/97726"}],"wp:attachment":[{"href":"https:\/\/www.europesays.com\/lv\/wp-json\/wp\/v2\/media?parent=97725"}],"wp:term":[{"taxonomy":"category","embeddable":true,"href":"https:\/\/www.europesays.com\/lv\/wp-json\/wp\/v2\/categories?post=97725"},{"taxonomy":"post_tag","embeddable":true,"href":"https:\/\/www.europesays.com\/lv\/wp-json\/wp\/v2\/tags?post=97725"}],"curies":[{"name":"wp","href":"https:\/\/api.w.org\/{rel}","templated":true}]}}