{"id":97727,"date":"2026-01-07T23:01:32","date_gmt":"2026-01-07T23:01:32","guid":{"rendered":"https:\/\/www.europesays.com\/lv\/97727\/"},"modified":"2026-01-07T23:01:32","modified_gmt":"2026-01-07T23:01:32","slug":"tresdien-kurzemes-piekraste-temperatura-pietuvosies-nulle-gradiem-raksts","status":"publish","type":"post","link":"https:\/\/www.europesays.com\/lv\/97727\/","title":{"rendered":"Tre\u0161dien Kurzemes piekrast\u0113 temperat\u016bra pietuvosies nulle gr\u0101diem \/ Raksts"},"content":{"rendered":"<p>Tre\u0161dien silt\u0101kais laiks gaid\u0101ms Kurzemes rietumos, kur gaisa temperat\u016bra b\u016bs ap nulli, liecina prognozes.\u00a0<\/p>\n<p>Citviet Latvij\u0101 temperat\u016bra b\u016bs -7&#8230;-2 gr\u0101du robe\u017e\u0101s.\u00a0<\/p>\n<p>Debesis b\u016bs liel\u0101koties apm\u0101ku\u0161\u0101s, viet\u0101m Kurzem\u0113 un valsts centr\u0101laj\u0101 da\u013c\u0101 t\u0101s skaidrosies.<\/p>\n<p>No r\u012bta v\u0113l da\u017eviet var nedaudz snigt, bet diena paies bez b\u016btiskiem nokri\u0161\u0146iem.<\/p>\n<p>P\u016bt\u012bs l\u0113ns main\u012bga virziena v\u0113j\u0161.<\/p>\n<p>R\u012bg\u0101 nokri\u0161\u0146i nav gaid\u0101mi, br\u012b\u017eiem var uzsp\u012bd\u0113t saule, temperat\u016bra b\u016bs ap -4 gr\u0101diem.<\/p>\n<p>Apledoju\u0161i ce\u013ci vis\u0101 Latvij\u0101<\/p>\n<p>Tre\u0161dienas\u00a0r\u012bt\u0101 uz plkst. 6.30 sniegs un apledojums vis\u0101 Latvij\u0101 apgr\u016btina brauk\u0161anu pa valsts galvenajiem un re\u0123ion\u0101lajiem autoce\u013ciem. Lai uzlabotu brauk\u0161anas apst\u0101k\u013cus, ce\u013cu uztur\u0113\u0161anas darbos iesaist\u012btas 135 ziemas dienesta tehnikas vien\u012bbas, inform\u0113ja VSIA &#8220;Latvijas valsts ce\u013ci&#8221;.<\/p>\n<p>Apgr\u016btin\u0101ti brauk\u0161anas apst\u0101k\u013ci uz valsts galvenajiem autoce\u013ciem:<\/p>\n<ul>\n<li>Tallinas \u0161oseja (A1) vis\u0101 posm\u0101;<\/li>\n<li>Vidzemes \u0161oseja (A2) vis\u0101 posm\u0101;<\/li>\n<li>Valmieras \u0161oseja (A3) vis\u0101 posm\u0101;<\/li>\n<li>R\u012bgas apvedce\u013c\u0161 ( Salaspils-Baltezers) (A4) vis\u0101 posm\u0101;<\/li>\n<li>R\u012bgas apvedce\u013c\u0161 (Salaspils-Bab\u012bte) (A5) vis\u0101 posm\u0101;<\/li>\n<li>Daugavpils \u0161osejas (A6) vis\u0101 posm\u0101;<\/li>\n<li>Bauskas \u0161oseja (A7) vis\u0101 posm\u0101;<\/li>\n<li>Jelgavas \u0161oseja (A8) vis\u0101 posm\u0101;<\/li>\n<li>Liep\u0101jas \u0161osejas (A9) vis\u0101 posm\u0101;<\/li>\n<li>Ventspils \u0161osejas (A10) posm\u0101 no R\u012bgas l\u012bdz Strazdei;<\/li>\n<li>Liep\u0101ja-Lietuvas robe\u017ea(Rucava) (A11) vis\u0101 posm\u0101;<\/li>\n<li>R\u0113zeknes \u0161oseja (A12) vis\u0101\u00a0 posm\u0101;\u00a0<\/li>\n<li>autoce\u013c\u0161 Krievijas robe\u017ea (Greb\u0146eva) \u2013 R\u0113zekne \u2013 Daugavpils \u2013 Lietuvas robe\u017ea (Medumi) (A13) vis\u0101\u00a0posm\u0101;<\/li>\n<li>Daugavpils apvedce\u013c\u0161 (A14) vis\u0101 posm\u0101;<\/li>\n<li>R\u0113zeknes apvedce\u013c\u0161 (A15) vis\u0101 posm\u0101;<\/li>\n<li>valsts re\u0123ion\u0101lais autoce\u013c\u0161 T\u012bn\u016b\u017ei\u2013Koknese (P80) vis\u0101 posm\u0101.<\/li>\n<\/ul>\n<p>Uz re\u0123ion\u0101lajiem autoce\u013ciem apgr\u016btin\u0101ta brauk\u0161ana ir vis\u0101 Latvij\u0101.<\/p>\n<p>                    Valodas k\u013c\u016bda rakst\u0101?<\/p>\n<p class=\"d-none d-md-block\">Iez\u012bm\u0113jiet tekstu un spiediet Ctrl+Enter, lai nos\u016bt\u012btu labojamo teksta fragmentu redaktoram! Par faktu k\u013c\u016bd\u0101m l\u016bdzam zi\u0146ot e-past\u0101 <a href=\"https:\/\/www.lsm.lv\/cdn-cgi\/l\/email-protection\" class=\"__cf_email__\" data-cfemail=\"8dffe8e9ece6eee4e7eccde1fee0a3e1fb\" rel=\"nofollow noopener\" target=\"_blank\">[email\u00a0protected]<\/a>.<\/p>\n<p class=\"d-md-none\">Iez\u012bm\u0113jiet tekstu un spiediet uz Zi\u0146ot par k\u013c\u016bdu pogas, lai nos\u016bt\u012btu labojamo teksta fragmentu redaktoram!<\/p>\n<p>\n                    Zi\u0146ot par k\u013c\u016bdu\n                <\/p>\n","protected":false},"excerpt":{"rendered":"Tre\u0161dien silt\u0101kais laiks gaid\u0101ms Kurzemes rietumos, kur gaisa temperat\u016bra b\u016bs ap nulli, liecina prognozes.\u00a0 Citviet Latvij\u0101 temperat\u016bra b\u016bs&hellip;\n","protected":false},"author":2,"featured_media":97728,"comment_status":"","ping_status":"","sticky":false,"template":"","format":"standard","meta":{"footnotes":""},"categories":[12],"tags":[23,28,29,32,33,22,30,31,35,39,38,36,37,34,40,20,26,27,24,25,21],"class_list":{"0":"post-97727","1":"post","2":"type-post","3":"status-publish","4":"format-standard","5":"has-post-thumbnail","7":"category-latvija","8":"tag-aktualitates","9":"tag-breaking-news","10":"tag-breakingnews","11":"tag-featured-news","12":"tag-featurednews","13":"tag-headlines","14":"tag-latest-news","15":"tag-latestnews","16":"tag-latvia","17":"tag-latvian","18":"tag-latviesu","19":"tag-latviesu-valoda","20":"tag-latviesuvaloda","21":"tag-latvija","22":"tag-lv","23":"tag-news","24":"tag-popularakas-zinas","25":"tag-popularakaszinas","26":"tag-top-stories","27":"tag-topstories","28":"tag-zinas"},"share_on_mastodon":{"url":"https:\/\/pubeurope.com\/@lv\/115856309558440279","error":""},"_links":{"self":[{"href":"https:\/\/www.europesays.com\/lv\/wp-json\/wp\/v2\/posts\/97727","targetHints":{"allow":["GET"]}}],"collection":[{"href":"https:\/\/www.europesays.com\/lv\/wp-json\/wp\/v2\/posts"}],"about":[{"href":"https:\/\/www.europesays.com\/lv\/wp-json\/wp\/v2\/types\/post"}],"author":[{"embeddable":true,"href":"https:\/\/www.europesays.com\/lv\/wp-json\/wp\/v2\/users\/2"}],"replies":[{"embeddable":true,"href":"https:\/\/www.europesays.com\/lv\/wp-json\/wp\/v2\/comments?post=97727"}],"version-history":[{"count":0,"href":"https:\/\/www.europesays.com\/lv\/wp-json\/wp\/v2\/posts\/97727\/revisions"}],"wp:featuredmedia":[{"embeddable":true,"href":"https:\/\/www.europesays.com\/lv\/wp-json\/wp\/v2\/media\/97728"}],"wp:attachment":[{"href":"https:\/\/www.europesays.com\/lv\/wp-json\/wp\/v2\/media?parent=97727"}],"wp:term":[{"taxonomy":"category","embeddable":true,"href":"https:\/\/www.europesays.com\/lv\/wp-json\/wp\/v2\/categories?post=97727"},{"taxonomy":"post_tag","embeddable":true,"href":"https:\/\/www.europesays.com\/lv\/wp-json\/wp\/v2\/tags?post=97727"}],"curies":[{"name":"wp","href":"https:\/\/api.w.org\/{rel}","templated":true}]}}