{"id":97736,"date":"2026-01-07T23:09:09","date_gmt":"2026-01-07T23:09:09","guid":{"rendered":"https:\/\/www.europesays.com\/lv\/97736\/"},"modified":"2026-01-07T23:09:09","modified_gmt":"2026-01-07T23:09:09","slug":"ne-tikai-jauniesu-lieta-koru-karos-sevi-specigi-piesaka-ari-pieredzejusas-dziedatajas","status":"publish","type":"post","link":"https:\/\/www.europesays.com\/lv\/97736\/","title":{"rendered":"Ne tikai jaunie\u0161u lieta! \u201dKoru karos\u201d sevi sp\u0113c\u012bgi piesaka ar\u012b pieredz\u0113ju\u0161as dzied\u0101t\u0101jas"},"content":{"rendered":"<p>Kam\u0113r da\u017ei jaunie\u0161i nesl\u0113pj, ka atlases d\u0113\u013c kav\u0113 skolu, Ilze un Iveta no R\u012bgas uzver\u00a0 \u2013 darbs atbalsta dal\u012bbu \u201cKoru karos\u201d! Ilze str\u0101d\u0101 skaistumkop\u0161an\u0101 un, ja vi\u0146a tiks pa\u0146emta R\u012bgas kor\u012b, skaisti b\u016bs ne tikai pa\u0161i koristi, bet ar\u012b atbalst\u012bt\u0101jas z\u0101l\u0113 \u2013 vi\u0146as klientes!<\/p>\n<p>\u201cEs draugiem pie egl\u012btes apsol\u012bju, ka atn\u0101k\u0161u un pieteik\u0161os,\u201d par atlasi k\u0101 Jaungada ap\u0146em\u0161anos smejas Ilze.<\/p>\n<p>Savuk\u0101rt Ivetu \u0161ovam pieteicis vec\u0101kais d\u0113ls, bet vi\u0146u noteikti atbalst\u012bs \u012bpa\u0161i jaun\u0101 paaudze \u2013 Iveta ikdien\u0101 ir pirmsskolas skolot\u0101ja.<\/p>\n<p>Vai k\u0101du no vi\u0146\u0101m M\u0101ra Upmane-Hol\u0161teine \u0146ems sav\u0101 kor\u012b? To noskaidrosim jau dr\u012bzum\u0101!<\/p>\n<p class=\"tv3-fw-500\">Zi\u0146o par k\u013c\u016bdu rakst\u0101<\/p>\n<p class=\"d-md-block d-none\">Iez\u012bm\u0113 k\u013c\u016bdaino tekstu un spied Ctrl+Enter.<\/p>\n<p class=\"d-md-none d-block\">Iez\u012bm\u0113 k\u013c\u016bdaino tekstu un zi\u0146o par to!<\/p>\n","protected":false},"excerpt":{"rendered":"Kam\u0113r da\u017ei jaunie\u0161i nesl\u0113pj, ka atlases d\u0113\u013c kav\u0113 skolu, Ilze un Iveta no R\u012bgas uzver\u00a0 \u2013 darbs atbalsta&hellip;\n","protected":false},"author":2,"featured_media":97737,"comment_status":"","ping_status":"","sticky":false,"template":"","format":"standard","meta":{"footnotes":""},"categories":[19],"tags":[9975,89,90,35,39,38,36,37,34,40],"class_list":{"0":"post-97736","1":"post","2":"type-post","3":"status-publish","4":"format-standard","5":"has-post-thumbnail","7":"category-izklaide","8":"tag-koru-kari","9":"tag-entertainment","10":"tag-izklaide","11":"tag-latvia","12":"tag-latvian","13":"tag-latviesu","14":"tag-latviesu-valoda","15":"tag-latviesuvaloda","16":"tag-latvija","17":"tag-lv"},"share_on_mastodon":{"url":"https:\/\/pubeurope.com\/@lv\/115856340680809212","error":""},"_links":{"self":[{"href":"https:\/\/www.europesays.com\/lv\/wp-json\/wp\/v2\/posts\/97736","targetHints":{"allow":["GET"]}}],"collection":[{"href":"https:\/\/www.europesays.com\/lv\/wp-json\/wp\/v2\/posts"}],"about":[{"href":"https:\/\/www.europesays.com\/lv\/wp-json\/wp\/v2\/types\/post"}],"author":[{"embeddable":true,"href":"https:\/\/www.europesays.com\/lv\/wp-json\/wp\/v2\/users\/2"}],"replies":[{"embeddable":true,"href":"https:\/\/www.europesays.com\/lv\/wp-json\/wp\/v2\/comments?post=97736"}],"version-history":[{"count":0,"href":"https:\/\/www.europesays.com\/lv\/wp-json\/wp\/v2\/posts\/97736\/revisions"}],"wp:featuredmedia":[{"embeddable":true,"href":"https:\/\/www.europesays.com\/lv\/wp-json\/wp\/v2\/media\/97737"}],"wp:attachment":[{"href":"https:\/\/www.europesays.com\/lv\/wp-json\/wp\/v2\/media?parent=97736"}],"wp:term":[{"taxonomy":"category","embeddable":true,"href":"https:\/\/www.europesays.com\/lv\/wp-json\/wp\/v2\/categories?post=97736"},{"taxonomy":"post_tag","embeddable":true,"href":"https:\/\/www.europesays.com\/lv\/wp-json\/wp\/v2\/tags?post=97736"}],"curies":[{"name":"wp","href":"https:\/\/api.w.org\/{rel}","templated":true}]}}