{"id":97740,"date":"2026-01-07T23:13:31","date_gmt":"2026-01-07T23:13:31","guid":{"rendered":"https:\/\/www.europesays.com\/lv\/97740\/"},"modified":"2026-01-07T23:13:31","modified_gmt":"2026-01-07T23:13:31","slug":"pirceju-mekleja-astonus-gadus-pardota-mara-un-zaigas-gailu-maja-kaltene","status":"publish","type":"post","link":"https:\/\/www.europesays.com\/lv\/97740\/","title":{"rendered":"Pirc\u0113ju mekl\u0113ja asto\u0146us gadus; p\u0101rdota M\u0101ra un Zaigas Gai\u013cu m\u0101ja Kalten\u0113"},"content":{"rendered":"<p class=\"lead\">\n                                Par tr\u012bs miljoniem eiro p\u0101rdota biju\u0161\u0101 premjera un uz\u0146\u0113m\u0113ja M\u0101ra Gai\u013ca vasaras m\u0101ja Rojas pagasta Kalten\u0113 &#8220;Lieldienu sala&#8221;, liecina Zemesgr\u0101matas inform\u0101cija.\n                            <\/p>\n<p style=\"margin-left:0px;\">Pamatojoties uz 2025. gada 5. decembra pirkuma l\u012bgumu, par \u0113kas \u012bpa\u0161nieku k\u013cuvusi SIA &#8220;Silver Group&#8221;, kuras \u012bpa\u0161nieks ir Alens Baibekovs. &#8220;Silver Group&#8221; ir 46,01% kapit\u0101lda\u013cu \u012bpa\u0161niece SIA &#8220;Booking Group&#8221;, kurai pieder Latvijas autonomas starpniec\u012bbas uz\u0146\u0113mums SIA &#8220;Booking Group Corporation&#8221;, kas p\u0101rst\u0101v vietni &#8220;EconomyBookings.com&#8221;.<\/p>\n<p style=\"margin-left:0px;\">Gailis sac\u012bja, ka, vi\u0146apr\u0101t, summa, par k\u0101du izdevies \u012bpa\u0161umu p\u0101rdot, ir adekv\u0101ta t\u0101 v\u0113rt\u012bbai. Gailis atzina, ka \u0161\u0101diem \u012bpa\u0161umiem Latvij\u0101 \u012bsti nav tirgus &#8211; ja J\u016brmal\u0101 \u012bpa\u0161umus \u0161\u0101d\u0101 v\u0113rt\u012bb\u0101 v\u0113l var p\u0101rdot, tad t\u0101l\u0101k\u0101s viet\u0101s k\u0101 Kaltene tas jau ir \u013coti gr\u016bti.<\/p>\n<p style=\"margin-left:0px;\">Gailis uzsv\u0113ra, ka &#8220;Lieldienu sala&#8221; ir ieguvusi vair\u0101kas arhitekt\u016bras balvas, t\u0101p\u0113c atzin\u012bgi v\u0113rt\u0113ja to, ka pirc\u0113js \u012bpa\u0161umu ieg\u0101d\u0101jies ar visu interjera iek\u0101rtojumu un m\u0113bel\u0113m. &#8220;T\u0101tad sp\u0113ja nov\u0113rt\u0113t \u0113kas arhitektonisko un dizaina v\u0113rt\u012bbu,&#8221; teica Gailis.<\/p>\n<p style=\"margin-left:0px;\">Jaut\u0101ts, vai asto\u0146u gadu laik\u0101, kop\u0161 \u012bpa\u0161ums bija izlikts p\u0101rdo\u0161an\u0101, par to ir bijusi pietiekama pirc\u0113ju interese, Gailis atzina, ka t\u0101 bijusi maza, jo \u012bpa\u0161ums ir \u013coti specifisks objekts. Asto\u0146os gados par \u012bpa\u0161uma ieg\u0101di interes\u0113ju\u0161ies tikai tr\u012bs potenci\u0101lie pirc\u0113ji, no kuriem tre\u0161ais \u012bpa\u0161umu ar\u012b ieg\u0101d\u0101jies.<\/p>\n<p style=\"margin-left:0px;\">P\u0101rdo\u0161an\u0101 Gai\u013ca \u012bpa\u0161ums tika izlikts 2017. gad\u0101.<\/p>\n<p style=\"margin-left:0px;\">Toreiz, jaut\u0101ts, k\u0101p\u0113c izl\u0113mis m\u0101ju p\u0101rdot, Gailis skaidroja, ka pien\u0101cis laiks kaut ko main\u012bt. &#8220;Man visp\u0101r ir ieradums main\u012bt vec\u0101s lietas, \u012bpa\u0161i jau vasaras m\u0101jas. Iemeslu daudz, m\u0101ja ir t\u0101lu, t\u0101 ir diezgan unik\u0101la un to var\u0113tu p\u0101rdot par labu cenu,&#8221; st\u0101st\u012bja Gailis.<\/p>\n<p style=\"margin-left:0px;\">Vi\u0146\u0161 uzsv\u0113ra, ka neatkl\u0101s summu, par k\u0101du m\u0101ju v\u0113las p\u0101rdot, vien nor\u0101d\u012bja, ka \u0161\u012b summa noteikti b\u016bs rakst\u0101ma ar septi\u0146iem cipariem, t\u0101tad ne maz\u0101ka par vienu miljonu eiro. &#8220;Tur ta\u010du miljoni jau ir ieguld\u012bti, k\u0101 var p\u0101rdot par maz\u0101ku cenu,&#8221; nor\u0101d\u012bja Gailis.<\/p>\n<p style=\"margin-left:0px;\">&#8220;Viss jau b\u016bs atkar\u012bgs no t\u0101, kas b\u016bs pirc\u0113js. Vienam pirc\u0113jam m\u0101jas p\u0101rdev\u0113js &#8220;Latio&#8221; nosauks vienu ciparu, citam &#8211; citu. Ar\u012b es pats skat\u012b\u0161os, kas m\u0101ju v\u0113las nopirkt, ja pirc\u0113js man nepatiks, tad varu to ar\u012b noraid\u012bt,&#8221; st\u0101st\u012bja Gailis.<\/p>\n<p style=\"margin-left:0px;\">Jaut\u0101ts, cik ilg\u0101 laik\u0101 pl\u0101no m\u0101ju p\u0101rdot, Gailis sac\u012bja, ka parasti \u0161\u0101du objektu p\u0101rdo\u0161anas process prasa vair\u0101kus gadus. &#8220;Man nav kur steigties, vajadz\u012bba nespie\u017e. Taj\u0101 pat laik\u0101 m\u0101ju var izdoties p\u0101rdot ar\u012b p\u0101ris m\u0113ne\u0161u laik\u0101 &#8211; nekad jau nav zin\u0101ms, kad uzrodas \u012bstais pirc\u0113js,&#8221; sac\u012bja Gailis.<\/p>\n<p style=\"margin-left:0px;\">Inform\u0101cija m\u0101jas m\u0101jaslap\u0101 liecina, ka Gai\u013ca dz\u012bvesbiedre, arhitekte Zaiga Gaile, 2006. gad\u0101 izstr\u0101d\u0101ja projektu &#8220;Zivsaimniec\u012bbas s\u016bk\u0146u stacijas rekonstrukcija&#8221;. M\u0101jas b\u016bvniec\u012bba ilga no 2007. gada l\u012bdz 2010. gadam, to b\u016bv\u0113ja SIA &#8220;PS Serviss&#8221;.<\/p>\n<p style=\"margin-left:0px;\">Nama kop\u0113j\u0101 plat\u012bba ir 514,2 kvadr\u0101tmetri. Zemesgabala plat\u012bba ir 10 067 kvadr\u0101tmetri, bet zem\u016bdenes form\u0101 izveidot\u0101s peldu m\u0101jas plat\u012bba ir 52,45 kvadr\u0101tmetri. T\u0101 ir p\u0101rveidots Padomju Savien\u012bbas industri\u0101lais objekts, kas uzb\u016bv\u0113ts uz m\u0101ksl\u012bgas salas 200 metru att\u0101lum\u0101 no j\u016bras krasta. S\u0101kotn\u0113ji t\u0101 bija s\u016bk\u0146u stacija, ko bija paredz\u0113ts izmantot la\u0161u audz\u0113\u0161anas kompleks\u0101 pag\u0101ju\u0161\u0101 gadsimta 80. gados. Savulaik viss projekts bija izmaks\u0101jis asto\u0146us miljonus rub\u013cu, ta\u010du tehnisku gr\u016bt\u012bbu d\u0113\u013c \u0161is komplekss tika pamests un bruka kop\u0101, iepriek\u0161 skaidroja m\u0101jas saimnieki.<\/p>\n<p style=\"margin-left:0px;\">M\u0101j\u0101 izvietota gar\u0101\u017ea div\u0101m automa\u0161\u012bn\u0101m, dz\u012bvojam\u0101 telpa p\u0101rvaldniekam virs gar\u0101\u017eas, piecas gu\u013camistabas (viena saimnieku un \u010detras viesu), piecas darbistabas (viena saimnieku un \u010detras viesu) un dz\u012bvojam\u0101 halle ar virtuves un atp\u016btas zon\u0101m.<\/p>\n<p style=\"margin-left:0px;\">&#8220;Lieldienu sala&#8221; ir ieguvusi vair\u0101kus apbalvojumus, tostarp Latvijas Arhitekt\u016bras gada balvu 2009. gad\u0101 nomin\u0101cij\u0101 &#8220;Lab\u0101k\u0101 restaur\u0101cija&#8221;, Kult\u016bras mantojuma gada balvu 2007. gad\u0101, 1. vietu nomin\u0101cij\u0101 &#8220;Rekonstrukcija&#8221; Latvijas B\u016bvnieku asoci\u0101cijas konkurs\u0101 &#8220;Gada lab\u0101k\u0101 b\u016bve Latvij\u0101 2007&#8221;, \u010cik\u0101gas arhitekt\u016bras un dizaina muzeja apbalvojumu 2010. gad\u0101. 2012. gad\u0101 &#8220;Lieldienu sala&#8221; iek\u013cuva ar\u012b Pasaules arhitekt\u016bras festiv\u0101la fin\u0101la skat\u0113 Singap\u016br\u0101.<\/p>\n<p><img decoding=\"async\" class=\"img-fluid mb-3\" loading=\"lazy\" src=\"https:\/\/www.europesays.com\/lv\/wp-content\/uploads\/2026\/01\/20260106121819695ce16b03f17.jpg\" alt=\"M\u0101jas eksterjers.\"\/><\/p>\n<p> M\u0101ra un Zaigas Gailes p\u0101rdot\u0101 br\u012bvdienu m\u0101ja Kalten\u0113 <\/p>\n<p> Br\u012bvdienu m\u0101ja Kalten\u0113 <\/p>\n<p>\u00a0<\/p>\n<p class=\"paragraph-muted\">Izv\u0113lies savu soct\u012bklu platformu, lai sekotu LASI.LV: <a href=\"https:\/\/www.facebook.com\/portals.lasi.lv\" target=\"_blank\" rel=\"noopener noreferrer nofollow\">Facebook<\/a>, <a href=\"https:\/\/twitter.com\/lasilvportals\" target=\"_blank\" rel=\"noopener noreferrer nofollow\">X<\/a>, <a href=\"https:\/\/bsky.app\/profile\/lasilv.bsky.social\" target=\"_blank\" rel=\"noopener noreferrer nofollow\">Bluesky<\/a>, <a href=\"https:\/\/www.draugiem.lv\/lasilv\/?pg=4\" target=\"_blank\" rel=\"noopener noreferrer nofollow\">Draugiem<\/a>, <a href=\"https:\/\/www.threads.com\/@lasilv_zinas\" rel=\"nofollow noopener\" target=\"_blank\">Threads<\/a> vai ar\u012b <a href=\"https:\/\/www.instagram.com\/lasilv_zinas\/\" target=\"_blank\" rel=\"noopener noreferrer nofollow\">Instagram<\/a>. Pievienojies m\u016bsu las\u012bt\u0101ju pulkam, lai sa\u0146emtu \u012bpa\u0161i tev atlas\u012btu noder\u012bgu, praktisku un aktu\u0101lu saturu.\u00a0<\/p>\n<p style=\"margin-left:auto;\">Pieraksties LASI.LV redaktora v\u0113stkopai <a href=\"https:\/\/lasi.lv\/vestkopa\/lasi-lv-galvena-redaktora-vestkopa\" rel=\"nofollow noopener\" target=\"_blank\">\u0161eit<\/a>.<\/p>\n<p>Pieraksties v\u0113stkopai un divas reizes ned\u0113\u013c\u0101 sa\u0146em padzi\u013cin\u0101tu LASI.LV galven\u0101 redaktora aktu\u0101lo zi\u0146u, kompetentu viedok\u013cu un interesant\u0101ko interviju apkopojumu.<\/p>\n<p>Ko tu sa\u0146emsi:<\/p>\n<ul>\n<li>Daudzveid\u012bgus koment\u0101rus un kompetentus Latvijas Mediju \u017eurn\u0101listu un autoru viedok\u013cus par aktu\u0101lo<\/li>\n<li>Ekspertu koment\u0101rus par da\u017e\u0101diem praktiskiem, noder\u012bgiem tematiem<\/li>\n<li>Aizraujo\u0161us materi\u0101lus par v\u0113sturi, psiholo\u0123iju, kult\u016bru<\/li>\n<li>Gata \u0160\u013c\u016bkas karikat\u016bru<\/li>\n<li>Tav\u0101 e-pasta kast\u012bt\u0113 katru ceturtdienu<\/li>\n<\/ul>\n<p style=\"margin-left:auto;\">\u00a0<\/p>\n<p><script async src=\"https:\/\/platform.twitter.com\/widgets.js\" charset=\"utf-8\"><\/script><script async src=\"\/\/www.instagram.com\/embed.js\"><\/script><\/p>\n","protected":false},"excerpt":{"rendered":"Par tr\u012bs miljoniem eiro p\u0101rdota biju\u0161\u0101 premjera un uz\u0146\u0113m\u0113ja M\u0101ra Gai\u013ca vasaras m\u0101ja Rojas pagasta Kalten\u0113 &#8220;Lieldienu sala&#8221;,&hellip;\n","protected":false},"author":2,"featured_media":97741,"comment_status":"","ping_status":"","sticky":false,"template":"","format":"standard","meta":{"footnotes":""},"categories":[12],"tags":[23,28,29,32,33,22,30,31,35,39,38,36,37,34,40,20,26,27,24,25,21],"class_list":{"0":"post-97740","1":"post","2":"type-post","3":"status-publish","4":"format-standard","5":"has-post-thumbnail","7":"category-latvija","8":"tag-aktualitates","9":"tag-breaking-news","10":"tag-breakingnews","11":"tag-featured-news","12":"tag-featurednews","13":"tag-headlines","14":"tag-latest-news","15":"tag-latestnews","16":"tag-latvia","17":"tag-latvian","18":"tag-latviesu","19":"tag-latviesu-valoda","20":"tag-latviesuvaloda","21":"tag-latvija","22":"tag-lv","23":"tag-news","24":"tag-popularakas-zinas","25":"tag-popularakaszinas","26":"tag-top-stories","27":"tag-topstories","28":"tag-zinas"},"share_on_mastodon":{"url":"https:\/\/pubeurope.com\/@lv\/115856356301047532","error":""},"_links":{"self":[{"href":"https:\/\/www.europesays.com\/lv\/wp-json\/wp\/v2\/posts\/97740","targetHints":{"allow":["GET"]}}],"collection":[{"href":"https:\/\/www.europesays.com\/lv\/wp-json\/wp\/v2\/posts"}],"about":[{"href":"https:\/\/www.europesays.com\/lv\/wp-json\/wp\/v2\/types\/post"}],"author":[{"embeddable":true,"href":"https:\/\/www.europesays.com\/lv\/wp-json\/wp\/v2\/users\/2"}],"replies":[{"embeddable":true,"href":"https:\/\/www.europesays.com\/lv\/wp-json\/wp\/v2\/comments?post=97740"}],"version-history":[{"count":0,"href":"https:\/\/www.europesays.com\/lv\/wp-json\/wp\/v2\/posts\/97740\/revisions"}],"wp:featuredmedia":[{"embeddable":true,"href":"https:\/\/www.europesays.com\/lv\/wp-json\/wp\/v2\/media\/97741"}],"wp:attachment":[{"href":"https:\/\/www.europesays.com\/lv\/wp-json\/wp\/v2\/media?parent=97740"}],"wp:term":[{"taxonomy":"category","embeddable":true,"href":"https:\/\/www.europesays.com\/lv\/wp-json\/wp\/v2\/categories?post=97740"},{"taxonomy":"post_tag","embeddable":true,"href":"https:\/\/www.europesays.com\/lv\/wp-json\/wp\/v2\/tags?post=97740"}],"curies":[{"name":"wp","href":"https:\/\/api.w.org\/{rel}","templated":true}]}}