{"id":97742,"date":"2026-01-07T23:15:40","date_gmt":"2026-01-07T23:15:40","guid":{"rendered":"https:\/\/www.europesays.com\/lv\/97742\/"},"modified":"2026-01-07T23:15:40","modified_gmt":"2026-01-07T23:15:40","slug":"aktrise-kristena-stjuarte-izteikusi-velmi-reziset-kreslas-jauno-versiju","status":"publish","type":"post","link":"https:\/\/www.europesays.com\/lv\/97742\/","title":{"rendered":"Aktrise Kristena Stjuarte izteikusi v\u0113lmi re\u017eis\u0113t \u201cKr\u0113slas\u201d jauno versiju"},"content":{"rendered":"<p>35 gadus vec\u0101 Stjuarte atzina, ka b\u016btu atv\u0113rta idejai no jauna adapt\u0113t \u0101rk\u0101rt\u012bgi popul\u0101ro vamp\u012bru romantisko filmu fran\u0161\u012bzi \u201cKr\u0113sla\u201d, kas savulaik vi\u0146u padar\u012bja par Holivudas m\u0113roga zvaigzni. \u201cEs to \u013coti grib\u0113tu. Man pat\u012bk, ko izdar\u012bja Ketr\u012bna [H\u0101rdvika], man pat\u012bk, ko izdar\u012bja Kriss [Veics], man pat\u012bk, ko ar \u0161\u012bm film\u0101m paveica visi re\u017eisori,\u201d vi\u0146a sac\u012bja, kad \u017eurn\u0101lists ierosin\u0101ja p\u0101rtais\u012bt filmas.<\/p>\n","protected":false},"excerpt":{"rendered":"35 gadus vec\u0101 Stjuarte atzina, ka b\u016btu atv\u0113rta idejai no jauna adapt\u0113t \u0101rk\u0101rt\u012bgi popul\u0101ro vamp\u012bru romantisko filmu fran\u0161\u012bzi&hellip;\n","protected":false},"author":2,"featured_media":97743,"comment_status":"","ping_status":"","sticky":false,"template":"","format":"standard","meta":{"footnotes":""},"categories":[19],"tags":[89,90,35,39,38,36,37,34,40],"class_list":{"0":"post-97742","1":"post","2":"type-post","3":"status-publish","4":"format-standard","5":"has-post-thumbnail","7":"category-izklaide","8":"tag-entertainment","9":"tag-izklaide","10":"tag-latvia","11":"tag-latvian","12":"tag-latviesu","13":"tag-latviesu-valoda","14":"tag-latviesuvaloda","15":"tag-latvija","16":"tag-lv"},"share_on_mastodon":{"url":"https:\/\/pubeurope.com\/@lv\/115856364318187447","error":""},"_links":{"self":[{"href":"https:\/\/www.europesays.com\/lv\/wp-json\/wp\/v2\/posts\/97742","targetHints":{"allow":["GET"]}}],"collection":[{"href":"https:\/\/www.europesays.com\/lv\/wp-json\/wp\/v2\/posts"}],"about":[{"href":"https:\/\/www.europesays.com\/lv\/wp-json\/wp\/v2\/types\/post"}],"author":[{"embeddable":true,"href":"https:\/\/www.europesays.com\/lv\/wp-json\/wp\/v2\/users\/2"}],"replies":[{"embeddable":true,"href":"https:\/\/www.europesays.com\/lv\/wp-json\/wp\/v2\/comments?post=97742"}],"version-history":[{"count":0,"href":"https:\/\/www.europesays.com\/lv\/wp-json\/wp\/v2\/posts\/97742\/revisions"}],"wp:featuredmedia":[{"embeddable":true,"href":"https:\/\/www.europesays.com\/lv\/wp-json\/wp\/v2\/media\/97743"}],"wp:attachment":[{"href":"https:\/\/www.europesays.com\/lv\/wp-json\/wp\/v2\/media?parent=97742"}],"wp:term":[{"taxonomy":"category","embeddable":true,"href":"https:\/\/www.europesays.com\/lv\/wp-json\/wp\/v2\/categories?post=97742"},{"taxonomy":"post_tag","embeddable":true,"href":"https:\/\/www.europesays.com\/lv\/wp-json\/wp\/v2\/tags?post=97742"}],"curies":[{"name":"wp","href":"https:\/\/api.w.org\/{rel}","templated":true}]}}