{"id":97750,"date":"2026-01-07T23:36:04","date_gmt":"2026-01-07T23:36:04","guid":{"rendered":"https:\/\/www.europesays.com\/lv\/97750\/"},"modified":"2026-01-07T23:36:04","modified_gmt":"2026-01-07T23:36:04","slug":"asv-sanem-lidz-50-miljoniem-venecuelas-naftas-barelu","status":"publish","type":"post","link":"https:\/\/www.europesays.com\/lv\/97750\/","title":{"rendered":"ASV sa\u0146em l\u012bdz 50 miljoniem Venecu\u0113las naftas barelu"},"content":{"rendered":"<p class=\"descr\">ASV prezidents Donalds Tramps otrdien pazi\u0146oja, ka Venecu\u0113las pagaidu vald\u012bba nodos ASV no 30 miljoniem l\u012bdz 50 miljoniem barelu sankcij\u0101m pak\u013cautas naftas un ka \u0161is solis dos labumu ab\u0101m valst\u012bm.<\/p>\n<p>Tramps sav\u0101 soci\u0101lo mediju platform\u0101 &#8220;Truth Social&#8221; rakst\u012bja, ka \u0161\u012b nafta tiks p\u0101rdota par tirgus cen\u0101m un vi\u0146\u0161 k\u0101 prezidents kontrol\u0113s \u0161o pe\u013c\u0146u, lai nodro\u0161in\u0101tu, ka t\u0101 tiek izmantota, &#8220;lai dotu labumu Venecu\u0113las tautai un Savienotaj\u0101m Valst\u012bm&#8221;.<\/p>\n<blockquote><p>&#8220;Es esmu l\u016bdzis ener\u0123\u0113tikas ministru Krisu Raitu nekav\u0113joties \u012bstenot \u0161o pl\u0101nus. T\u0101 (nafta) tiks uz\u0146emta kravas ku\u0123os un aizvesta tie\u0161i uz izkrau\u0161anas dokiem Savienotaj\u0101s Valst\u012bs,&#8221; piebilda Tramps.<\/p><\/blockquote>\n<p><a href=\"https:\/\/nra.lv\/pasaule\/510795-cik-daudz-kareivju-gaja-boja-asv-operacija-venecuela.htm\" data-item-link=\"true\" data-item-id=\"510795\" rel=\"nofollow noopener\" target=\"_blank\">ASV sestdien sag\u016bst\u012bja Venecu\u0113las<\/a> autorit\u0101ro l\u012bderi Nikolasu Maduro un aizveda vi\u0146u uz \u0145ujorku, kur Maduro tiks ties\u0101ts par narkotiku noziegumiem. P\u0113c \u0161\u012bs oper\u0101cijas Tramps pazi\u0146oja, ka ASV p\u0101rvald\u012bs Venecu\u0113lu un t\u0101s milz\u012bgos naftas kr\u0101jumus.<\/p>\n<p>Tramps iepriek\u0161 bija uzsv\u0113ris Venecu\u0113las naftas r\u016bpniec\u012bbas ekonomisko potenci\u0101lu, sakot, ka <a href=\"https:\/\/nra.lv\/pasaule\/501561-tramps-sankcijas-krievijai-tikai-pec-nato-vienotas-ricibas.htm\" data-item-link=\"true\" data-item-id=\"501561\" rel=\"nofollow noopener\" target=\"_blank\">liel\u0101s ASV naftas komp\u0101nijas ieguld\u012bs miljardiem<\/a> dol\u0101ru Venecu\u0113l\u0101, lai salabotu infrastrukt\u016bru un att\u012bst\u012btu naftas ieguvi.<\/p>\n<p>\t\t\t\t\t\tinfo<\/p>\n<p>Uzzini pirmais<br \/>kas interesants noticis Latvij\u0101 un pasaul\u0113,<br \/>pievienojoties mums <a href=\"https:\/\/t.me\/neatkariga\" rel=\"nofollow\">Telegram<\/a> vai <a href=\"https:\/\/whatsapp.com\/channel\/0029VaMLFUH5K3zLU5s4wm3y\" rel=\"nofollow noopener\" target=\"_blank\">Whatsapp<\/a> kan\u0101l\u0101<\/p>\n","protected":false},"excerpt":{"rendered":"ASV prezidents Donalds Tramps otrdien pazi\u0146oja, ka Venecu\u0113las pagaidu vald\u012bba nodos ASV no 30 miljoniem l\u012bdz 50 miljoniem&hellip;\n","protected":false},"author":2,"featured_media":97751,"comment_status":"","ping_status":"","sticky":false,"template":"","format":"standard","meta":{"footnotes":""},"categories":[14],"tags":[23,57,28,29,32,33,22,30,31,35,39,38,36,37,34,40,20,26,27,24,25,54,55,56,21,58],"class_list":{"0":"post-97750","1":"post","2":"type-post","3":"status-publish","4":"format-standard","5":"has-post-thumbnail","7":"category-zinas-no-arvalstim","8":"tag-aktualitates","9":"tag-arvalstim","10":"tag-breaking-news","11":"tag-breakingnews","12":"tag-featured-news","13":"tag-featurednews","14":"tag-headlines","15":"tag-latest-news","16":"tag-latestnews","17":"tag-latvia","18":"tag-latvian","19":"tag-latviesu","20":"tag-latviesu-valoda","21":"tag-latviesuvaloda","22":"tag-latvija","23":"tag-lv","24":"tag-news","25":"tag-popularakas-zinas","26":"tag-popularakaszinas","27":"tag-top-stories","28":"tag-topstories","29":"tag-world","30":"tag-world-news","31":"tag-worldnews","32":"tag-zinas","33":"tag-zinas-no-arvalstim"},"share_on_mastodon":{"url":"https:\/\/pubeurope.com\/@lv\/115856446933744073","error":""},"_links":{"self":[{"href":"https:\/\/www.europesays.com\/lv\/wp-json\/wp\/v2\/posts\/97750","targetHints":{"allow":["GET"]}}],"collection":[{"href":"https:\/\/www.europesays.com\/lv\/wp-json\/wp\/v2\/posts"}],"about":[{"href":"https:\/\/www.europesays.com\/lv\/wp-json\/wp\/v2\/types\/post"}],"author":[{"embeddable":true,"href":"https:\/\/www.europesays.com\/lv\/wp-json\/wp\/v2\/users\/2"}],"replies":[{"embeddable":true,"href":"https:\/\/www.europesays.com\/lv\/wp-json\/wp\/v2\/comments?post=97750"}],"version-history":[{"count":0,"href":"https:\/\/www.europesays.com\/lv\/wp-json\/wp\/v2\/posts\/97750\/revisions"}],"wp:featuredmedia":[{"embeddable":true,"href":"https:\/\/www.europesays.com\/lv\/wp-json\/wp\/v2\/media\/97751"}],"wp:attachment":[{"href":"https:\/\/www.europesays.com\/lv\/wp-json\/wp\/v2\/media?parent=97750"}],"wp:term":[{"taxonomy":"category","embeddable":true,"href":"https:\/\/www.europesays.com\/lv\/wp-json\/wp\/v2\/categories?post=97750"},{"taxonomy":"post_tag","embeddable":true,"href":"https:\/\/www.europesays.com\/lv\/wp-json\/wp\/v2\/tags?post=97750"}],"curies":[{"name":"wp","href":"https:\/\/api.w.org\/{rel}","templated":true}]}}