{"id":97765,"date":"2026-01-08T00:12:12","date_gmt":"2026-01-08T00:12:12","guid":{"rendered":"https:\/\/www.europesays.com\/lv\/97765\/"},"modified":"2026-01-08T00:12:12","modified_gmt":"2026-01-08T00:12:12","slug":"miera-sarunas-ir-sasniegusas-jaunu-paversienu-zelenskis-dod-majienu-kad-varetu-beigties-kars","status":"publish","type":"post","link":"https:\/\/www.europesays.com\/lv\/97765\/","title":{"rendered":"Miera sarunas ir sasniegu\u0161as jaunu pav\u0113rsienu: Zelenskis dod m\u0101jienu, kad var\u0113tu beigties kar\u0161"},"content":{"rendered":"<p>    <img decoding=\"async\" src=\"https:\/\/www.europesays.com\/lv\/wp-content\/uploads\/2025\/11\/12151277-1024x683.jpg\" alt=\"&#10;Volodimirs Zelenskis&#10;\"\/><\/p>\n<p>Volodimirs Zelenskis<\/p>\n<p>Foto. Scanpix\/LETA\/EPA\/VALDEMAR DOVEIKO\n<\/p>\n<p>Ukrainas prezidents Volodimirs Zelenskis netie\u0161i, ta\u010du diezgan skaidri nor\u0101d\u012bjis uz iesp\u0113jamo kara nosl\u0113guma laiku, zi\u0146o \u201cUnian\u201d.<\/p>\n<p>        Las\u012bt\u0101kie<br \/>\n        <a data-imagesrc=\"{&quot;300&quot;:&quot;https:\\\/\\\/lastatic.ams3.cdn.digitaloceanspaces.com\\\/2026\\\/01\\\/kolaza-3-300x186.jpg&quot;,&quot;1024&quot;:&quot;https:\\\/\\\/lastatic.ams3.cdn.digitaloceanspaces.com\\\/2026\\\/01\\\/kolaza-3-1024x635.jpg&quot;,&quot;1536&quot;:&quot;https:\\\/\\\/lastatic.ams3.cdn.digitaloceanspaces.com\\\/2026\\\/01\\\/kolaza-3-1536x952.jpg&quot;,&quot;500&quot;:&quot;https:\\\/\\\/lastatic.ams3.cdn.digitaloceanspaces.com\\\/2026\\\/01\\\/kolaza-3-500x310.jpg&quot;,&quot;800&quot;:&quot;https:\\\/\\\/lastatic.ams3.cdn.digitaloceanspaces.com\\\/2026\\\/01\\\/kolaza-3-800x496.jpg&quot;,&quot;1936&quot;:&quot;https:\\\/\\\/lastatic.ams3.cdn.digitaloceanspaces.com\\\/2026\\\/01\\\/kolaza-3.jpg&quot;}\" data-focuspoint=\"&quot;&quot;\" data-p=\"2489658\" href=\"https:\/\/www.la.lv\/stata-vairs-nebus-dreges-ari-martinsonei-pasniegti-dokumenti-dailes-teatris-skaidro-masu-atlaisanas-iemeslus\" class=\"content-item lazy-load\" wp_automatic_readability=\"2\" rel=\"nofollow noopener\" target=\"_blank\"><\/p>\n<p>                                <img decoding=\"async\" src=\"\" alt=\"\" style=\"\" data-imageid=\"\"\/><\/p>\n<p>\n                                                \u0160tat\u0101 vairs neb\u016bs Dre\u0123es, ar\u012b Martinsonei pasniegti dokumenti: Dailes te\u0101tris skaidro masu atlai\u0161anas iemeslus<br \/>\n                                    104\n                            <\/p>\n<p><\/a><a data-imagesrc=\"{&quot;300&quot;:&quot;https:\\\/\\\/lastatic.ams3.cdn.digitaloceanspaces.com\\\/2026\\\/01\\\/17b1e396-2c9c-4558-bdd3-405119a978ab-300x200.jpg&quot;,&quot;1024&quot;:&quot;https:\\\/\\\/lastatic.ams3.cdn.digitaloceanspaces.com\\\/2026\\\/01\\\/17b1e396-2c9c-4558-bdd3-405119a978ab-1024x683.jpg&quot;,&quot;1536&quot;:&quot;https:\\\/\\\/lastatic.ams3.cdn.digitaloceanspaces.com\\\/2026\\\/01\\\/17b1e396-2c9c-4558-bdd3-405119a978ab-1536x1024.jpg&quot;,&quot;500&quot;:&quot;https:\\\/\\\/lastatic.ams3.cdn.digitaloceanspaces.com\\\/2026\\\/01\\\/17b1e396-2c9c-4558-bdd3-405119a978ab-500x333.jpg&quot;,&quot;800&quot;:&quot;https:\\\/\\\/lastatic.ams3.cdn.digitaloceanspaces.com\\\/2026\\\/01\\\/17b1e396-2c9c-4558-bdd3-405119a978ab-800x533.jpg&quot;,&quot;1800&quot;:&quot;https:\\\/\\\/lastatic.ams3.cdn.digitaloceanspaces.com\\\/2026\\\/01\\\/17b1e396-2c9c-4558-bdd3-405119a978ab.jpg&quot;}\" data-focuspoint=\"&quot;&quot;\" data-p=\"2489199\" href=\"https:\/\/www.la.lv\/kas-notiek-ar-kermeni-ja-nepietiek-magnija-10-trauksmes-signali-ko-tev-vajadzetu-pamanit\" class=\"content-item lazy-load\" wp_automatic_readability=\"2\" rel=\"nofollow noopener\" target=\"_blank\"><\/p>\n<p>                                <img decoding=\"async\" src=\"\" alt=\"\" style=\"\" data-imageid=\"\"\/><\/p>\n<p>                                Veselam<\/p>\n<p>\n                                                Kas notiek ar \u0137ermeni, ja nepietiek magnija: 10 trauksmes sign\u0101li, ko tev vajadz\u0113tu paman\u012bt\n                            <\/p>\n<p><\/a><a data-imagesrc=\"{&quot;300&quot;:&quot;https:\\\/\\\/lastatic.ams3.cdn.digitaloceanspaces.com\\\/2014\\\/08\\\/seniori1-300x197.jpg&quot;,&quot;80&quot;:&quot;https:\\\/\\\/lastatic.ams3.cdn.digitaloceanspaces.com\\\/2014\\\/08\\\/seniori1-80x48.jpg&quot;,&quot;112&quot;:&quot;https:\\\/\\\/lastatic.ams3.cdn.digitaloceanspaces.com\\\/2014\\\/08\\\/seniori1-112x64.jpg&quot;,&quot;664&quot;:&quot;https:\\\/\\\/lastatic.ams3.cdn.digitaloceanspaces.com\\\/2014\\\/08\\\/seniori1-664x436.jpg&quot;,&quot;243&quot;:&quot;https:\\\/\\\/lastatic.ams3.cdn.digitaloceanspaces.com\\\/2014\\\/08\\\/seniori1-243x160.jpg&quot;,&quot;263&quot;:&quot;https:\\\/\\\/lastatic.ams3.cdn.digitaloceanspaces.com\\\/2014\\\/08\\\/seniori1-263x172.jpg&quot;,&quot;513&quot;:&quot;https:\\\/\\\/lastatic.ams3.cdn.digitaloceanspaces.com\\\/2014\\\/08\\\/seniori1-513x338.jpg&quot;,&quot;118&quot;:&quot;https:\\\/\\\/lastatic.ams3.cdn.digitaloceanspaces.com\\\/2014\\\/08\\\/seniori1-118x70.jpg&quot;,&quot;348&quot;:&quot;https:\\\/\\\/lastatic.ams3.cdn.digitaloceanspaces.com\\\/2014\\\/08\\\/seniori1-348x225.jpg&quot;,&quot;90&quot;:&quot;https:\\\/\\\/lastatic.ams3.cdn.digitaloceanspaces.com\\\/2014\\\/08\\\/seniori1-90x58.jpg&quot;,&quot;900&quot;:&quot;https:\\\/\\\/lastatic.ams3.cdn.digitaloceanspaces.com\\\/2014\\\/08\\\/seniori1.jpg&quot;}\" data-focuspoint=\"&quot;&quot;\" data-p=\"2489850\" href=\"https:\/\/www.la.lv\/ari-maizi-ko-est-lai-nodzivotu-lidz-100-gadiem-uztura-specialisti-nosauc-8-ilgmuzibas-partikas-produktus\" class=\"content-item lazy-load\" wp_automatic_readability=\"2\" rel=\"nofollow noopener\" target=\"_blank\"><\/p>\n<p>                                <img decoding=\"async\" src=\"\" alt=\"\" style=\"\" data-imageid=\"\"\/><\/p>\n<p>                                Veselam<\/p>\n<p>\n                                                Ar\u012b maizi?!? Ko \u0113st, lai nodz\u012bvotu l\u012bdz 100 gadiem: uztura speci\u0101listi nosauc 8 ilgm\u016b\u017e\u012bbas p\u0101rtikas produktus\n                            <\/p>\n<p><\/a><br \/>\n        <a class=\"read-more\" href=\"https:\/\/www.la.lv\/top\" rel=\"nofollow noopener\" target=\"_blank\">Las\u012bt citas zi\u0146as<\/a><\/p>\n<p>Kar\u0161 Ukrain\u0101 var\u0113tu beigties 2026. gada pirmaj\u0101 pus\u0113. To Zelenskis pazi\u0146oja sav\u0101 uzrun\u0101 Kipras prezident\u016bras Eiropas Savien\u012bbas Padom\u0113 atkl\u0101\u0161anas ceremonij\u0101.<\/p>\n<p>\u201cRedzam, ka sarunas kop\u0101 ar m\u016bsu Eiropas partneriem, k\u0101 ar\u012b ar Amerikas Savienotaj\u0101m Valst\u012bm un vis\u0101m t\u0101 d\u0113v\u0113t\u0101s \u201cLabas gribas koal\u012bcijas\u201d dal\u012bbvalst\u012bm ir sasniegu\u0161as jaunu pav\u0113rsienu. M\u0113s saprotam, ka \u0161is kar\u0161 var beigties j\u016bsu prezident\u016bras laik\u0101 [ES],\u201d sac\u012bja Zelenskis, uzrun\u0101jot Kipras p\u0101rst\u0101vjus.<\/p>\n<p>    CITI \u0160OBR\u012aD LASA<\/p>\n<p>No t\u0101 izriet, ka runa ir par 2026. gada pirmo pusi, jo Kipra vad\u012bs ES Padomi l\u012bdz 2026. gada 1. j\u016blijam. P\u0113c Zelenska teikt\u0101, Eiropas Savien\u012bbai ir iz\u0161\u0137iro\u0161a loma miera proces\u0101. Vi\u0146\u0161 piebilda, ka sankcijas pret Krievijas Feder\u0101ciju, atbalsts Ukrainai un t\u0101s aizsardz\u012bbas sp\u0113ju stiprin\u0101\u0161ana pal\u012bdz p\u0101rvar\u0113t agresoru.<\/p>\n<p>\u201cTiek gatavota jauna sankciju pakete, tiek sperti daudzi so\u013ci, lai v\u0113rstos pret Krievijas \u0113nu floti, jo katrs dol\u0101rs, ko Krievija zaud\u0113, ir zaud\u0113jums agresoram,\u201d uzsv\u0113ra Zelenskis.<\/p>\n<p>T\u0113mas<\/p>\n<p>    SAIST\u012aTIE RAKSTI<\/p>\n","protected":false},"excerpt":{"rendered":"Volodimirs Zelenskis Foto. Scanpix\/LETA\/EPA\/VALDEMAR DOVEIKO Ukrainas prezidents Volodimirs Zelenskis netie\u0161i, ta\u010du diezgan skaidri nor\u0101d\u012bjis uz iesp\u0113jamo kara nosl\u0113guma&hellip;\n","protected":false},"author":2,"featured_media":4593,"comment_status":"","ping_status":"","sticky":false,"template":"","format":"standard","meta":{"footnotes":""},"categories":[14],"tags":[23,57,28,29,32,33,22,30,31,35,39,38,36,37,34,40,20,26,27,24,25,54,55,56,21,58],"class_list":{"0":"post-97765","1":"post","2":"type-post","3":"status-publish","4":"format-standard","5":"has-post-thumbnail","7":"category-zinas-no-arvalstim","8":"tag-aktualitates","9":"tag-arvalstim","10":"tag-breaking-news","11":"tag-breakingnews","12":"tag-featured-news","13":"tag-featurednews","14":"tag-headlines","15":"tag-latest-news","16":"tag-latestnews","17":"tag-latvia","18":"tag-latvian","19":"tag-latviesu","20":"tag-latviesu-valoda","21":"tag-latviesuvaloda","22":"tag-latvija","23":"tag-lv","24":"tag-news","25":"tag-popularakas-zinas","26":"tag-popularakaszinas","27":"tag-top-stories","28":"tag-topstories","29":"tag-world","30":"tag-world-news","31":"tag-worldnews","32":"tag-zinas","33":"tag-zinas-no-arvalstim"},"share_on_mastodon":{"url":"https:\/\/pubeurope.com\/@lv\/115856588333485564","error":""},"_links":{"self":[{"href":"https:\/\/www.europesays.com\/lv\/wp-json\/wp\/v2\/posts\/97765","targetHints":{"allow":["GET"]}}],"collection":[{"href":"https:\/\/www.europesays.com\/lv\/wp-json\/wp\/v2\/posts"}],"about":[{"href":"https:\/\/www.europesays.com\/lv\/wp-json\/wp\/v2\/types\/post"}],"author":[{"embeddable":true,"href":"https:\/\/www.europesays.com\/lv\/wp-json\/wp\/v2\/users\/2"}],"replies":[{"embeddable":true,"href":"https:\/\/www.europesays.com\/lv\/wp-json\/wp\/v2\/comments?post=97765"}],"version-history":[{"count":0,"href":"https:\/\/www.europesays.com\/lv\/wp-json\/wp\/v2\/posts\/97765\/revisions"}],"wp:featuredmedia":[{"embeddable":true,"href":"https:\/\/www.europesays.com\/lv\/wp-json\/wp\/v2\/media\/4593"}],"wp:attachment":[{"href":"https:\/\/www.europesays.com\/lv\/wp-json\/wp\/v2\/media?parent=97765"}],"wp:term":[{"taxonomy":"category","embeddable":true,"href":"https:\/\/www.europesays.com\/lv\/wp-json\/wp\/v2\/categories?post=97765"},{"taxonomy":"post_tag","embeddable":true,"href":"https:\/\/www.europesays.com\/lv\/wp-json\/wp\/v2\/tags?post=97765"}],"curies":[{"name":"wp","href":"https:\/\/api.w.org\/{rel}","templated":true}]}}