{"id":97771,"date":"2026-01-08T00:31:10","date_gmt":"2026-01-08T00:31:10","guid":{"rendered":"https:\/\/www.europesays.com\/lv\/97771\/"},"modified":"2026-01-08T00:31:10","modified_gmt":"2026-01-08T00:31:10","slug":"par-velesanu-agitacijas-parkapumiem-knab-sodijis-teju-pusi-politisko-organizaciju","status":"publish","type":"post","link":"https:\/\/www.europesays.com\/lv\/97771\/","title":{"rendered":"Par v\u0113l\u0113\u0161anu a\u0123it\u0101cijas p\u0101rk\u0101pumiem KNAB sod\u012bjis teju pusi politisko organiz\u0101ciju"},"content":{"rendered":"<p><a href=\"https:\/\/www.apollo.lv\/term\/37581\/knab\" class=\"topicLink\" target=\"_blank\" rel=\"nofollow noopener\">KNAB<\/a> visbie\u017e\u0101k konstat\u0113ja p\u0101rk\u0101pumus, kas saist\u012bti ar priek\u0161v\u0113l\u0113\u0161anu a\u0123it\u0101cijas ierobe\u017eojumu neiev\u0113ro\u0161anu, tostarp inform\u0101cijas nenor\u0101d\u012b\u0161anu par pl\u0101noto maksas a\u0123it\u0101cijas materi\u0101lu izvieto\u0161anu un izdevumu neiek\u013cau\u0161anu deklar\u0101cij\u0101s.<\/p>\n<p>KNAB Politisko organiz\u0101ciju p\u0101rk\u0101pumu izmekl\u0113\u0161anas noda\u013cas priek\u0161niece Am\u012blija Raituma uzsver, ka p\u0113rn aizvad\u012btais priek\u0161v\u0113l\u0113\u0161anu periods bija intens\u012bv\u0101ks nek\u0101 citus gadus. KNAB sa\u0146\u0113ma vair\u0101k nek\u0101 700 s\u016bdz\u012bbu par iesp\u0113jamiem p\u0101rk\u0101pumiem, kas ir l\u012bdz \u0161im liel\u0101kais sa\u0146emto iesniegumu skaits.<\/p>\n<p>Vi\u0146a akcent\u0113, ka vienlaikus KNAB nov\u0113roja v\u0113l vienu jaunu tendenci &#8211; liel\u0101k\u0101 da\u013ca s\u016bdz\u012bbu attiec\u0101s uz a\u0123it\u0101cijas saturu, tostarp rekl\u0101m\u0101s pausto apgalvojumu atbilst\u012bbu politisko organiz\u0101ciju programm\u0101s defin\u0113tajiem m\u0113r\u0137iem, ko KNAB k\u0101 uzraugo\u0161ajai iest\u0101dei nav ties\u012bbu izv\u0113rt\u0113t.<\/p>\n<p>KNAB p\u0101rbaud\u012bja 45 politisko partiju un to apvien\u012bbu, kas kandid\u0113ja 2025. gada 7. j\u016bnija pa\u0161vald\u012bbu v\u0113l\u0113\u0161an\u0101s, ie\u0146\u0113mumu un izdevumu deklar\u0101cij\u0101s nor\u0101d\u012bto inform\u0101ciju. P\u0101rbaud\u012bt\u0101 inform\u0101cija par\u0101da, ka priek\u0161v\u0113l\u0113\u0161anu a\u0123it\u0101cijas period\u0101 politiskaj\u0101m organiz\u0101cij\u0101m bija 2 353 833 eiro ie\u0146\u0113mumi un 6 185 924 eiro izdevumi, no kuriem politisk\u0101s organiz\u0101cijas 44% jeb 2 709 996 eiro izlietoju\u0161as limit\u0113tajiem m\u0113r\u0137iem &#8211; a\u0123it\u0101cijas materi\u0101lu izvieto\u0161anai un labdar\u012bbai. KNAB p\u0101rbau\u017eu laik\u0101 guva p\u0101rliec\u012bbu, ka politisk\u0101s organiz\u0101cijas iev\u0113roju\u0161as t\u0101m noteikto priek\u0161v\u0113l\u0113\u0161anu a\u0123it\u0101cijas izdevumu limitus.<\/p>\n","protected":false},"excerpt":{"rendered":"KNAB visbie\u017e\u0101k konstat\u0113ja p\u0101rk\u0101pumus, kas saist\u012bti ar priek\u0161v\u0113l\u0113\u0161anu a\u0123it\u0101cijas ierobe\u017eojumu neiev\u0113ro\u0161anu, tostarp inform\u0101cijas nenor\u0101d\u012b\u0161anu par pl\u0101noto maksas a\u0123it\u0101cijas&hellip;\n","protected":false},"author":2,"featured_media":97772,"comment_status":"","ping_status":"","sticky":false,"template":"","format":"standard","meta":{"footnotes":""},"categories":[12],"tags":[23,28,29,32,33,22,4027,30,31,35,39,38,36,37,34,40,20,24070,26,27,24,25,21],"class_list":{"0":"post-97771","1":"post","2":"type-post","3":"status-publish","4":"format-standard","5":"has-post-thumbnail","7":"category-latvija","8":"tag-aktualitates","9":"tag-breaking-news","10":"tag-breakingnews","11":"tag-featured-news","12":"tag-featurednews","13":"tag-headlines","14":"tag-knab","15":"tag-latest-news","16":"tag-latestnews","17":"tag-latvia","18":"tag-latvian","19":"tag-latviesu","20":"tag-latviesu-valoda","21":"tag-latviesuvaloda","22":"tag-latvija","23":"tag-lv","24":"tag-news","25":"tag-politiska-agitacija","26":"tag-popularakas-zinas","27":"tag-popularakaszinas","28":"tag-top-stories","29":"tag-topstories","30":"tag-zinas"},"share_on_mastodon":{"url":"https:\/\/pubeurope.com\/@lv\/115856663017170446","error":""},"_links":{"self":[{"href":"https:\/\/www.europesays.com\/lv\/wp-json\/wp\/v2\/posts\/97771","targetHints":{"allow":["GET"]}}],"collection":[{"href":"https:\/\/www.europesays.com\/lv\/wp-json\/wp\/v2\/posts"}],"about":[{"href":"https:\/\/www.europesays.com\/lv\/wp-json\/wp\/v2\/types\/post"}],"author":[{"embeddable":true,"href":"https:\/\/www.europesays.com\/lv\/wp-json\/wp\/v2\/users\/2"}],"replies":[{"embeddable":true,"href":"https:\/\/www.europesays.com\/lv\/wp-json\/wp\/v2\/comments?post=97771"}],"version-history":[{"count":0,"href":"https:\/\/www.europesays.com\/lv\/wp-json\/wp\/v2\/posts\/97771\/revisions"}],"wp:featuredmedia":[{"embeddable":true,"href":"https:\/\/www.europesays.com\/lv\/wp-json\/wp\/v2\/media\/97772"}],"wp:attachment":[{"href":"https:\/\/www.europesays.com\/lv\/wp-json\/wp\/v2\/media?parent=97771"}],"wp:term":[{"taxonomy":"category","embeddable":true,"href":"https:\/\/www.europesays.com\/lv\/wp-json\/wp\/v2\/categories?post=97771"},{"taxonomy":"post_tag","embeddable":true,"href":"https:\/\/www.europesays.com\/lv\/wp-json\/wp\/v2\/tags?post=97771"}],"curies":[{"name":"wp","href":"https:\/\/api.w.org\/{rel}","templated":true}]}}