{"id":97777,"date":"2026-01-08T01:04:08","date_gmt":"2026-01-08T01:04:08","guid":{"rendered":"https:\/\/www.europesays.com\/lv\/97777\/"},"modified":"2026-01-08T01:04:08","modified_gmt":"2026-01-08T01:04:08","slug":"lieliskais-grigals-tiek-gala-ar-40-metieniem-un-kaldina-saipa-uzvaru-par-lukko-tv3-lv","status":"publish","type":"post","link":"https:\/\/www.europesays.com\/lv\/97777\/","title":{"rendered":"Lieliskais Grigals tiek gal\u0101 ar 40 metieniem un kaldina \u201cSaiPa\u201d uzvaru p\u0101r \u201cLukko\u201d &#8211; tv3.lv"},"content":{"rendered":"<ol>\n<li><a href=\"https:\/\/news.google.com\/rss\/articles\/CBMirAFBVV95cUxOX2U1X0xyZno5cHgtQ05GcG03YlNqZURHdTJXWkZXUDhwdWNKb2pKUHNkME94OXYyUXl0SUt1Mmx1Q0dtVElDYThteFFGRU1QUlUwbmVQQjNyeWtWTi1KNGVGS0hnLUdzZlRjVHFKRUU2M2JnYk9pMHk3d3EyNV82dFJaOFQ0NXJ1V0F0dnNHTkhkQ091dlc5ZWtyczFlUVIzcHhQXzNIcE1UNFJ5?oc=5\" target=\"_blank\" rel=\"nofollow noopener\">Lieliskais Grigals tiek gal\u0101 ar 40 metieniem un kaldina \u201cSaiPa\u201d uzvaru p\u0101r \u201cLukko\u201d<\/a>&nbsp;&nbsp;tv3.lv<\/li>\n<li><a href=\"https:\/\/news.google.com\/rss\/articles\/CBMixgFBVV95cUxQOEJjMVZiakcwc2Q2bTZvV3dsUkQ4V1ZHLUUxVFpDOHk0Z2lJVS02OGMwbXBYTXNpZlBfaWROcE9JckJ2V3M0NEJTRHR3V25oTVdfX1hUNjRyR0VycVZHcC05V1JKSjBySDl6RFJndklTNGtzWUdJbE1pUEI2YW56dG53OXR1NVZjWWJWLWE5MFI0LUJJdHFoUkFpTmFWRnZRbDRZTWp3d2tTN2tzRURLQjFxMWdEVXJ0VzY2V05kNnVSRmpqU3c?oc=5\" target=\"_blank\" rel=\"nofollow noopener\">Latvijas hokeja v\u0101rtsargam Grigalam fantastiska sp\u0113le Somijas hokeja l\u012bg\u0101<\/a>&nbsp;&nbsp;Delfi<\/li>\n<li><a href=\"https:\/\/news.google.com\/rss\/articles\/CBMilwFBVV95cUxPcWFYWW1MVHV4ZlBtLTVmcmFRRTBTOE95aHdPcHBQSXNLUDJRQkFhUVVaR3RFcG1paDZ3anA2M1EyRFNRa185aC1NS0huRWJZWHVxVzdCYndRRWk3U242U1RPdTk0WDBGME9Oc2lBUEhsN0N4SjA0cXllREpTWnZ6WFBNczZPVDJTNUJXNkRybDZQM2dHbEpV?oc=5\" target=\"_blank\" rel=\"nofollow noopener\">Grigals atvaira 41 metienu uzvar\u0101, Eglem un Razgalam divu punktu vakars \u010cehij\u0101 \u2013 Hokejs<\/a>&nbsp;&nbsp;Sportacentrs.com<\/li>\n<li><a href=\"https:\/\/news.google.com\/rss\/articles\/CBMijwFBVV95cUxOdTRpZmotRy1hN0pIQW91dVo3Tjk2WjFEYXBJR1VRVDVoSWdseW5UWWU5V0x1VV9rTFJ3ZjNtaUptbE1KN2s2VjFiODhqUXRFdTc5ZDAydlNwZ05LVnRWaGptRnRkaVJoTlhZMXlaQUpMRDR5bURyMzBtVGR1T2FpaUpoc3NEWElPT21pQkd5Yw?oc=5\" target=\"_blank\" rel=\"nofollow noopener\">Grigals ar\u012b n\u0101kamsezon p\u0101rst\u0101v\u0113s Somijas komandu &#8220;SaiPa&#8221;<\/a>&nbsp;&nbsp;TVNET Sports<\/li>\n<li><a href=\"https:\/\/news.google.com\/rss\/articles\/CBMiowFBVV95cUxNQW1IcmlkRVg4NEhXVVRiYTZPRkFzcTJyY1Ixb0VGdVhMbUFKaV9kUmN3SzJ0Y0RENElLSXd2T3dqYmxYcUduNGRIc3FWM3RLVjBoSHIwTDhoaG1LS19FZFY4cnB4OE15SVhVcElEZXBUcnlHWlIyYUFUOS1qQU5uM01BQ0NacDJSZDV5TmVzbXlpTHNpUHhmTF9lOGxpUVpPMmQ0?oc=5\" target=\"_blank\" rel=\"nofollow noopener\">Grigalam 21 atvair\u012bts metiens uzvar\u0113t\u0101 Somijas \u010dempion\u0101ta sp\u0113l\u0113<\/a>&nbsp;&nbsp;Jauns.lv<\/li>\n<\/ol>\n","protected":false},"excerpt":{"rendered":"Lieliskais Grigals tiek gal\u0101 ar 40 metieniem un kaldina \u201cSaiPa\u201d uzvaru p\u0101r \u201cLukko\u201d&nbsp;&nbsp;tv3.lv Latvijas hokeja v\u0101rtsargam Grigalam fantastiska&hellip;\n","protected":false},"author":2,"featured_media":97778,"comment_status":"","ping_status":"","sticky":false,"template":"","format":"standard","meta":{"footnotes":""},"categories":[17],"tags":[2084,35,39,38,36,37,34,40,67],"class_list":{"0":"post-97777","1":"post","2":"type-post","3":"status-publish","4":"format-standard","5":"has-post-thumbnail","7":"category-sports","8":"tag-gustavs-davis-grigals","9":"tag-latvia","10":"tag-latvian","11":"tag-latviesu","12":"tag-latviesu-valoda","13":"tag-latviesuvaloda","14":"tag-latvija","15":"tag-lv","16":"tag-sports"},"share_on_mastodon":{"url":"https:\/\/pubeurope.com\/@lv\/115856792769255450","error":""},"_links":{"self":[{"href":"https:\/\/www.europesays.com\/lv\/wp-json\/wp\/v2\/posts\/97777","targetHints":{"allow":["GET"]}}],"collection":[{"href":"https:\/\/www.europesays.com\/lv\/wp-json\/wp\/v2\/posts"}],"about":[{"href":"https:\/\/www.europesays.com\/lv\/wp-json\/wp\/v2\/types\/post"}],"author":[{"embeddable":true,"href":"https:\/\/www.europesays.com\/lv\/wp-json\/wp\/v2\/users\/2"}],"replies":[{"embeddable":true,"href":"https:\/\/www.europesays.com\/lv\/wp-json\/wp\/v2\/comments?post=97777"}],"version-history":[{"count":0,"href":"https:\/\/www.europesays.com\/lv\/wp-json\/wp\/v2\/posts\/97777\/revisions"}],"wp:featuredmedia":[{"embeddable":true,"href":"https:\/\/www.europesays.com\/lv\/wp-json\/wp\/v2\/media\/97778"}],"wp:attachment":[{"href":"https:\/\/www.europesays.com\/lv\/wp-json\/wp\/v2\/media?parent=97777"}],"wp:term":[{"taxonomy":"category","embeddable":true,"href":"https:\/\/www.europesays.com\/lv\/wp-json\/wp\/v2\/categories?post=97777"},{"taxonomy":"post_tag","embeddable":true,"href":"https:\/\/www.europesays.com\/lv\/wp-json\/wp\/v2\/tags?post=97777"}],"curies":[{"name":"wp","href":"https:\/\/api.w.org\/{rel}","templated":true}]}}