{"id":97793,"date":"2026-01-08T02:54:08","date_gmt":"2026-01-08T02:54:08","guid":{"rendered":"https:\/\/www.europesays.com\/lv\/97793\/"},"modified":"2026-01-08T02:54:08","modified_gmt":"2026-01-08T02:54:08","slug":"viss-ir-ciesi-saistits-ar-smago-ekonomisko-situaciju-irana-norisinas-plasakie-protesti-pedejo-gadu-laika","status":"publish","type":"post","link":"https:\/\/www.europesays.com\/lv\/97793\/","title":{"rendered":"\u201cViss ir cie\u0161i saist\u012bts ar smago ekonomisko situ\u0101ciju.\u201d Ir\u0101n\u0101 norisin\u0101s pla\u0161\u0101kie protesti p\u0113d\u0113jo gadu laik\u0101"},"content":{"rendered":"<p>\u201cLitrs gatavo\u0161anas e\u013c\u013cas, kas agr\u0101k maks\u0101ja 790 000 ri\u0101lu, tagad maks\u0101 1 850 000 ri\u0101lu. Vald\u012bba br\u012bdina, ka ar\u012b citu pre\u010du cenas var pieaugt par 50 l\u012bdz 100 procentiem. Kad preces k\u013c\u016bst d\u0101rg\u0101kas, sad\u0101rdzin\u0101s ar\u012b pakalpojumi un cenu k\u0101pums pak\u0101peniski skar visu cilv\u0113ku ikdienu,\u201d nor\u0101da k\u0101ds Teher\u0101nas iedz\u012bvot\u0101js.<\/p>\n<p>\u201cP\u0101rdo\u0161anas apjomi ir \u013coti kritu\u0161ies. Pag\u0101ju\u0161aj\u0101 gad\u0101 \u0161aj\u0101 laik\u0101 mans veikals bija pilns ar cilv\u0113kiem. Tagad da\u017ereiz gaidu pat stundu l\u012bdz par\u0101d\u0101s kaut viens pirc\u0113js. Tirgus situ\u0101cija, god\u012bgi sakot, ir \u013coti slikta,\u201d pau\u017e veikala \u012bpa\u0161nieks Karims.<\/p>\n<p>Vald\u012bbas l\u0113mums p\u0101rtraukt daudzu pre\u010du cenu atbalstu, arvien augo\u0161\u0101s cenas un kr\u012bto\u0161\u0101 val\u016btas v\u0113rt\u012bba, dr\u012bz vien lika neapmierin\u0101t\u012bbai p\u0101rauga protestos vis\u0101 valst\u012b, kur\u0101 iesaist\u012bj\u0101s ne tikai tirgot\u0101ji un ne tikai galvaspils\u0113t\u0101. Kop\u0161 aizvad\u012bt\u0101 gada beig\u0101m akt\u012bvisti ir zi\u0146oju\u0161i par simtiem da\u017e\u0101du demonstr\u0101ciju vair\u0101k\u0101s viet\u0101s Ir\u0101n\u0101, tostarp ar\u012b t\u0101dos apvidos, kas l\u012bdz \u0161im tika uzskat\u012btas par re\u017e\u012bmam loj\u0101l\u0101m.<\/p>\n<p>Cilv\u0113kties\u012bbu organiz\u0101cijas \u0161obr\u012bd zi\u0146o, ka nogalin\u0101ti var\u0113tu b\u016bt jau vair\u0101k nek\u0101 30 cilv\u0113ki, bet aiztur\u0113ti vair\u0101k nek\u0101 2000 protest\u0113t\u0101ju. Dro\u0161\u012bbas sp\u0113ki pret vi\u0146iem izmanto asaru g\u0101zi un \u0161aujamiero\u010dus \u2013 \u012bpa\u0161i rietumu \u012al\u0101mas provinc\u0113, kur, p\u0113c aculiecinieku st\u0101st\u012bt\u0101, Revolucion\u0101r\u0101s gvardes vien\u012bbas esot \u0161\u0101vu\u0161as no jumtiem un v\u0113l\u0101k iebruku\u0161as slimn\u012bc\u0101, kur tika \u0101rst\u0113ti ievainotie.<\/p>\n<p>\u201cIr\u0101nas vald\u012bba pagaid\u0101m nav sniegusi kop\u0113jo inform\u0101ciju par cietu\u0161ajiem vai aiztur\u0113tajiem, ta\u010du t\u0101 ir atzinusi, ka valsts rietumos noticis incidents, kur dro\u0161\u012bbas sp\u0113ki iebruku\u0161i slimn\u012bc\u0101, mekl\u0113jot demonstrantus. Viss ir cie\u0161i saist\u012bts ar smago ekonomisko situ\u0101ciju. Ir\u0101nas ri\u0101ls \u0161obr\u012bd tiek tirgots par aptuveni 1,4 miljoniem ri\u0101lu par vienu ASV dol\u0101ru,\u201d v\u0113r\u0161 uzman\u012bbu \u201cThe Associated Press\u201d \u017eurn\u0101lists D\u017eons Gambrels.<\/p>\n<p class=\"ad-desc ad-desc-main\">Saturs turpin\u0101s p\u0113c rekl\u0101mas<\/p>\n<p class=\"ad-desc ad-desc-sec\">Rekl\u0101ma<\/p>\n<p>Ir\u0101\u0146u akt\u012bvisti saka, ka cilv\u0113ki \u0161obr\u012bd vairs neprasa un negaida tikai nelielas p\u0101rmai\u0146as \u2013 vi\u0146i grib, lai main\u0101s visa gar\u012bdznieku vad\u012bt\u0101 vara. Taj\u0101 pa\u0161\u0101 laik\u0101 iedz\u012bvot\u0101ji uzsver, ka nev\u0113las, lai k\u0101das citas valsts karasp\u0113ks iejauktos Ir\u0101nas iek\u0161politik\u0101 notieko\u0161aj\u0101. Vi\u0146upr\u0101t, pasaule var un tai vajag atbalst\u012bt protest\u0113t\u0101jus, run\u0101t par re\u017e\u012bma pie\u013cautajiem cilv\u0113kties\u012bbu p\u0101rk\u0101pumiem vair\u0101ku desmitu gadu garum\u0101, bet jebkur\u0161 ASV milit\u0101rs uzbrukums kait\u0113tu pa\u0161iem protestiem un dotu re\u017e\u012bmam ieganstu saukt visu notieko\u0161o par \u0101r\u0113ju sazv\u0113rest\u012bbu.<\/p>\n<p>Un \u0161\u012b pras\u012bbas neskan tuk\u0161\u0101 viet\u0101 \u2013 gada s\u0101kum\u0101 ASV prezidents Donalds Tramps izteicis br\u012bdin\u0101jumu Ir\u0101nas amatperson\u0101m par to, ka gad\u012bjum\u0101, ja protest\u0113t\u0101jus turpin\u0101s vardarb\u012bgi nogalin\u0101t, tad ASV ir \u201cgatavas un apbru\u0146otas\u201d, lai n\u0101ktu vi\u0146iem pal\u012bg\u0101.<\/p>\n<p>Teher\u0101na uz \u0161o ir atbild\u0113jusi ar saviem draudiem v\u0113rsties pret ASV milit\u0101rperson\u0101m vis\u0101 tuvo Austrumu re\u0123ion\u0101 un \u0161obr\u012bd Ir\u0101nas galvaspils\u0113t\u0101 daudzviet ir par\u0101d\u012bju\u0161ies plak\u0101ti ar br\u012bdin\u0101jumu ASV r\u016bp\u0113ties par saviem karav\u012briem.<\/p>\n<p class=\"tv3-fw-500\">Zi\u0146o par k\u013c\u016bdu rakst\u0101<\/p>\n<p class=\"d-md-block d-none\">Iez\u012bm\u0113 k\u013c\u016bdaino tekstu un spied Ctrl+Enter.<\/p>\n<p class=\"d-md-none d-block\">Iez\u012bm\u0113 k\u013c\u016bdaino tekstu un zi\u0146o par to!<\/p>\n","protected":false},"excerpt":{"rendered":"\u201cLitrs gatavo\u0161anas e\u013c\u013cas, kas agr\u0101k maks\u0101ja 790 000 ri\u0101lu, tagad maks\u0101 1 850 000 ri\u0101lu. Vald\u012bba br\u012bdina, ka&hellip;\n","protected":false},"author":2,"featured_media":97794,"comment_status":"","ping_status":"","sticky":false,"template":"","format":"standard","meta":{"footnotes":""},"categories":[14],"tags":[23,57,28,29,32,33,22,2562,30,31,35,39,38,36,37,34,40,20,26,27,24,25,54,55,56,21,58],"class_list":{"0":"post-97793","1":"post","2":"type-post","3":"status-publish","4":"format-standard","5":"has-post-thumbnail","7":"category-zinas-no-arvalstim","8":"tag-aktualitates","9":"tag-arvalstim","10":"tag-breaking-news","11":"tag-breakingnews","12":"tag-featured-news","13":"tag-featurednews","14":"tag-headlines","15":"tag-irana","16":"tag-latest-news","17":"tag-latestnews","18":"tag-latvia","19":"tag-latvian","20":"tag-latviesu","21":"tag-latviesu-valoda","22":"tag-latviesuvaloda","23":"tag-latvija","24":"tag-lv","25":"tag-news","26":"tag-popularakas-zinas","27":"tag-popularakaszinas","28":"tag-top-stories","29":"tag-topstories","30":"tag-world","31":"tag-world-news","32":"tag-worldnews","33":"tag-zinas","34":"tag-zinas-no-arvalstim"},"share_on_mastodon":{"url":"https:\/\/pubeurope.com\/@lv\/115857225328754591","error":""},"_links":{"self":[{"href":"https:\/\/www.europesays.com\/lv\/wp-json\/wp\/v2\/posts\/97793","targetHints":{"allow":["GET"]}}],"collection":[{"href":"https:\/\/www.europesays.com\/lv\/wp-json\/wp\/v2\/posts"}],"about":[{"href":"https:\/\/www.europesays.com\/lv\/wp-json\/wp\/v2\/types\/post"}],"author":[{"embeddable":true,"href":"https:\/\/www.europesays.com\/lv\/wp-json\/wp\/v2\/users\/2"}],"replies":[{"embeddable":true,"href":"https:\/\/www.europesays.com\/lv\/wp-json\/wp\/v2\/comments?post=97793"}],"version-history":[{"count":0,"href":"https:\/\/www.europesays.com\/lv\/wp-json\/wp\/v2\/posts\/97793\/revisions"}],"wp:featuredmedia":[{"embeddable":true,"href":"https:\/\/www.europesays.com\/lv\/wp-json\/wp\/v2\/media\/97794"}],"wp:attachment":[{"href":"https:\/\/www.europesays.com\/lv\/wp-json\/wp\/v2\/media?parent=97793"}],"wp:term":[{"taxonomy":"category","embeddable":true,"href":"https:\/\/www.europesays.com\/lv\/wp-json\/wp\/v2\/categories?post=97793"},{"taxonomy":"post_tag","embeddable":true,"href":"https:\/\/www.europesays.com\/lv\/wp-json\/wp\/v2\/tags?post=97793"}],"curies":[{"name":"wp","href":"https:\/\/api.w.org\/{rel}","templated":true}]}}