{"id":97799,"date":"2026-01-08T03:38:07","date_gmt":"2026-01-08T03:38:07","guid":{"rendered":"https:\/\/www.europesays.com\/lv\/97799\/"},"modified":"2026-01-08T03:38:07","modified_gmt":"2026-01-08T03:38:07","slug":"sarkanais-paklajs-%e2%9f%a9-tris-zvaigznu-balvas-2025-sviniga-ceremonija","status":"publish","type":"post","link":"https:\/\/www.europesays.com\/lv\/97799\/","title":{"rendered":"SARKANAIS PAKL\u0100JS \u27e9 \u201cTr\u012bs Zvaig\u017e\u0146u balvas 2025\u201d svin\u012bg\u0101 ceremonija"},"content":{"rendered":"<p>7. janv\u0101r\u012b R\u012bgas Cirk\u0101 norisin\u0101j\u0101s \u201cTr\u012bs Zvaig\u017e\u0146u balvas 2025\u201d svin\u012bg\u0101 ceremonija, kas jau tradicion\u0101li pulc\u0113 Latvijas spo\u017e\u0101k\u0101s sporta zvaigznes. Pas\u0101kuma laik\u0101 tika pazi\u0146oti un godin\u0101ti laure\u0101ti piecpadsmit nomin\u0101cij\u0101s, k\u0101 ar\u012b pasniegta Tr\u012bs Zvaig\u017e\u0146u balva par m\u016b\u017ea ieguld\u012bjumu sport\u0101. Ta\u010du ne maz\u0101k gaid\u012bts k\u0101 apbalvojumu br\u012bdis bija ar\u012b sarkanais pakl\u0101js \u2013 vien\u012bgais vakars gad\u0101, kad ierasti sporta form\u0101s redzamie atl\u0113ti mirdz greznos vakart\u0113rpos, apliecinot, ka elegance un harizma sport\u0101 sniedzas t\u0101lu \u0101rpus ar\u0113n\u0101m.<\/p>\n","protected":false},"excerpt":{"rendered":"7. janv\u0101r\u012b R\u012bgas Cirk\u0101 norisin\u0101j\u0101s \u201cTr\u012bs Zvaig\u017e\u0146u balvas 2025\u201d svin\u012bg\u0101 ceremonija, kas jau tradicion\u0101li pulc\u0113 Latvijas spo\u017e\u0101k\u0101s sporta&hellip;\n","protected":false},"author":2,"featured_media":97800,"comment_status":"","ping_status":"","sticky":false,"template":"","format":"standard","meta":{"footnotes":""},"categories":[5],"tags":[23,28,29,14761,10214,32,33,22,30,31,35,39,38,36,37,34,40,20,26,27,5767,67,24,25,15574,8125,21],"class_list":{"0":"post-97799","1":"post","2":"type-post","3":"status-publish","4":"format-standard","5":"has-post-thumbnail","7":"category-aktualitates","8":"tag-aktualitates","9":"tag-breaking-news","10":"tag-breakingnews","11":"tag-etikete","12":"tag-etikete-zem-lupas","13":"tag-featured-news","14":"tag-featurednews","15":"tag-headlines","16":"tag-latest-news","17":"tag-latestnews","18":"tag-latvia","19":"tag-latvian","20":"tag-latviesu","21":"tag-latviesu-valoda","22":"tag-latviesuvaloda","23":"tag-latvija","24":"tag-lv","25":"tag-news","26":"tag-popularakas-zinas","27":"tag-popularakaszinas","28":"tag-sarkanais-paklajs","29":"tag-sports","30":"tag-top-stories","31":"tag-topstories","32":"tag-tris-zvaigznu-balva","33":"tag-tvnet-egoiste","34":"tag-zinas"},"share_on_mastodon":{"url":"https:\/\/pubeurope.com\/@lv\/115857398341838168","error":""},"_links":{"self":[{"href":"https:\/\/www.europesays.com\/lv\/wp-json\/wp\/v2\/posts\/97799","targetHints":{"allow":["GET"]}}],"collection":[{"href":"https:\/\/www.europesays.com\/lv\/wp-json\/wp\/v2\/posts"}],"about":[{"href":"https:\/\/www.europesays.com\/lv\/wp-json\/wp\/v2\/types\/post"}],"author":[{"embeddable":true,"href":"https:\/\/www.europesays.com\/lv\/wp-json\/wp\/v2\/users\/2"}],"replies":[{"embeddable":true,"href":"https:\/\/www.europesays.com\/lv\/wp-json\/wp\/v2\/comments?post=97799"}],"version-history":[{"count":0,"href":"https:\/\/www.europesays.com\/lv\/wp-json\/wp\/v2\/posts\/97799\/revisions"}],"wp:featuredmedia":[{"embeddable":true,"href":"https:\/\/www.europesays.com\/lv\/wp-json\/wp\/v2\/media\/97800"}],"wp:attachment":[{"href":"https:\/\/www.europesays.com\/lv\/wp-json\/wp\/v2\/media?parent=97799"}],"wp:term":[{"taxonomy":"category","embeddable":true,"href":"https:\/\/www.europesays.com\/lv\/wp-json\/wp\/v2\/categories?post=97799"},{"taxonomy":"post_tag","embeddable":true,"href":"https:\/\/www.europesays.com\/lv\/wp-json\/wp\/v2\/tags?post=97799"}],"curies":[{"name":"wp","href":"https:\/\/api.w.org\/{rel}","templated":true}]}}