{"id":97821,"date":"2026-01-08T04:43:13","date_gmt":"2026-01-08T04:43:13","guid":{"rendered":"https:\/\/www.europesays.com\/lv\/97821\/"},"modified":"2026-01-08T04:43:13","modified_gmt":"2026-01-08T04:43:13","slug":"pern-kurzeme-pieaudzis-narkotiku-reibuma-aiztureto-autovaditaju-skaits-alkohola-ietekme-samazinajies-raksts","status":"publish","type":"post","link":"https:\/\/www.europesays.com\/lv\/97821\/","title":{"rendered":"P\u0113rn Kurzem\u0113 pieaudzis narkotiku reibum\u0101 aiztur\u0113to autovad\u012bt\u0101ju skaits; alkohola ietekm\u0113 \u2013 samazin\u0101jies \/ Raksts"},"content":{"rendered":"<p>Pag\u0101ju\u0161\u0101 gad\u0101 valsts policija Kurzem\u0113 aiztur\u0113jusi liel\u0101ku skaitu autovad\u012bt\u0101ju, kuri biju\u0161i narkotisko vielu reibum\u0101. Valsts policijas sola \u0161ogad piev\u0113rst pastiprin\u0101ju uzman\u012bbu tie\u0161i narkotisko vielu lieto\u0161anas gad\u012bjumiem. Tikm\u0113r samazin\u0101jies autovad\u012bt\u0101ju skaits, kuri pie\u0137erti alkohola reibum\u0101. Kaut ar\u012b kopum\u0101 situ\u0101cija uz Kurzemes ce\u013ciem tiek v\u0113rt\u0113ta k\u0101 stabila, nedaudz pieaudzis boj\u0101g\u0101ju\u0161o skaits ce\u013cu satiksmes negad\u012bjumos. Galvenok\u0101rt tie saist\u012bti ar iebrauk\u0161anu pret\u0113j\u0101 josl\u0101. Tiek izmekl\u0113ti ar\u012b vair\u0101ki gad\u012bjumi, kur av\u0101riju iemesli biju\u0161i autovad\u012bt\u0101ji, visticam\u0101k, vi\u0146i biju\u0161i reibum\u0101.<\/p>\n<p>P\u0113rn Kurzem\u0113 pieaudzis narkotiku reibum\u0101 aiztur\u0113to autovad\u012bt\u0101ju skaits; alkohola ietekm\u0113 \u2013 samazin\u0101jies<\/p>\n<p>Latvijas Radio kop\u0101 ar valsts policijas ekip\u0101\u017eu Liep\u0101j\u0101 dev\u0101s Karostas virzien\u0101, kur pie tilta Valsts policijas Kurzemes re\u0123iona p\u0101rvaldes Dienvidkurzemes iecirk\u0146a Rea\u0123\u0113\u0161anas noda\u013cas vec\u0101kais inspektors Kristers Herbsts p\u0101rbaud\u012bja autovad\u012bt\u0101ju dokumentus un veica alkohola un auto riepu p\u0101rbaudi.\u00a0<\/p>\n<p>&#8220;Ir t\u0101, ka izlases veid\u0101 esam no\u0137\u0113ru\u0161i autovad\u012bt\u0101jus, kuri brauc gan bez transporta l\u012bdzek\u013ca apliec\u012bbas, gan alkohola reibum\u0101. Tas ir vislab\u0101kais veids, k\u0101 &#8220;iz\u0137ert&#8221; p\u0101rk\u0101p\u0113jus,&#8221; sac\u012bja Herbsts.\u00a0<\/p>\n<p>\u0160aj\u0101 reiz\u0113 autovad\u012bt\u0101ji ir biju\u0161i godpr\u0101t\u012bgi, k\u0101ds kungs, kur\u0161 latvie\u0161u valodu nesaprot un t\u0101du nav mazums, krieviski teica, ka alkoholu nelietojot vismaz 40 gadus.\u00a0<\/p>\n<blockquote>\n<p>Pag\u0101ju\u0161\u0101 gad\u0101 ir samazin\u0101jies aiztur\u0113to autovad\u012bt\u0101ju skaits, kuri vad\u012bju\u0161i transporta l\u012bdzek\u013cus alkoholisko vielu ietekm\u0113.\u00a0<\/p>\n<\/blockquote>\n<p>Autovad\u012bt\u0101ji ir k\u013cuvu\u0161i atbild\u012bg\u0101ki un vair\u0101k baid\u0101s no sodu piem\u0113ro\u0161anas, skaidroja Valsts policijas Kurzemes re\u0123iona p\u0101rvaldes K\u0101rt\u012bbas policijas biroja priek\u0161nieks Gints E\u0161envalds.\u00a0<\/p>\n<p>&#8220;Tas skaitlis ir b\u016btisks. 2024.\u00a0gad\u0101 bija 773 vad\u012bt\u0101ji aiztur\u0113ti, 2025.\u00a0gad\u0101 \u2013\u00a0575, kas ir gandr\u012bz par 200 maz\u0101k. Tas ir liels skaitlis. Nevar teikt, ka visi dz\u0113r\u0101j\u0161oferi ir &#8220;iz\u0137erti&#8221;. Ja paklaus\u0101s, ko run\u0101 apk\u0101rt, tas ir nostr\u0101d\u0101jis \u2013\u00a0atbild\u012bba ir diezgan smaga. Tie, kuriem ir autovad\u012bt\u0101ju ties\u012bbas, k\u013cuvu\u0161i atbild\u012bg\u0101ki situ\u0101cij\u0101s, kad tiek lietots alkohols. P\u0113c tam, pie\u0146emot l\u0113mumu, vad\u012bt transporta l\u012bdzekli&#8230; lab\u0101k n\u0113,&#8221; sac\u012bja E\u0161envalds. Dz\u0113r\u0101j\u0161oferiem piecus gadus ir liegums ieg\u016bt autovad\u012bt\u0101ja ties\u012bbas.\u00a0<\/p>\n<p><img decoding=\"async\" src=\"https:\/\/www.europesays.com\/lv\/wp-content\/uploads\/2026\/01\/seg9.jpg\" alt=\"Valsts policijas p\u0101rbaudes Kurzem\u0113\"\/>Valsts policijas p\u0101rbaudes Kurzem\u0113<\/p>\n<p>Foto: Inga Ozola \/ Latvijas Radio<\/p>\n<p><img decoding=\"async\" src=\"https:\/\/www.europesays.com\/lv\/wp-content\/uploads\/2026\/01\/seg8.jpg\" alt=\"Valsts policijas p\u0101rbaudes Kurzem\u0113\"\/>Valsts policijas p\u0101rbaudes Kurzem\u0113<\/p>\n<p>Foto: Inga Ozola \/ Latvijas Radio<\/p>\n<p><img decoding=\"async\" src=\"https:\/\/www.europesays.com\/lv\/wp-content\/uploads\/2026\/01\/seg7.jpg\" alt=\"Valsts policijas p\u0101rbaudes Kurzem\u0113\"\/>Valsts policijas p\u0101rbaudes Kurzem\u0113<\/p>\n<p>Foto: Inga Ozola \/ Latvijas Radio<\/p>\n<p><img decoding=\"async\" src=\"https:\/\/www.europesays.com\/lv\/wp-content\/uploads\/2026\/01\/seg4.jpg\" alt=\"Valsts policijas p\u0101rbaudes Kurzem\u0113\"\/>Valsts policijas p\u0101rbaudes Kurzem\u0113<\/p>\n<p>Foto: Inga Ozola \/ Latvijas Radio<\/p>\n<p><img decoding=\"async\" src=\"https:\/\/www.europesays.com\/lv\/wp-content\/uploads\/2026\/01\/seg6.jpg\" alt=\"Valsts policijas p\u0101rbaudes Kurzem\u0113\"\/>Valsts policijas p\u0101rbaudes Kurzem\u0113<\/p>\n<p>Foto: Inga Ozola \/ Latvijas Radio<\/p>\n<\/p>\n<p>Ta\u010du ir ar\u012b k\u0101da negat\u012bva tendence, un t\u0101 ir narkotisko vielu lieto\u0161ana. Kurzem\u0113 p\u0113rn pieaudzis aiztur\u0113to skaits narkotisko vielu ietekm\u0113, uzsver Gints E\u0161envalds.\u00a0<\/p>\n<blockquote>\n<p>Pag\u0101ju\u0161aj\u0101 gad\u0101 aiztur\u0113ti 23 \u0161oferi narkotisko vielu ietekm\u0113, bet 2024.\u00a0gad\u0101 \u2013 17.\u00a0<\/p>\n<\/blockquote>\n<p>T\u0101s ir ba\u017eas, kas agr\u0101k varb\u016bt netika\u00a0paman\u012btas, jo, \u0146emot v\u0113r\u0101 to, ka alkoholu policisti var konstat\u0113t notikuma viet\u0101 ar\u00a0kontroles apar\u0101tiem, tad\u00a0 narkotiku p\u0101rbaude uz vietas nav bijusi iesp\u0113jama. &#8220;\u0160obr\u012bd m\u0113s esam sa\u0146\u0113mu\u0161i narkotiku testerus, lai policijas darbiniekiem, str\u0101d\u0101jot ce\u013cu satiksm\u0113, b\u016btu iesp\u0113ja vismaz s\u0101kotn\u0113ji noteikt to, vai transportl\u012bdzek\u013cu vad\u012bt\u0101jam ir paz\u012bmes, ka vi\u0146\u0161 atrodas narkotisko vielu ietekm\u0113 vai ne, l\u012bdz ar to es aicin\u0101tu transportl\u012bdzek\u013cu vad\u012bt\u0101jus iztur\u0113ties ieciet\u012bgi pret \u0161o,&#8221; sac\u012bja E\u0161envalds.\u00a0<\/p>\n<p>&#8220;\u0160ie narkotesteri ir, un te nav j\u0101apvainojas, ka transportl\u012bdzek\u013cu vad\u012bt\u0101ji tiek p\u0101rbaud\u012bti uz narkotisko vielu kl\u0101tb\u016btni, jo transportl\u012bdzek\u013ca vad\u012bt\u0101js, kas atrodas narkotisko vielu ietekm\u0113, ir l\u012bdzv\u0113rt\u012bgs t\u0101dam, kur\u0161 atrodas alkoholisko dz\u0113rienu ietekm\u0113,&#8221; uzsv\u0113ra E\u0161envalds.\u00a0<\/p>\n<blockquote>\n<p>Valsts policija Latvij\u0101 \u0161ogad pastiprin\u0101ti piev\u0113rs\u012bs uzman\u012bbu narkotisko vielu lieto\u0161anai, ar to j\u0101r\u0113\u0137in\u0101s autovad\u012bt\u0101jiem \u2013 \u0161\u0101das p\u0101rbaudes notiks.\u00a0<\/p>\n<\/blockquote>\n<p>&#8220;Skatoties visp\u0101r, kas notiek ar narkotiku apriti, gan tie p\u0101rdoz\u0113\u0161anas gad\u012bjumi un visi p\u0101r\u0113jie, jo narkotikas jau nav k\u0101 alkohols, kuram ir promiles un t\u0101s iziet \u0101r\u0101. Ja esi lietojis narkotisk\u0101s vielas, nedr\u012bksti s\u0113sties pie transportl\u012bdzek\u013ca st\u016bres, es pat teiktu \u2013 7 dienas, jo, ja aizved\u012bs uz medic\u012bnisko p\u0101rbaudi, uzr\u0101d\u012bs narkotisko vielu kl\u0101tb\u016btni. Tas ir viens no policijas uzdevumiem \u0161aj\u0101 gad\u0101 \u2013 m\u0113\u0123in\u0101t tikt skaidr\u012bb\u0101 par to, k\u0101da ir situ\u0101cija ce\u013cu satiksm\u0113 tie\u0161i ar narkotiskaj\u0101m viel\u0101m,&#8221; sac\u012bja E\u0161envalds.\u00a0<\/p>\n<p>Aizvad\u012btaj\u0101 gad\u0101 bijis ar\u012b ne mazums ce\u013ca satiksmes negad\u012bjumu ar let\u0101l\u0101m sek\u0101m, boj\u0101g\u0101ju\u0161o skaits ir pieaudzis.\u00a02025.\u00a0gad\u0101 \u201319 boj\u0101g\u0101ju\u0161ie, 2024.\u00a0gad\u0101 \u2013 16, ta\u010du sen\u0101k r\u0101d\u012bt\u0101ji biju\u0161i v\u0113l slikt\u0101ki, skaidroja E\u0161envalds. Analiz\u0113jot negad\u012bjumus, bie\u017ei vien vainojama neuzman\u012bba, savu sp\u0113ju p\u0101rvar\u0113\u0161ana un apdz\u012b\u0161ana viet\u0101s, kur tas nav dro\u0161i.<\/p>\n<p>&#8220;Iebrauk\u0161ana brauk\u0161anai pret\u0113j\u0101 virziena josl\u0101 un front\u0101la sadursme. Atceramies pag\u0101ju\u0161o gadu, kad mums janv\u0101ris ies\u0101k\u0101s ar \u013coti smagu ce\u013cu satiksmes negad\u012bjumu, kur skol\u0113nu grupa brauca uz konkursu, \u2013 iebraucot pret\u0113j\u0101 brauk\u0161anas virziena josl\u0101, mikroautobusam notika sadursme ar kravas transportl\u012bdzekli. Rezult\u0101t\u0101 ce\u013cu satiksmes negad\u012bjum\u0101 g\u0101ja boj\u0101 divi ce\u013cu satiksmes dal\u012bbnieki un septi\u0146i ce\u013cu satiksmes dal\u012bbnieki cieta,&#8221; sac\u012bja E\u0161envalds.\u00a0<\/p>\n<p>Pag\u0101ju\u0161\u0101 gada Kurzem\u0113 bez transporta l\u012bdzek\u013ca ties\u012bb\u0101m aiztur\u0113ti vair\u0101k nek\u0101 800 autovad\u012bt\u0101ji, bet par at\u013caut\u0101 brauk\u0161anas \u0101truma p\u0101rsnieg\u0161anu vair\u0101k nek\u0101 13,5 t\u016bksto\u0161i.<\/p>\n<p>                    Valodas k\u013c\u016bda rakst\u0101?<\/p>\n<p class=\"d-none d-md-block\">Iez\u012bm\u0113jiet tekstu un spiediet Ctrl+Enter, lai nos\u016bt\u012btu labojamo teksta fragmentu redaktoram! Par faktu k\u013c\u016bd\u0101m l\u016bdzam zi\u0146ot e-past\u0101 <a href=\"https:\/\/www.lsm.lv\/cdn-cgi\/l\/email-protection\" class=\"__cf_email__\" data-cfemail=\"ee9c8b8a8f858d87848fae829d83c08298\" rel=\"nofollow noopener\" target=\"_blank\">[email\u00a0protected]<\/a>.<\/p>\n<p class=\"d-md-none\">Iez\u012bm\u0113jiet tekstu un spiediet uz Zi\u0146ot par k\u013c\u016bdu pogas, lai nos\u016bt\u012btu labojamo teksta fragmentu redaktoram!<\/p>\n<p>\n                    Zi\u0146ot par k\u013c\u016bdu\n                <\/p>\n","protected":false},"excerpt":{"rendered":"Pag\u0101ju\u0161\u0101 gad\u0101 valsts policija Kurzem\u0113 aiztur\u0113jusi liel\u0101ku skaitu autovad\u012bt\u0101ju, kuri biju\u0161i narkotisko vielu reibum\u0101. Valsts policijas sola \u0161ogad&hellip;\n","protected":false},"author":2,"featured_media":97822,"comment_status":"","ping_status":"","sticky":false,"template":"","format":"standard","meta":{"footnotes":""},"categories":[12],"tags":[23,28,29,32,33,22,30,31,35,39,38,36,37,34,40,20,26,27,24,25,21],"class_list":{"0":"post-97821","1":"post","2":"type-post","3":"status-publish","4":"format-standard","5":"has-post-thumbnail","7":"category-latvija","8":"tag-aktualitates","9":"tag-breaking-news","10":"tag-breakingnews","11":"tag-featured-news","12":"tag-featurednews","13":"tag-headlines","14":"tag-latest-news","15":"tag-latestnews","16":"tag-latvia","17":"tag-latvian","18":"tag-latviesu","19":"tag-latviesu-valoda","20":"tag-latviesuvaloda","21":"tag-latvija","22":"tag-lv","23":"tag-news","24":"tag-popularakas-zinas","25":"tag-popularakaszinas","26":"tag-top-stories","27":"tag-topstories","28":"tag-zinas"},"share_on_mastodon":{"url":"https:\/\/pubeurope.com\/@lv\/115857653985643613","error":""},"_links":{"self":[{"href":"https:\/\/www.europesays.com\/lv\/wp-json\/wp\/v2\/posts\/97821","targetHints":{"allow":["GET"]}}],"collection":[{"href":"https:\/\/www.europesays.com\/lv\/wp-json\/wp\/v2\/posts"}],"about":[{"href":"https:\/\/www.europesays.com\/lv\/wp-json\/wp\/v2\/types\/post"}],"author":[{"embeddable":true,"href":"https:\/\/www.europesays.com\/lv\/wp-json\/wp\/v2\/users\/2"}],"replies":[{"embeddable":true,"href":"https:\/\/www.europesays.com\/lv\/wp-json\/wp\/v2\/comments?post=97821"}],"version-history":[{"count":0,"href":"https:\/\/www.europesays.com\/lv\/wp-json\/wp\/v2\/posts\/97821\/revisions"}],"wp:featuredmedia":[{"embeddable":true,"href":"https:\/\/www.europesays.com\/lv\/wp-json\/wp\/v2\/media\/97822"}],"wp:attachment":[{"href":"https:\/\/www.europesays.com\/lv\/wp-json\/wp\/v2\/media?parent=97821"}],"wp:term":[{"taxonomy":"category","embeddable":true,"href":"https:\/\/www.europesays.com\/lv\/wp-json\/wp\/v2\/categories?post=97821"},{"taxonomy":"post_tag","embeddable":true,"href":"https:\/\/www.europesays.com\/lv\/wp-json\/wp\/v2\/tags?post=97821"}],"curies":[{"name":"wp","href":"https:\/\/api.w.org\/{rel}","templated":true}]}}