{"id":97856,"date":"2026-01-08T05:41:09","date_gmt":"2026-01-08T05:41:09","guid":{"rendered":"https:\/\/www.europesays.com\/lv\/97856\/"},"modified":"2026-01-08T05:41:09","modified_gmt":"2026-01-08T05:41:09","slug":"asv-armija-ignore-krievijas-karogu-un-aiztur-naftas-tankkugi","status":"publish","type":"post","link":"https:\/\/www.europesays.com\/lv\/97856\/","title":{"rendered":"ASV armija ignor\u0113 Krievijas karogu un aiztur naftas tankku\u0123i"},"content":{"rendered":"<p class=\"descr\">ASV armija tre\u0161dien pazi\u0146oja, ka par sankciju p\u0101rk\u0101pumiem Atlantijas oke\u0101na zieme\u013cos aiztur\u0113jusi ar Krievijas karogu ku\u0123ojo\u0161u naftas tankku\u0123i, kuru ASV bru\u0146otie sp\u0113ki vaj\u0101ja un m\u0113\u0123in\u0101ja aiztur\u0113t vair\u0101kas ned\u0113\u013cas.<\/p>\n<p>Ku\u0123a aiztur\u0113\u0161ana bija kop\u012bga Iek\u0161zemes dro\u0161\u012bbas ministrijas un <a href=\"https:\/\/nra.lv\/birka\/asv-armija\/\" target=\"_blank\" rel=\"noopener nofollow\">ASV milit\u0101rpersonu<\/a> oper\u0101cija, pazi\u0146ojum\u0101 platform\u0101 &#8220;X&#8221; nor\u0101d\u012bja ASV Eiropas pav\u0113lniec\u012bba, kas atbild par \u0161o re\u0123ionu.<\/p>\n<p>ASV vaj\u0101ja naftas <a href=\"https:\/\/nra.lv\/birka\/tankkugis\/\" target=\"_blank\" rel=\"noopener nofollow\">tankku\u0123i<\/a>, kas agr\u0101k bija paz\u012bstams ar nosaukumu &#8220;Bella 1&#8221;, kop\u0161 tas izvair\u012bj\u0101s no da\u013c\u0113jas ASV blok\u0101des ap Venecu\u0113lu un pag\u0101ju\u0161\u0101 m\u0113ne\u0161a beig\u0101s izvair\u012bj\u0101s ASV krasta apsardzes m\u0113\u0123in\u0101juma to aiztur\u0113t.<\/p>\n<p>ASV amatpersonas uzskata, ka tankku\u0123is ir da\u013ca no <a href=\"https:\/\/nra.lv\/birka\/enu-flote\/\" target=\"_blank\" rel=\"noopener nofollow\">\u0113nu flotes<\/a>, kas p\u0101rvad\u0101 naftu t\u0101d\u0101m valst\u012bm k\u0101 Venecu\u0113la, Krievija un Ir\u0101na, t\u0101d\u0113j\u0101di p\u0101rk\u0101pjot ASV sankcijas.<\/p>\n<p>Vietnes &#8220;MarineTraffic&#8221; dati liecin\u0101ja, ka tankku\u0123is tre\u0161dien tuvoj\u0101s Islandes ekskluz\u012bvajai ekonomiskajai zonai.<\/p>\n<p>Kop\u0161 ASV krasta apsardze bija s\u0101kusi vaj\u0101t ku\u0123i, tas main\u012bjis savu re\u0123istr\u0101ciju uz <a href=\"https:\/\/nra.lv\/birka\/krievija\/\" target=\"_blank\" rel=\"noopener nofollow\">Krievijas<\/a>, main\u012bjis nosaukumu uz &#8220;Marinera&#8221;, un, k\u0101 zi\u0146ots, pag\u0101ju\u0161aj\u0101 m\u0113nes\u012b apkalpe uz tankku\u0123a uzkr\u0101soja Krievijas karogu.<\/p>\n<p>ASV armija pazi\u0146oja par v\u0113l viena sankcij\u0101m pak\u013cauta tankku\u0123a aiztur\u0113\u0161anu <a href=\"https:\/\/nra.lv\/birka\/karibu-jura\/\" target=\"_blank\" rel=\"noopener nofollow\">Kar\u012bbu j\u016br\u0101<\/a>.<\/p>\n<p>ASV person\u0101ls &#8220;bez starpgad\u012bjumiem aiztur\u0113ja bezvalstisku, <a href=\"https:\/\/nra.lv\/birka\/sankcijas\/\" target=\"_blank\" rel=\"noopener nofollow\">sankcij\u0101m<\/a> pak\u013cautu \u0113nu flotes tankku\u0123i. Aiztur\u0113tais ku\u0123is &#8220;Sophia&#8221; darboj\u0101s starptautiskajos \u016bde\u0146os un veica nelikum\u012bgas darb\u012bbas Kar\u012bbu j\u016br\u0101,&#8221; pazi\u0146oja ASV Dienvidu pav\u0113lniec\u012bba, kas ir atbild\u012bga par \u0161o re\u0123ionu.<\/p>\n<p>\t\t\t\t\t\tinfo<\/p>\n<p>Uzzini pirmais<br \/>kas interesants noticis Latvij\u0101 un pasaul\u0113,<br \/>pievienojoties mums <a href=\"https:\/\/t.me\/neatkariga\" rel=\"nofollow\">Telegram<\/a> vai <a href=\"https:\/\/whatsapp.com\/channel\/0029VaMLFUH5K3zLU5s4wm3y\" rel=\"nofollow noopener\" target=\"_blank\">Whatsapp<\/a> kan\u0101l\u0101<\/p>\n","protected":false},"excerpt":{"rendered":"ASV armija tre\u0161dien pazi\u0146oja, ka par sankciju p\u0101rk\u0101pumiem Atlantijas oke\u0101na zieme\u013cos aiztur\u0113jusi ar Krievijas karogu ku\u0123ojo\u0161u naftas tankku\u0123i,&hellip;\n","protected":false},"author":2,"featured_media":97857,"comment_status":"","ping_status":"","sticky":false,"template":"","format":"standard","meta":{"footnotes":""},"categories":[14],"tags":[23,57,28,29,32,33,22,30,31,35,39,38,36,37,34,40,20,26,27,24,25,54,55,56,21,58],"class_list":{"0":"post-97856","1":"post","2":"type-post","3":"status-publish","4":"format-standard","5":"has-post-thumbnail","7":"category-zinas-no-arvalstim","8":"tag-aktualitates","9":"tag-arvalstim","10":"tag-breaking-news","11":"tag-breakingnews","12":"tag-featured-news","13":"tag-featurednews","14":"tag-headlines","15":"tag-latest-news","16":"tag-latestnews","17":"tag-latvia","18":"tag-latvian","19":"tag-latviesu","20":"tag-latviesu-valoda","21":"tag-latviesuvaloda","22":"tag-latvija","23":"tag-lv","24":"tag-news","25":"tag-popularakas-zinas","26":"tag-popularakaszinas","27":"tag-top-stories","28":"tag-topstories","29":"tag-world","30":"tag-world-news","31":"tag-worldnews","32":"tag-zinas","33":"tag-zinas-no-arvalstim"},"share_on_mastodon":{"url":"https:\/\/pubeurope.com\/@lv\/115857883384379836","error":""},"_links":{"self":[{"href":"https:\/\/www.europesays.com\/lv\/wp-json\/wp\/v2\/posts\/97856","targetHints":{"allow":["GET"]}}],"collection":[{"href":"https:\/\/www.europesays.com\/lv\/wp-json\/wp\/v2\/posts"}],"about":[{"href":"https:\/\/www.europesays.com\/lv\/wp-json\/wp\/v2\/types\/post"}],"author":[{"embeddable":true,"href":"https:\/\/www.europesays.com\/lv\/wp-json\/wp\/v2\/users\/2"}],"replies":[{"embeddable":true,"href":"https:\/\/www.europesays.com\/lv\/wp-json\/wp\/v2\/comments?post=97856"}],"version-history":[{"count":0,"href":"https:\/\/www.europesays.com\/lv\/wp-json\/wp\/v2\/posts\/97856\/revisions"}],"wp:featuredmedia":[{"embeddable":true,"href":"https:\/\/www.europesays.com\/lv\/wp-json\/wp\/v2\/media\/97857"}],"wp:attachment":[{"href":"https:\/\/www.europesays.com\/lv\/wp-json\/wp\/v2\/media?parent=97856"}],"wp:term":[{"taxonomy":"category","embeddable":true,"href":"https:\/\/www.europesays.com\/lv\/wp-json\/wp\/v2\/categories?post=97856"},{"taxonomy":"post_tag","embeddable":true,"href":"https:\/\/www.europesays.com\/lv\/wp-json\/wp\/v2\/tags?post=97856"}],"curies":[{"name":"wp","href":"https:\/\/api.w.org\/{rel}","templated":true}]}}