{"id":97888,"date":"2026-01-08T06:17:08","date_gmt":"2026-01-08T06:17:08","guid":{"rendered":"https:\/\/www.europesays.com\/lv\/97888\/"},"modified":"2026-01-08T06:17:08","modified_gmt":"2026-01-08T06:17:08","slug":"makslinieks-ar-latviesu-saknem-kijiva","status":"publish","type":"post","link":"https:\/\/www.europesays.com\/lv\/97888\/","title":{"rendered":"\u201cM\u0101kslinieks ar latvie\u0161u sakn\u0113m Kijiv\u0101"},"content":{"rendered":"<p><a href=\"https:\/\/mapp.latvijasradio.lv\/shared-broadcast?b=1313&amp;url=http:\/\/latvijasradio.lsm.lv\/lv\/lr1\/raidijumi\/drosinatajs\/\" target=\"_blank\" rel=\"nofollow noopener\"><img decoding=\"async\" alt=\"Latvijas Radio lietotnes logo\" src=\"https:\/\/www.europesays.com\/lv\/wp-content\/uploads\/2026\/01\/1767853028_496_LR_pod poga.png\" style=\"width: 140px; height: 38px;\"\/><\/a><\/p>\n<p>&#8220;Es vislab\u0101k par visiem Kijiv\u0101 gatavoju latvie\u0161u auksto zupu!&#8221; saka Dro\u0161in\u0101t\u0101ja \u0161\u012bs ned\u0113\u013cas viesis &#8211; Kijiv\u0101 dz\u012bvojo\u0161ais m\u0101kslinieks un pedagogs Eduards Me\u017eulis, kura m\u0101te Lauma Me\u017eule m\u016b\u017ea liel\u0101ko da\u013cu nodz\u012bvojusi Ukrain\u0101, daudzus gadus nostr\u0101d\u0101jusi Latvijas v\u0113stniec\u012bb\u0101 Kijiv\u0101 par tulku un pirms aizie\u0161anas no \u0161\u012bs saules ar\u012b sarakst\u012bjusi gr\u0101matu par savu dz\u012bvi. Sarun\u0101 ar Latvijas Radio korespondenti Ukrain\u0101 Indru Spranci &#8211; par izmai\u0146\u0101m sabiedr\u012bb\u0101, kult\u016br\u0101 un sait\u0113m ar Latviju.<\/p>\n<p>\u00a0<\/p>\n<p>Savuk\u0101rt D\u012bvs Reiznieks iztauj\u0101 V\u0101cijas M\u0101r\u0161ala fonda Zieme\u013cu novirziena vad\u012bt\u0101ju un dro\u0161\u012bbas politikas p\u0113tnieci Krist\u012bni B\u0113rzi\u0146u par \u0161\u0101d\u0101m t\u0113m\u0101m:<\/p>\n<ul>&#13;<\/p>\n<li>Eiropie\u0161i \u0161ok\u0101 par jauno ASV Nacion\u0101l\u0101s dro\u0161\u012bbas strat\u0113\u0123iju &#8211; cik nopietns apdraud\u0113jums tas ir ASV un Eiropas turpm\u0101kaj\u0101m attiec\u012bb\u0101m?<\/li>\n<p>&#13;<\/p>\n<li>Vai ASV politika veicin\u0101s Eiropas federaliz\u0101ciju?<\/li>\n<p>&#13;<\/p>\n<li>Ko dar\u012bt Ukrainai br\u012bd\u012b, kad Donalds Tramps pazi\u0146o, ka galveno uzman\u012bbu velt\u012bs notikumiem ASV iek\u0161ien\u0113?\u00a0<\/li>\n<p>&#13;\n<\/ul>\n<p>\u00a0<\/p>\n<p>Epizodes gaita:\u00a0<br \/>&#13;<br \/>\n00:29 Ievads<br \/>&#13;<br \/>\n03:00 Dro\u0161in\u0101t\u0101ja ekspertes Krist\u012bnes B\u0113rzi\u0146as koment\u0101rs \u0161oreiz par \u0161\u0101d\u0101m aktualit\u0101t\u0113m:<br \/>&#13;<br \/>\n03:41 Pasaules zi\u0146\u0101s visu p\u0101r\u0113jo aiz\u0113no notikumi, kas saist\u012bti ar Venecu\u0113lu. Ko tas noz\u012bm\u0113 Ukrainai?<br \/>&#13;<br \/>\n08:42 Ko Latvijas dro\u0161\u012bbai noz\u012bm\u0113tu ASV iebruk\u0161ana Grenland\u0113?<br \/>&#13;<br \/>\n12:32 Liel\u0101s p\u0101rb\u012bdes Ukrainas varas augst\u0101kajos e\u0161elonos &#8211; ko tas var liecin\u0101t par notikumu att\u012bst\u012bbu?<br \/>&#13;<br \/>\n15:04 Biju\u0161\u0101s Kan\u0101das \u0101rlietu ministres iecel\u0161ana Zelenska padomnieces amat\u0101.<br \/>&#13;<br \/>\n16:00 Vai Dro\u0161in\u0101t\u0101ja eksperte Krist\u012bne B\u0113rzi\u0146a paredz kara beigas jau \u0161ogad?<br \/>&#13;<br \/>\n20:00 D\u012bvs un Rihards p\u0101rsprie\u017e dzird\u0113to un uzce\u013c eiropie\u0161u aktivit\u0101tes sadarb\u012bb\u0101 ar Ukrainu.<br \/>&#13;<br \/>\n22:03 EXPLAINER: K\u0101diem v\u0113l nebiju\u0161iem iero\u010diem b\u016btu j\u0101non\u0101k Ukrainas rok\u0101s 2026.gad\u0101.<br \/>&#13;<br \/>\n25:10 Ukrainas armijas ak\u016bta probl\u0113ma \u2013 cilv\u0113kresursu tr\u016bkums.<br \/>&#13;<br \/>\n30:08 Piesak\u0101m \u0161\u012bs epizodes galveno viesi \u2013\u2013 Kijiv\u0101 dz\u012bvojo\u0161o m\u0101kslinieku un pedagogu Eduards Me\u017eulu.<br \/>&#13;<br \/>\n31:53 Eduards par savu latvisko izcelsmi<br \/>&#13;<br \/>\n32:40 Aukst\u0101s zupas meistars<br \/>&#13;<br \/>\n33:45 Ko cilv\u0113ks aizmirst un ko neaizmirst.<br \/>&#13;<br \/>\n34:16 Eduards par savu m\u0101tu \u2013 Laumu Me\u017eulu un to k\u0101 vi\u0146a non\u0101ca un palika Ukrain\u0101.<br \/>&#13;<br \/>\n36:00 par savu dz\u012bvi l\u012bdz \u0161im.<br \/>&#13;<br \/>\n37:10 par pilna m\u0113roga iebrukuma s\u0101kumu.<br \/>&#13;<br \/>\n38:14 Ukrai\u0146i k\u013cuvu\u0161i salied\u0113t\u0101ki, b\u0113rni \u2013 nopietn\u0101ki.<br \/>&#13;<br \/>\n39:00 Katram sabiedr\u012bb\u0101 kaut kas j\u0101dara Bru\u0146oto sp\u0113ku lab\u0101.<br \/>&#13;<br \/>\n40:20 Kara ietekme uz Ukrainas kult\u016bru.<br \/>&#13;<br \/>\n45:00 \u201ckrievu pasaules\u201d ekspansija Ukrain\u0101 notika jau sen un k\u0101 to ietekm\u0113jis kar\u0161?<br \/>&#13;<br \/>\n49:14 Galvenais ir saglab\u0101t Ukrainu k\u0101 valsti.<br \/>&#13;<br \/>\n52:13 Vieno\u0161an\u0101s ar putinu \u2013 bezj\u0113dz\u012bgas.<br \/>&#13;<br \/>\n53:27 Lab\u0101kais ir iesp\u0113ja pa\u0161am piedal\u012bties izst\u0101d\u0113s.\u00a0<br \/>&#13;<br \/>\n55:03 Kritu\u0161ie Ukrainas m\u0101kslas pasaules dal\u012bbnieki.<br \/>&#13;<br \/>\n57:26 Par glezno\u0161anu \u2013 ko cilv\u0113ki glezno visvair\u0101k? Aktu\u0101lais te\u0101tros.<br \/>&#13;<br \/>\n1:00:03 Par mammu un vi\u0146as sarakst\u012bto gr\u0101matu.<br \/>&#13;<br \/>\n1:04:19 Sarunas beigas.<br \/>&#13;<br \/>\n1:05:46 Rakstiet mums drosinatajs@latvijasradio.lv\u00a0<\/p>\n<p>\u00a0<\/p>\n<p>Viss svar\u012bg\u0101kais par karu Ukrain\u0101 ir un b\u016bs vienuviet \u2013 Latvijas Radio raidieraksta \u201cDro\u0161in\u0101t\u0101js\u201d jaun\u0101kaj\u0101 epizod\u0113.<\/p>\n<p>Ja v\u0113lies, lai izskaidro k\u0101du tev interes\u0113jo\u0161u jaut\u0101jumu par notieko\u0161o Ukrain\u0101 vai v\u0113lies ieteikt intervijas varoni, raksti: drosinatajs@latvijasradio.lv vai ver va\u013c\u0101 <a href=\"http:\/\/linktr.ee\/drosinatajs\" rel=\"nofollow noopener\" target=\"_blank\">linktr.ee\/drosinatajs<\/a>\u00a0<br \/>&#13;<br \/>\n\u00a0<\/p>\n<p>Ieteikt<\/p>\n<p>    Latvijas Radio aicina izteikt savu viedokli par raid\u012bjum\u0101 dzird\u0113to un atbalsta diskusijas klaus\u012bt\u0101ju starp\u0101, tom\u0113r patur ties\u012bbas dz\u0113st koment\u0101rus, kas p\u0101rk\u0101pj cie\u0146pilnas attieksmes un \u0113tiskas r\u012bc\u012bbas robe\u017eas.<a name=\"comments\"\/><\/p>\n","protected":false},"excerpt":{"rendered":"&#8220;Es vislab\u0101k par visiem Kijiv\u0101 gatavoju latvie\u0161u auksto zupu!&#8221; saka Dro\u0161in\u0101t\u0101ja \u0161\u012bs ned\u0113\u013cas viesis &#8211; Kijiv\u0101 dz\u012bvojo\u0161ais m\u0101kslinieks&hellip;\n","protected":false},"author":2,"featured_media":97889,"comment_status":"","ping_status":"","sticky":false,"template":"","format":"standard","meta":{"footnotes":""},"categories":[14],"tags":[23,57,28,29,32,33,22,30,31,35,39,38,36,37,34,40,20,26,27,24,25,54,55,56,21,58],"class_list":{"0":"post-97888","1":"post","2":"type-post","3":"status-publish","4":"format-standard","5":"has-post-thumbnail","7":"category-zinas-no-arvalstim","8":"tag-aktualitates","9":"tag-arvalstim","10":"tag-breaking-news","11":"tag-breakingnews","12":"tag-featured-news","13":"tag-featurednews","14":"tag-headlines","15":"tag-latest-news","16":"tag-latestnews","17":"tag-latvia","18":"tag-latvian","19":"tag-latviesu","20":"tag-latviesu-valoda","21":"tag-latviesuvaloda","22":"tag-latvija","23":"tag-lv","24":"tag-news","25":"tag-popularakas-zinas","26":"tag-popularakaszinas","27":"tag-top-stories","28":"tag-topstories","29":"tag-world","30":"tag-world-news","31":"tag-worldnews","32":"tag-zinas","33":"tag-zinas-no-arvalstim"},"share_on_mastodon":{"url":"https:\/\/pubeurope.com\/@lv\/115858023592962841","error":""},"_links":{"self":[{"href":"https:\/\/www.europesays.com\/lv\/wp-json\/wp\/v2\/posts\/97888","targetHints":{"allow":["GET"]}}],"collection":[{"href":"https:\/\/www.europesays.com\/lv\/wp-json\/wp\/v2\/posts"}],"about":[{"href":"https:\/\/www.europesays.com\/lv\/wp-json\/wp\/v2\/types\/post"}],"author":[{"embeddable":true,"href":"https:\/\/www.europesays.com\/lv\/wp-json\/wp\/v2\/users\/2"}],"replies":[{"embeddable":true,"href":"https:\/\/www.europesays.com\/lv\/wp-json\/wp\/v2\/comments?post=97888"}],"version-history":[{"count":0,"href":"https:\/\/www.europesays.com\/lv\/wp-json\/wp\/v2\/posts\/97888\/revisions"}],"wp:featuredmedia":[{"embeddable":true,"href":"https:\/\/www.europesays.com\/lv\/wp-json\/wp\/v2\/media\/97889"}],"wp:attachment":[{"href":"https:\/\/www.europesays.com\/lv\/wp-json\/wp\/v2\/media?parent=97888"}],"wp:term":[{"taxonomy":"category","embeddable":true,"href":"https:\/\/www.europesays.com\/lv\/wp-json\/wp\/v2\/categories?post=97888"},{"taxonomy":"post_tag","embeddable":true,"href":"https:\/\/www.europesays.com\/lv\/wp-json\/wp\/v2\/tags?post=97888"}],"curies":[{"name":"wp","href":"https:\/\/api.w.org\/{rel}","templated":true}]}}