{"id":97909,"date":"2026-01-08T06:53:06","date_gmt":"2026-01-08T06:53:06","guid":{"rendered":"https:\/\/www.europesays.com\/lv\/97909\/"},"modified":"2026-01-08T06:53:06","modified_gmt":"2026-01-08T06:53:06","slug":"dnipropetrovskas-un-zaporizjas-apgabali-bez-elektribas-pec-krievijas-trieciena","status":"publish","type":"post","link":"https:\/\/www.europesays.com\/lv\/97909\/","title":{"rendered":"D\u0146ipropetrovskas un Zapori\u017ejas apgabali bez elektr\u012bbas p\u0113c Krievijas trieciena"},"content":{"rendered":"<p class=\"descr\">P\u0113c tre\u0161dienas vakar\u0101 notiku\u0161\u0101 Krievijas dronu masveida trieciena ener\u0123\u0113tikas infrastrukt\u016brai gandr\u012bz piln\u012bb\u0101 p\u0101rtraukta elektroapg\u0101de Ukrainas D\u0146ipropetrovskas un Zapori\u017ejas apgabalos, ceturtdien pazi\u0146oja Ukrainas Ener\u0123\u0113tikas ministrija.<\/p>\n<p>T\u0101 k\u0101 nav elektr\u012bbas, trauc\u0113ta ar\u012b \u016bdensapg\u0101de.<\/p>\n<p><a href=\"https:\/\/nra.lv\/pasaule\/504798-krievu-drons-harkiva-trapijis-bernudarzam.htm\" data-item-link=\"true\" data-item-id=\"504798\" rel=\"nofollow noopener\" target=\"_blank\">Slimn\u012bc\u0101m un citiem kritiski svar\u012bg\u0101s<\/a> infrastrukt\u016bras objektiem elektroapg\u0101de tiek nodro\u0161in\u0101ta, izmantojot \u0123eneratorus.<\/p>\n<p>Trauc\u0113ti ar\u012b mobilie sakari.<\/p>\n<p>D\u0146ipro pils\u0113t\u0101 trolejbusu un tramvaju mar\u0161rutos nor\u012bkoti autobusi.<\/p>\n<p>\t\t\t\t\t\tinfo<\/p>\n<p>Uzzini pirmais<br \/>kas interesants noticis Latvij\u0101 un pasaul\u0113,<br \/>pievienojoties mums <a href=\"https:\/\/t.me\/neatkariga\" rel=\"nofollow\">Telegram<\/a> vai <a href=\"https:\/\/whatsapp.com\/channel\/0029VaMLFUH5K3zLU5s4wm3y\" rel=\"nofollow noopener\" target=\"_blank\">Whatsapp<\/a> kan\u0101l\u0101<\/p>\n","protected":false},"excerpt":{"rendered":"P\u0113c tre\u0161dienas vakar\u0101 notiku\u0161\u0101 Krievijas dronu masveida trieciena ener\u0123\u0113tikas infrastrukt\u016brai gandr\u012bz piln\u012bb\u0101 p\u0101rtraukta elektroapg\u0101de Ukrainas D\u0146ipropetrovskas un Zapori\u017ejas&hellip;\n","protected":false},"author":2,"featured_media":97910,"comment_status":"","ping_status":"","sticky":false,"template":"","format":"standard","meta":{"footnotes":""},"categories":[14],"tags":[23,57,28,29,32,33,22,30,31,35,39,38,36,37,34,40,20,26,27,24,25,54,55,56,21,58],"class_list":{"0":"post-97909","1":"post","2":"type-post","3":"status-publish","4":"format-standard","5":"has-post-thumbnail","7":"category-zinas-no-arvalstim","8":"tag-aktualitates","9":"tag-arvalstim","10":"tag-breaking-news","11":"tag-breakingnews","12":"tag-featured-news","13":"tag-featurednews","14":"tag-headlines","15":"tag-latest-news","16":"tag-latestnews","17":"tag-latvia","18":"tag-latvian","19":"tag-latviesu","20":"tag-latviesu-valoda","21":"tag-latviesuvaloda","22":"tag-latvija","23":"tag-lv","24":"tag-news","25":"tag-popularakas-zinas","26":"tag-popularakaszinas","27":"tag-top-stories","28":"tag-topstories","29":"tag-world","30":"tag-world-news","31":"tag-worldnews","32":"tag-zinas","33":"tag-zinas-no-arvalstim"},"share_on_mastodon":{"url":"https:\/\/pubeurope.com\/@lv\/115858165137323544","error":""},"_links":{"self":[{"href":"https:\/\/www.europesays.com\/lv\/wp-json\/wp\/v2\/posts\/97909","targetHints":{"allow":["GET"]}}],"collection":[{"href":"https:\/\/www.europesays.com\/lv\/wp-json\/wp\/v2\/posts"}],"about":[{"href":"https:\/\/www.europesays.com\/lv\/wp-json\/wp\/v2\/types\/post"}],"author":[{"embeddable":true,"href":"https:\/\/www.europesays.com\/lv\/wp-json\/wp\/v2\/users\/2"}],"replies":[{"embeddable":true,"href":"https:\/\/www.europesays.com\/lv\/wp-json\/wp\/v2\/comments?post=97909"}],"version-history":[{"count":0,"href":"https:\/\/www.europesays.com\/lv\/wp-json\/wp\/v2\/posts\/97909\/revisions"}],"wp:featuredmedia":[{"embeddable":true,"href":"https:\/\/www.europesays.com\/lv\/wp-json\/wp\/v2\/media\/97910"}],"wp:attachment":[{"href":"https:\/\/www.europesays.com\/lv\/wp-json\/wp\/v2\/media?parent=97909"}],"wp:term":[{"taxonomy":"category","embeddable":true,"href":"https:\/\/www.europesays.com\/lv\/wp-json\/wp\/v2\/categories?post=97909"},{"taxonomy":"post_tag","embeddable":true,"href":"https:\/\/www.europesays.com\/lv\/wp-json\/wp\/v2\/tags?post=97909"}],"curies":[{"name":"wp","href":"https:\/\/api.w.org\/{rel}","templated":true}]}}