{"id":97913,"date":"2026-01-08T07:00:07","date_gmt":"2026-01-08T07:00:07","guid":{"rendered":"https:\/\/www.europesays.com\/lv\/97913\/"},"modified":"2026-01-08T07:00:07","modified_gmt":"2026-01-08T07:00:07","slug":"atbalsta-sistemas-cilvekiem-ar-invaliditati-uzlabosanai-vajag-50-miljonus-raksts","status":"publish","type":"post","link":"https:\/\/www.europesays.com\/lv\/97913\/","title":{"rendered":"Atbalsta sist\u0113mas cilv\u0113kiem ar invalidit\u0101ti uzlabo\u0161anai vajag 50 miljonus \/ Raksts"},"content":{"rendered":"<p>Atbalsta sist\u0113mas cilv\u0113kiem ar invalidit\u0101ti uzlabo\u0161anai vajadz\u012bgi 50 miljoni eiro, intervij\u0101 Latvijas Telev\u012bzijas raid\u012bjum\u0101 &#8220;R\u012bta panor\u0101ma&#8221; sac\u012bja labkl\u0101j\u012bbas ministrs Reinis Uzulnieks (Za\u013co un Zemnieku savien\u012bba).<\/p>\n<p style=\"margin-left:0cm; margin-right:0cm\">Vi\u0146\u0161 skaidroja, ka Labkl\u0101j\u012bbas ministrija respekt\u0113 <a href=\"https:\/\/www.lsm.lv\/article-preview\/zinas\/latvija\/07.01.2026-revidenti-invaliditates-noteiksana-nesasniedz-merki-atbalsts-starp-pasvaldibam-ir-nevienlidzigs.a628802\/#7\" class=\"lsm-link\" data-type=\"article\" data-id=\"628802\" rel=\"nofollow noopener\" target=\"_blank\">Valsts kontroles rev\u012bzij\u0101 <\/a>atkl\u0101to par sadrumstalotu atbalsta sist\u0113mu cilv\u0113kiem ar invalidit\u0101ti, k\u0101 ar\u012b revidentu ieteikumus.<\/p>\n<p style=\"margin-left:0cm; margin-right:0cm\">Lai sist\u0113mu uzlabotu, nepiecie\u0161amas izmai\u0146as. Ministrijas apr\u0113\u0137ini liecina, ka tam vajadz\u012bgi 50 miljoni eiro. Par \u0161o naudu var\u0113tu main\u012bt sist\u0113mu un pacelt \u012bpa\u0161\u0101s kop\u0161anas pabalstu cilv\u0113kiem, kas dz\u012bves laik\u0101 ieguvu\u0161i invalidit\u0101ti.<\/p>\n<p style=\"margin-left:0cm; margin-right:0cm\">Atbildot uz jaut\u0101jumu, k\u0101p\u0113c uzlabojumi nav notiku\u0161i iepriek\u0161, Uzulnieks sac\u012bja, ka probl\u0113mu risin\u0101\u0161ana &#8220;daudz kur atduras pret finans\u0113jumu&#8221;.<\/p>\n<p style=\"margin-left:0cm; margin-right:0cm\">Ministrs ieskic\u0113ja ar\u012b probl\u0113mu ar atbalstu cilv\u0113kiem da\u017e\u0101d\u0101s pa\u0161vald\u012bb\u0101s. Proti, nevajadz\u0113tu b\u016bt t\u0101, ka bag\u0101t\u0101k\u0101 pa\u0161vald\u012bb\u0101 pakalpojumu var sa\u0146emt, bet nabadz\u012bg\u0101k\u0101 n\u0113. Visur pakalpojumiem vajadz\u0113tu b\u016bt vien\u0101diem. Ministrs uzskata, ka valstij vajadz\u0113tu l\u012bdzfinans\u0113t l\u012bdz pat 50% no pakalpojuma izmaks\u0101m.<\/p>\n<p style=\"margin-left:0cm; margin-right:0cm\">Uzulnieks apliecin\u0101ja, ka atbalsts cilv\u0113kiem ar invalidit\u0101ti b\u016bs vi\u0146a priorit\u0101te, ja vi\u0146\u0161 turpin\u0101s darbu labkl\u0101j\u012bbas ministra amat\u0101 p\u0113c \u0161\u012b gada Saeimas v\u0113l\u0113\u0161an\u0101m.<\/p>\n<p style=\"margin-left:0cm; margin-right:0cm\">KONTEKSTS:<\/p>\n<p style=\"margin-left:0cm; margin-right:0cm\"><a href=\"https:\/\/www.lsm.lv\/article-preview\/zinas\/latvija\/07.01.2026-revidenti-invaliditates-noteiksana-nesasniedz-merki-atbalsts-starp-pasvaldibam-ir-nevienlidzigs.a628802\/#7\" class=\"lsm-link\" data-type=\"article\" data-id=\"628802\" rel=\"nofollow noopener\" target=\"_blank\">Valsts kontrole <\/a>secin\u0101jusi, ka Latvij\u0101 invalidit\u0101tes statuss tikai da\u013c\u0113ji sasniedz savu m\u0113r\u0137i. Invalidit\u0101tes noteik\u0161anas pamatuzdevums ir nodro\u0161in\u0101t atbalstu cilv\u0113kiem ar funkcion\u0101liem trauc\u0113jumiem, kas \u013cautu mazin\u0101t funkcion\u0113\u0161anas ierobe\u017eojumu rad\u012bt\u0101s barjeras un nodro\u0161in\u0101tu l\u012bdzv\u0113rt\u012bgas iesp\u0113jas. Tom\u0113r praks\u0113 statuss bie\u017ei vien kalpo ien\u0101kumu kompens\u0113\u0161anai, nevis piek\u013cuvei vajadz\u012bgajiem pakalpojumiem.\u00a0<\/p>\n<p>                    Valodas k\u013c\u016bda rakst\u0101?<\/p>\n<p class=\"d-none d-md-block\">Iez\u012bm\u0113jiet tekstu un spiediet Ctrl+Enter, lai nos\u016bt\u012btu labojamo teksta fragmentu redaktoram! Par faktu k\u013c\u016bd\u0101m l\u016bdzam zi\u0146ot e-past\u0101 <a href=\"https:\/\/www.lsm.lv\/cdn-cgi\/l\/email-protection\" class=\"__cf_email__\" data-cfemail=\"c7b5a2a3a6aca4aeada687abb4aae9abb1\" rel=\"nofollow noopener\" target=\"_blank\">[email\u00a0protected]<\/a>.<\/p>\n<p class=\"d-md-none\">Iez\u012bm\u0113jiet tekstu un spiediet uz Zi\u0146ot par k\u013c\u016bdu pogas, lai nos\u016bt\u012btu labojamo teksta fragmentu redaktoram!<\/p>\n<p>\n                    Zi\u0146ot par k\u013c\u016bdu\n                <\/p>\n","protected":false},"excerpt":{"rendered":"Atbalsta sist\u0113mas cilv\u0113kiem ar invalidit\u0101ti uzlabo\u0161anai vajadz\u012bgi 50 miljoni eiro, intervij\u0101 Latvijas Telev\u012bzijas raid\u012bjum\u0101 &#8220;R\u012bta panor\u0101ma&#8221; sac\u012bja labkl\u0101j\u012bbas&hellip;\n","protected":false},"author":2,"featured_media":97914,"comment_status":"","ping_status":"","sticky":false,"template":"","format":"standard","meta":{"footnotes":""},"categories":[12],"tags":[23,28,29,32,33,22,30,31,35,39,38,36,37,34,40,20,26,27,24,25,21],"class_list":{"0":"post-97913","1":"post","2":"type-post","3":"status-publish","4":"format-standard","5":"has-post-thumbnail","7":"category-latvija","8":"tag-aktualitates","9":"tag-breaking-news","10":"tag-breakingnews","11":"tag-featured-news","12":"tag-featurednews","13":"tag-headlines","14":"tag-latest-news","15":"tag-latestnews","16":"tag-latvia","17":"tag-latvian","18":"tag-latviesu","19":"tag-latviesu-valoda","20":"tag-latviesuvaloda","21":"tag-latvija","22":"tag-lv","23":"tag-news","24":"tag-popularakas-zinas","25":"tag-popularakaszinas","26":"tag-top-stories","27":"tag-topstories","28":"tag-zinas"},"share_on_mastodon":{"url":"https:\/\/pubeurope.com\/@lv\/115858192713543143","error":""},"_links":{"self":[{"href":"https:\/\/www.europesays.com\/lv\/wp-json\/wp\/v2\/posts\/97913","targetHints":{"allow":["GET"]}}],"collection":[{"href":"https:\/\/www.europesays.com\/lv\/wp-json\/wp\/v2\/posts"}],"about":[{"href":"https:\/\/www.europesays.com\/lv\/wp-json\/wp\/v2\/types\/post"}],"author":[{"embeddable":true,"href":"https:\/\/www.europesays.com\/lv\/wp-json\/wp\/v2\/users\/2"}],"replies":[{"embeddable":true,"href":"https:\/\/www.europesays.com\/lv\/wp-json\/wp\/v2\/comments?post=97913"}],"version-history":[{"count":0,"href":"https:\/\/www.europesays.com\/lv\/wp-json\/wp\/v2\/posts\/97913\/revisions"}],"wp:featuredmedia":[{"embeddable":true,"href":"https:\/\/www.europesays.com\/lv\/wp-json\/wp\/v2\/media\/97914"}],"wp:attachment":[{"href":"https:\/\/www.europesays.com\/lv\/wp-json\/wp\/v2\/media?parent=97913"}],"wp:term":[{"taxonomy":"category","embeddable":true,"href":"https:\/\/www.europesays.com\/lv\/wp-json\/wp\/v2\/categories?post=97913"},{"taxonomy":"post_tag","embeddable":true,"href":"https:\/\/www.europesays.com\/lv\/wp-json\/wp\/v2\/tags?post=97913"}],"curies":[{"name":"wp","href":"https:\/\/api.w.org\/{rel}","templated":true}]}}