{"id":97919,"date":"2026-01-08T07:06:19","date_gmt":"2026-01-08T07:06:19","guid":{"rendered":"https:\/\/www.europesays.com\/lv\/97919\/"},"modified":"2026-01-08T07:06:19","modified_gmt":"2026-01-08T07:06:19","slug":"dabas-muzejs-par-gada-dzivnieku-2026-izvelas-parasto-krupi","status":"publish","type":"post","link":"https:\/\/www.europesays.com\/lv\/97919\/","title":{"rendered":"Dabas muzejs par Gada dz\u012bvnieku 2026 izv\u0113las parasto krupi"},"content":{"rendered":"<p>Latvijas Nacion\u0101lais dabas muzejs par 2026. gada dz\u012bvnieku izv\u0113l\u0113jies parasto krupi \u2013 abinieku sugu, kas sastopama vis\u0101 Latvijas teritorij\u0101. Krupjiem rakstur\u012bg\u0101s sezon\u0101l\u0101s migr\u0101cijas d\u0113\u013c pavasaros, dodoties uz n\u0101rsta viet\u0101m, tie nereti \u0161\u0137\u0113rso autoce\u013cus un non\u0101k satiksmes apdraud\u0113jum\u0101. Ja krupim palaim\u0113jas izdz\u012bvot, t\u0101 m\u016b\u017ea ilgums var sasniegt pat 40 gadus!<\/p>\n<p>Parastais krupis\u00a0Bufo bufo\u00a0ir viens no liel\u0101kajiem abiniekiem Latvij\u0101. Pieaugu\u0161a krupja \u0137erme\u0146a garums ir 6\u201312 cm, retos gad\u012bjumos l\u012bdz 13 cm. M\u0101t\u012btes parasti ir liel\u0101kas un mas\u012bv\u0101kas nek\u0101 t\u0113vi\u0146i. K\u0101jas ir \u012bsas un sp\u0113c\u012bgas, vair\u0101k piem\u0113rotas l\u0113nai r\u0101po\u0161anai, nevis l\u0113k\u0161anai. \u0100da ir sausa, raupja un ar izteiktiem k\u0101rpi\u0146\u0101m l\u012bdz\u012bgiem izaugumiem \u2013 t\u0101 ir viena no galvenaj\u0101m paz\u012bm\u0113m, p\u0113c kuras krupi at\u0161\u0137irt no vardes. Kr\u0101sa vari\u0113 no dzeltenbr\u016bnas un pel\u0113c\u012bgas l\u012bdz tum\u0161i br\u016bnai, v\u0113ders ir gai\u0161\u0101ks. Galvas s\u0101nos atrodas lieli, ov\u0101li pieauss indes dziedzeri, kas pie\u0161\u0137ir r\u016bgtu un citiem dz\u012bvniekiem nepat\u012bkamu gar\u0161u.<\/p>\n<p>Liel\u0101ko da\u013cu dz\u012bves parastais krupis pavada uz sauszemes un ir sastopams lapkoku un skujkoku me\u017eos, p\u013cav\u0101s, kr\u016bm\u0101jos, d\u0101rzu teritorij\u0101s un pils\u0113tu za\u013caj\u0101s zon\u0101s. Tas ir nakts dz\u012bvnieks un dien\u0101 sl\u0113pjas v\u0113s\u0101s, mitr\u0101s un tum\u0161\u0101s viet\u0101s, piem\u0113ram, zem krital\u0101m, akme\u0146iem, bl\u012bvas ve\u0123et\u0101cijas vai augsnes spraug\u0101s. Akt\u012bv\u0101ks k\u013c\u016bst vakaros un lietain\u0101 laik\u0101. Parastais krupis ir aukstasi\u0146u dz\u012bvnieks, t\u0101p\u0113c t\u0101 \u0137erme\u0146a temperat\u016bra main\u0101s atkar\u012bb\u0101 no apk\u0101rt\u0113j\u0101s vides. Ziemu tas pavada sl\u0113ptuv\u0113, iegrimis ziemas mieg\u0101.<\/p>\n<p>Krupji ir nometnieki, bet pavasaros tie dodas sezon\u0101l\u0101 migr\u0101cij\u0101 uz n\u0101rsta viet\u0101m, nereti \u0161\u0137\u0113rsojot ce\u013cus un non\u0101kot satiksmes apdraud\u0113jum\u0101. Tie s\u0101k p\u0101rvietoties, tikl\u012bdz nokusis sniegs un ir pietiekami silts, parasti mart\u0101\u2013apr\u012bl\u012b. N\u0101rsto mier\u012bgos, seklos \u016bde\u0146os ar bag\u0101t\u012bgu ve\u0123et\u0101ciju \u2013 d\u012b\u0137os, gr\u0101vjos, ezeros un vecup\u0113s. Dab\u0101 parast\u0101 krupja kl\u0101tb\u016btni var paman\u012bt p\u0113c tam rakstur\u012bg\u0101s l\u0113n\u0101s un smagn\u0113j\u0101s kust\u012bbas, pavasaros ar\u012b p\u0113c garaj\u0101m ikru virten\u0113m \u016bdenstilp\u0113s. Vasar\u0101 par krupi liecina klusin\u0101ta \u201ekrak\u0161\u0137o\u0161a\u201d ska\u0146a, ko tas rada trauksmes br\u012bd\u012b.<\/p>\n<p>Latvijas Nacion\u0101l\u0101 dabas muzeja zoolo\u0123ijas ekspoz\u012bcij\u0101 visa gada garum\u0101 var\u0113s apl\u016bkot\u00a0Gada dz\u012bvnieka\u00a0vitr\u012bnu, un jau 31. janv\u0101r\u012b muzej\u0101 notiks\u00a0\u0122imenes diena\u00a0par krupi.\u00a0<\/p>\n<p>Aicin\u0101m re\u0123istr\u0113t parast\u0101 krupja nov\u0113rojumus vietn\u0113\u00a0<a href=\"https:\/\/www.dabasdati.lv\/\" target=\"_blank\" data-entity-type=\"external\" rel=\"nofollow noopener\">www.dabasdati.lv<\/a>\u00a0un iek\u013caut\u00a0Gada dz\u012bvnieku\u00a0izgl\u012btojo\u0161os pas\u0101kumos un cit\u0101s noris\u0113s!<\/p>\n<p><a href=\"https:\/\/www.dabasmuzejs.gov.lv\/lv\/aktualitates\/gada-dzivnieks\" target=\"_blank\" class=\"fails\" data-entity-type=\"external\" rel=\"nofollow noopener\">INFORM\u0100CIJA PAR PARASTO KRUPI<\/a><\/p>\n<p>Gada dz\u012bvnieka idejas v\u0113sture<\/p>\n<p>Gada dz\u012bvnieks ir viena no ilg\u0101k past\u0101vo\u0161aj\u0101m vides izgl\u012bt\u012bbas aktivit\u0101t\u0113m Latvijas Nacion\u0101laj\u0101 dabas muzej\u0101. Pirmais gada dz\u012bvnieks tika izv\u0113l\u0113ts 2000. gad\u0101.\u00a0<\/p>\n<p>S\u0101kotn\u0113ji gada dz\u012bvnieks pasludin\u0101ts ar m\u0113r\u0137i popul\u0101rzin\u0101tnisk\u0101 veid\u0101 st\u0101st\u012bt sabiedr\u012bbai par Latvij\u0101 aizsarg\u0101jam\u0101m dz\u012bvnieku sug\u0101m. Laika gait\u0101, aktivit\u0101tei ieg\u016bstot popularit\u0101ti, iniciat\u012bvu uz\u0146\u0113m\u0101s ar\u012b dabas aizsardz\u012bbas un intere\u0161u biedr\u012bbas, izvirzot ar\u012b citus gada simbolus. Piem\u0113ram, Latvijas Ornitolo\u0123ijas biedr\u012bba nosaka gada putnu, Latvijas Entomolo\u0123ijas biedr\u012bba \u2013 gada kukaini un gada bezmugurkaulnieku. Tiku\u0161as izvirz\u012btas nomin\u0101cijas gada zivs, gada gliemezis u. c., turkl\u0101t ideju p\u0101r\u0146\u0113mu\u0161as ar\u012b Latvijas Mikologu biedr\u012bba ar gada s\u0113ni, Latvijas Dendrologu biedr\u012bba \u2013 gada koku, Latvijas Petroglifu centrs \u2013 gada \u0123eolo\u0123isko objektu u. c. Da\u013ca organiz\u0101ciju nomin\u0101ciju izvirza neregul\u0101ri, ta\u010du Dabas muzeja speci\u0101listi to dara katru gadu janv\u0101ra s\u0101kum\u0101, sadarbojoties ar Latvijas Valsts me\u017ezin\u0101tnes instit\u016btu \u201eSilava\u201d, Dabas aizsardz\u012bbas p\u0101rvaldi, Pasaules Dabas Fondu, cit\u0101m valsts instit\u016bcij\u0101m un biedr\u012bb\u0101m.<\/p>\n<p>Gada dz\u012bvnieks 2000\u20132025<\/p>\n<p>Aizsarg\u0101jamas sugas statuss<\/p>\n<p>Gada dz\u012bvnieks 2025 baltkr\u016btainais ezis un br\u016bnkr\u016btainais ezis\u00a0<br \/>Gada dz\u012bvnieks 2024 stirna\u00a0<br \/>Gada dz\u012bvnieks 2023 p\u013cavas \u0137irzaka un\u00a0sila \u0137irzaka\u00a0<br \/>Gada dz\u012bvnieks 2022 zebiekste\u00a0<br \/>Gada dz\u012bvnieks 2021 pel\u0113kais za\u0137is un baltais za\u0137is<br \/>Gada dz\u012bvnieks 2020 Eir\u0101zijas bebrs<br \/>Gada dz\u012bvnieks 2019 alnis<br \/>Gada dz\u012bvnieks 2018 parast\u0101 v\u0101vere<br \/>Gada dz\u012bvnieks 2017 zutis<br \/>Gada dz\u012bvnieks 2016 \u0101psis<br \/>Gada dz\u012bvnieks 2015 me\u017ea c\u016bka\u00a0<br \/>Gada dz\u012bvnieks 2014\u00a0pel\u0113kais vilks\u00a0<br \/>Gada dz\u012bvnieks 2013\u00a0Eiropas purva bru\u0146rupucis<br \/>Gada dz\u012bvnieks 2012\u00a0gluden\u0101 \u010d\u016bska<br \/>Gada dz\u012bvnieks 2011\u00a0Eiropas platausis\u00a0<br \/>Gada dz\u012bvnieks 2010\u00a0\u016bdrs<br \/>Gada dz\u012bvnieks 2009\u00a0br\u016bnais l\u0101cis<br \/>Gada dz\u012bvnieks 2008\u00a0pel\u0113kais ronis\u00a0<br \/>Gada dz\u012bvnieks 2007\u00a0smil\u0161u krupis<br \/>Gada dz\u012bvnieks 2006\u00a0lidv\u0101vere\u00a0<br \/>Gada dz\u012bvnieks 2005\u00a0lielais susuris<br \/>Gada dz\u012bvnieks 2004\u00a0c\u016bkdelf\u012bns<br \/>Gada dz\u012bvnieks 2003\u00a0Eir\u0101zijas l\u016bsis<br \/>Gada dz\u012bvnieks 2002\u00a0lielais tor\u0146gliemezis\u00a0<br \/>Gada dz\u012bvnieks 2001\u00a0zieme\u013cu upesp\u0113rlene<br \/>Gada dz\u012bvnieks 2000\u00a0di\u017e\u0101 brie\u017evabole<\/p>\n<p>          <img decoding=\"async\" src=\"https:\/\/www.europesays.com\/lv\/wp-content\/uploads\/2026\/01\/1767645852_487_logo-lv.png\" alt=\"\"\/><\/p>\n<p>                  \u0160\u012b inform\u0101cija ir publisks pazi\u0146ojums un neatspogu\u013co LV port\u0101la viedokli. Par t\u0101s saturu atbild ies\u016bt\u012bt\u0101js. <a data-popup=\"rules\">Public\u0113\u0161anas noteikumi<\/a><\/p>\n","protected":false},"excerpt":{"rendered":"Latvijas Nacion\u0101lais dabas muzejs par 2026. gada dz\u012bvnieku izv\u0113l\u0113jies parasto krupi \u2013 abinieku sugu, kas sastopama vis\u0101 Latvijas&hellip;\n","protected":false},"author":2,"featured_media":97920,"comment_status":"","ping_status":"","sticky":false,"template":"","format":"standard","meta":{"footnotes":""},"categories":[12],"tags":[23,28,29,32,33,22,30,31,35,39,38,36,37,34,40,20,26,27,24,25,21],"class_list":{"0":"post-97919","1":"post","2":"type-post","3":"status-publish","4":"format-standard","5":"has-post-thumbnail","7":"category-latvija","8":"tag-aktualitates","9":"tag-breaking-news","10":"tag-breakingnews","11":"tag-featured-news","12":"tag-featurednews","13":"tag-headlines","14":"tag-latest-news","15":"tag-latestnews","16":"tag-latvia","17":"tag-latvian","18":"tag-latviesu","19":"tag-latviesu-valoda","20":"tag-latviesuvaloda","21":"tag-latvija","22":"tag-lv","23":"tag-news","24":"tag-popularakas-zinas","25":"tag-popularakaszinas","26":"tag-top-stories","27":"tag-topstories","28":"tag-zinas"},"share_on_mastodon":{"url":"https:\/\/pubeurope.com\/@lv\/115858216339828978","error":""},"_links":{"self":[{"href":"https:\/\/www.europesays.com\/lv\/wp-json\/wp\/v2\/posts\/97919","targetHints":{"allow":["GET"]}}],"collection":[{"href":"https:\/\/www.europesays.com\/lv\/wp-json\/wp\/v2\/posts"}],"about":[{"href":"https:\/\/www.europesays.com\/lv\/wp-json\/wp\/v2\/types\/post"}],"author":[{"embeddable":true,"href":"https:\/\/www.europesays.com\/lv\/wp-json\/wp\/v2\/users\/2"}],"replies":[{"embeddable":true,"href":"https:\/\/www.europesays.com\/lv\/wp-json\/wp\/v2\/comments?post=97919"}],"version-history":[{"count":0,"href":"https:\/\/www.europesays.com\/lv\/wp-json\/wp\/v2\/posts\/97919\/revisions"}],"wp:featuredmedia":[{"embeddable":true,"href":"https:\/\/www.europesays.com\/lv\/wp-json\/wp\/v2\/media\/97920"}],"wp:attachment":[{"href":"https:\/\/www.europesays.com\/lv\/wp-json\/wp\/v2\/media?parent=97919"}],"wp:term":[{"taxonomy":"category","embeddable":true,"href":"https:\/\/www.europesays.com\/lv\/wp-json\/wp\/v2\/categories?post=97919"},{"taxonomy":"post_tag","embeddable":true,"href":"https:\/\/www.europesays.com\/lv\/wp-json\/wp\/v2\/tags?post=97919"}],"curies":[{"name":"wp","href":"https:\/\/api.w.org\/{rel}","templated":true}]}}