{"id":97925,"date":"2026-01-08T07:12:07","date_gmt":"2026-01-08T07:12:07","guid":{"rendered":"https:\/\/www.europesays.com\/lv\/97925\/"},"modified":"2026-01-08T07:12:07","modified_gmt":"2026-01-08T07:12:07","slug":"npvc-maksliga-intelekta-aprikotais-riks-palidzibas-anketa-palidzejis-atklat-divus-dzivibai-bistamus-gadijumus","status":"publish","type":"post","link":"https:\/\/www.europesays.com\/lv\/97925\/","title":{"rendered":"NPVC m\u0101ksl\u012bg\u0101 intelekta apr\u012bkotais r\u012bks &#8220;Pal\u012bdz\u012bbas anketa&#8221; pal\u012bdz\u0113jis atkl\u0101t divus dz\u012bv\u012bbai b\u012bstamus gad\u012bjumus"},"content":{"rendered":"<p>Digit\u0101lais risin\u0101jums dom\u0101ts cilv\u0113kiem, kuri pie psihiatra v\u0113r\u0161as pirmo reizi, pacientiem, kuri iepriek\u0161 jau sa\u0146\u0113mu\u0161i psihiatrisku pal\u012bdz\u012bbu, bet \u0161obr\u012bd piedz\u012bvo simptomu saasin\u0101jumu un v\u0113las sa\u0146emt savlaic\u012bg\u0101ku izv\u0113rt\u0113jumu, k\u0101 ar\u012b situ\u0101cij\u0101m, kad pacients vai vi\u0146a tuvinieki nav p\u0101rliecin\u0101ti par st\u0101vok\u013ca steidzam\u012bbu, skaidro speci\u0101listi.<\/p>\n<p>R\u012bks paredz\u0113ts situ\u0101cij\u0101m, kad cilv\u0113ks piedz\u012bvo nopietnas psihisk\u0101s vesel\u012bbas gr\u016bt\u012bbas un ir svar\u012bgi \u0101tri izv\u0113rt\u0113t riskus un nodro\u0161in\u0101t savlaic\u012bgu speci\u0101lista iesaisti. Aizpildot anketu, netiek sa\u0146emts autom\u0101tisks skaidrojums vai v\u0113rt\u0113jums &#8211; inform\u0101ciju izv\u0113rt\u0113 medic\u012bnas profesion\u0101\u013ci.<\/p>\n<p>Jebkura Latvijas \u0101rstniec\u012bbas iest\u0101de var iedot pacientam aizpild\u012bt &#8220;Pal\u012bdz\u012bbas anketu&#8221;, un psihiatrisk\u0101s pal\u012bdz\u012bbas iest\u0101de ar iedz\u012bvot\u0101ju sazin\u0101sies. T\u0101pat anketa ikvienam ir br\u012bvi pieejama piecu psihiatrisko slimn\u012bcu t\u012bmek\u013cvietn\u0113s &#8211; NPVC, Stren\u010du psihoneirolo\u0123isk\u0101s slimn\u012bcas, slimn\u012bcas &#8220;\u0122intermui\u017ea&#8221;, Daugavpils psihoneirolo\u0123isk\u0101s slimn\u012bcas un Piej\u016bras slimn\u012bcas m\u0101jaslap\u0101, un to iesp\u0113jams aizpild\u012bt sev \u0113rt\u0101 laik\u0101 un viet\u0101, nor\u0101da NPVC.<\/p>\n<p>Anketa neaizst\u0101j \u0101rstu un nav automatiz\u0113ta l\u0113mumu pie\u0146em\u0161anas sist\u0113ma &#8211; tri\u0101\u017eas rezult\u0101tus p\u0101rskata \u0101rstniec\u012bbas persona, kas pie\u0146em gal\u012bgo l\u0113mumu par pal\u012bdz\u012bbas snieg\u0161anas laiku un formu. Pacientam tiek sniegta atgriezenisk\u0101 saite, inform\u0113jot par pierakstu vai ieteikumu v\u0113rsties, piem\u0113ram, pie \u0123imenes \u0101rsta.<\/p>\n","protected":false},"excerpt":{"rendered":"Digit\u0101lais risin\u0101jums dom\u0101ts cilv\u0113kiem, kuri pie psihiatra v\u0113r\u0161as pirmo reizi, pacientiem, kuri iepriek\u0161 jau sa\u0146\u0113mu\u0161i psihiatrisku pal\u012bdz\u012bbu, bet&hellip;\n","protected":false},"author":2,"featured_media":97926,"comment_status":"","ping_status":"","sticky":false,"template":"","format":"standard","meta":{"footnotes":""},"categories":[12],"tags":[23,28,29,32,33,22,30,31,35,39,38,36,37,34,40,4257,20,4258,26,27,24,25,21],"class_list":{"0":"post-97925","1":"post","2":"type-post","3":"status-publish","4":"format-standard","5":"has-post-thumbnail","7":"category-latvija","8":"tag-aktualitates","9":"tag-breaking-news","10":"tag-breakingnews","11":"tag-featured-news","12":"tag-featurednews","13":"tag-headlines","14":"tag-latest-news","15":"tag-latestnews","16":"tag-latvia","17":"tag-latvian","18":"tag-latviesu","19":"tag-latviesu-valoda","20":"tag-latviesuvaloda","21":"tag-latvija","22":"tag-lv","23":"tag-nacionalais-psihiskas-veselibas-centrs","24":"tag-news","25":"tag-npvc","26":"tag-popularakas-zinas","27":"tag-popularakaszinas","28":"tag-top-stories","29":"tag-topstories","30":"tag-zinas"},"share_on_mastodon":{"url":"https:\/\/pubeurope.com\/@lv\/115858239900719414","error":""},"_links":{"self":[{"href":"https:\/\/www.europesays.com\/lv\/wp-json\/wp\/v2\/posts\/97925","targetHints":{"allow":["GET"]}}],"collection":[{"href":"https:\/\/www.europesays.com\/lv\/wp-json\/wp\/v2\/posts"}],"about":[{"href":"https:\/\/www.europesays.com\/lv\/wp-json\/wp\/v2\/types\/post"}],"author":[{"embeddable":true,"href":"https:\/\/www.europesays.com\/lv\/wp-json\/wp\/v2\/users\/2"}],"replies":[{"embeddable":true,"href":"https:\/\/www.europesays.com\/lv\/wp-json\/wp\/v2\/comments?post=97925"}],"version-history":[{"count":0,"href":"https:\/\/www.europesays.com\/lv\/wp-json\/wp\/v2\/posts\/97925\/revisions"}],"wp:featuredmedia":[{"embeddable":true,"href":"https:\/\/www.europesays.com\/lv\/wp-json\/wp\/v2\/media\/97926"}],"wp:attachment":[{"href":"https:\/\/www.europesays.com\/lv\/wp-json\/wp\/v2\/media?parent=97925"}],"wp:term":[{"taxonomy":"category","embeddable":true,"href":"https:\/\/www.europesays.com\/lv\/wp-json\/wp\/v2\/categories?post=97925"},{"taxonomy":"post_tag","embeddable":true,"href":"https:\/\/www.europesays.com\/lv\/wp-json\/wp\/v2\/tags?post=97925"}],"curies":[{"name":"wp","href":"https:\/\/api.w.org\/{rel}","templated":true}]}}