{"id":97937,"date":"2026-01-08T07:24:11","date_gmt":"2026-01-08T07:24:11","guid":{"rendered":"https:\/\/www.europesays.com\/lv\/97937\/"},"modified":"2026-01-08T07:24:11","modified_gmt":"2026-01-08T07:24:11","slug":"riski-pieaug-lidz-ar-personu-skaita-palielinasanos-musulmanu-kopienas-drosibas-dienests-atklaj-realitati-par-terorisma-draudiem-latvijai","status":"publish","type":"post","link":"https:\/\/www.europesays.com\/lv\/97937\/","title":{"rendered":"\u201cRiski pieaug l\u012bdz ar personu skaita palielin\u0101\u0161anos musulma\u0146u kopien\u0101s.\u201d Dro\u0161\u012bbas dienests atkl\u0101j realit\u0101ti par terorisma draudiem Latvijai"},"content":{"rendered":"<p>    <img decoding=\"async\" src=\"https:\/\/www.europesays.com\/lv\/wp-content\/uploads\/2025\/11\/LET_13580109-1024x641.jpg\" alt=\"&#10;\"\/><\/p>\n<p>Foto: Edijs P\u0101lens\/LETA\n<\/p>\n<p>\u0160obr\u012bd Valsts dro\u0161\u012bbas dienesta (VDD) r\u012bc\u012bb\u0101 nav konkr\u0113tas inform\u0101cijas par person\u0101m vai grup\u0101m, kas var\u0113tu rad\u012bt terorisma draudus, parlament\u0101r\u0101s izmekl\u0113\u0161anas komisij\u0101 imigr\u0101cijas regul\u0113juma izv\u0113rt\u0113\u0161anai \u0161odien teica VDD priek\u0161nieka vietnieks \u0112riks Cinkus.<\/p>\n<p>        Las\u012bt\u0101kie<br \/>\n        <a data-imagesrc=\"{&quot;300&quot;:&quot;https:\\\/\\\/lastatic.ams3.cdn.digitaloceanspaces.com\\\/2014\\\/08\\\/seniori1-300x197.jpg&quot;,&quot;80&quot;:&quot;https:\\\/\\\/lastatic.ams3.cdn.digitaloceanspaces.com\\\/2014\\\/08\\\/seniori1-80x48.jpg&quot;,&quot;112&quot;:&quot;https:\\\/\\\/lastatic.ams3.cdn.digitaloceanspaces.com\\\/2014\\\/08\\\/seniori1-112x64.jpg&quot;,&quot;664&quot;:&quot;https:\\\/\\\/lastatic.ams3.cdn.digitaloceanspaces.com\\\/2014\\\/08\\\/seniori1-664x436.jpg&quot;,&quot;243&quot;:&quot;https:\\\/\\\/lastatic.ams3.cdn.digitaloceanspaces.com\\\/2014\\\/08\\\/seniori1-243x160.jpg&quot;,&quot;263&quot;:&quot;https:\\\/\\\/lastatic.ams3.cdn.digitaloceanspaces.com\\\/2014\\\/08\\\/seniori1-263x172.jpg&quot;,&quot;513&quot;:&quot;https:\\\/\\\/lastatic.ams3.cdn.digitaloceanspaces.com\\\/2014\\\/08\\\/seniori1-513x338.jpg&quot;,&quot;118&quot;:&quot;https:\\\/\\\/lastatic.ams3.cdn.digitaloceanspaces.com\\\/2014\\\/08\\\/seniori1-118x70.jpg&quot;,&quot;348&quot;:&quot;https:\\\/\\\/lastatic.ams3.cdn.digitaloceanspaces.com\\\/2014\\\/08\\\/seniori1-348x225.jpg&quot;,&quot;90&quot;:&quot;https:\\\/\\\/lastatic.ams3.cdn.digitaloceanspaces.com\\\/2014\\\/08\\\/seniori1-90x58.jpg&quot;,&quot;900&quot;:&quot;https:\\\/\\\/lastatic.ams3.cdn.digitaloceanspaces.com\\\/2014\\\/08\\\/seniori1.jpg&quot;}\" data-focuspoint=\"&quot;&quot;\" data-p=\"2489850\" href=\"https:\/\/www.la.lv\/ari-maizi-ko-est-lai-nodzivotu-lidz-100-gadiem-uztura-specialisti-nosauc-8-ilgmuzibas-partikas-produktus\" class=\"content-item lazy-load\" wp_automatic_readability=\"27\" rel=\"nofollow noopener\" target=\"_blank\"><\/p>\n<p>                                <img decoding=\"async\" src=\"\" alt=\"\" style=\"\" data-imageid=\"\"\/><\/p>\n<p>                                Veselam<\/p>\n<p>\n                                                Ar\u012b maizi?!? Ko \u0113st, lai nodz\u012bvotu l\u012bdz 100 gadiem: uztura speci\u0101listi nosauc 8 ilgm\u016b\u017e\u012bbas p\u0101rtikas produktus\n                            <\/p>\n<p><\/a><a data-imagesrc=\"{&quot;300&quot;:&quot;https:\\\/\\\/lastatic.ams3.cdn.digitaloceanspaces.com\\\/2026\\\/01\\\/17b1e396-2c9c-4558-bdd3-405119a978ab-300x200.jpg&quot;,&quot;1024&quot;:&quot;https:\\\/\\\/lastatic.ams3.cdn.digitaloceanspaces.com\\\/2026\\\/01\\\/17b1e396-2c9c-4558-bdd3-405119a978ab-1024x683.jpg&quot;,&quot;1536&quot;:&quot;https:\\\/\\\/lastatic.ams3.cdn.digitaloceanspaces.com\\\/2026\\\/01\\\/17b1e396-2c9c-4558-bdd3-405119a978ab-1536x1024.jpg&quot;,&quot;500&quot;:&quot;https:\\\/\\\/lastatic.ams3.cdn.digitaloceanspaces.com\\\/2026\\\/01\\\/17b1e396-2c9c-4558-bdd3-405119a978ab-500x333.jpg&quot;,&quot;800&quot;:&quot;https:\\\/\\\/lastatic.ams3.cdn.digitaloceanspaces.com\\\/2026\\\/01\\\/17b1e396-2c9c-4558-bdd3-405119a978ab-800x533.jpg&quot;,&quot;1800&quot;:&quot;https:\\\/\\\/lastatic.ams3.cdn.digitaloceanspaces.com\\\/2026\\\/01\\\/17b1e396-2c9c-4558-bdd3-405119a978ab.jpg&quot;}\" data-focuspoint=\"&quot;&quot;\" data-p=\"2489199\" href=\"https:\/\/www.la.lv\/kas-notiek-ar-kermeni-ja-nepietiek-magnija-10-trauksmes-signali-ko-tev-vajadzetu-pamanit\" class=\"content-item lazy-load\" wp_automatic_readability=\"27\" rel=\"nofollow noopener\" target=\"_blank\"><\/p>\n<p>                                <img decoding=\"async\" src=\"\" alt=\"\" style=\"\" data-imageid=\"\"\/><\/p>\n<p>                                Veselam<\/p>\n<p>\n                                                Kas notiek ar \u0137ermeni, ja nepietiek magnija: 10 trauksmes sign\u0101li, ko tev vajadz\u0113tu paman\u012bt\n                            <\/p>\n<p><\/a><a data-imagesrc=\"{&quot;300&quot;:&quot;https:\\\/\\\/lastatic.ams3.cdn.digitaloceanspaces.com\\\/2026\\\/01\\\/kolaza-3-300x186.jpg&quot;,&quot;1024&quot;:&quot;https:\\\/\\\/lastatic.ams3.cdn.digitaloceanspaces.com\\\/2026\\\/01\\\/kolaza-3-1024x635.jpg&quot;,&quot;1536&quot;:&quot;https:\\\/\\\/lastatic.ams3.cdn.digitaloceanspaces.com\\\/2026\\\/01\\\/kolaza-3-1536x952.jpg&quot;,&quot;500&quot;:&quot;https:\\\/\\\/lastatic.ams3.cdn.digitaloceanspaces.com\\\/2026\\\/01\\\/kolaza-3-500x310.jpg&quot;,&quot;800&quot;:&quot;https:\\\/\\\/lastatic.ams3.cdn.digitaloceanspaces.com\\\/2026\\\/01\\\/kolaza-3-800x496.jpg&quot;,&quot;1936&quot;:&quot;https:\\\/\\\/lastatic.ams3.cdn.digitaloceanspaces.com\\\/2026\\\/01\\\/kolaza-3.jpg&quot;}\" data-focuspoint=\"&quot;&quot;\" data-p=\"2489658\" href=\"https:\/\/www.la.lv\/stata-vairs-nebus-dreges-ari-martinsonei-pasniegti-dokumenti-dailes-teatris-skaidro-masu-atlaisanas-iemeslus\" class=\"content-item lazy-load\" wp_automatic_readability=\"27\" rel=\"nofollow noopener\" target=\"_blank\"><\/p>\n<p>                                <img decoding=\"async\" src=\"\" alt=\"\" style=\"\" data-imageid=\"\"\/><\/p>\n<p>\n                                                \u0160tat\u0101 vairs neb\u016bs Dre\u0123es, ar\u012b Martinsonei pasniegti dokumenti: Dailes te\u0101tris skaidro masu atlai\u0161anas iemeslus<\/p>\n<p><\/a><br \/>\n        <a class=\"read-more\" href=\"https:\/\/www.la.lv\/top\" rel=\"nofollow noopener\" target=\"_blank\">Las\u012bt citas zi\u0146as<\/a><\/p>\n<p>Vienlaikus vi\u0146\u0161 uzsv\u0113ra, ka riski pieaug l\u012bdz ar personu skaita palielin\u0101\u0161anos musulma\u0146u kopien\u0101s.<\/p>\n<p>Cinkus skaidroja, ka VDD izmanto visas pieejam\u0101s datub\u0101zes un piesaista partnerdienestus, tom\u0113r piln\u012bgu inform\u0101ciju par tre\u0161o valstu pilso\u0146iem ieg\u016bt nav iesp\u0113jams. \u201cObjekt\u012bvi rodas kav\u0113jumi noteiktaj\u0101 termi\u0146\u0101,\u201d vi\u0146\u0161 sac\u012bja, nor\u0101dot, ka darba apjoms ir liels un var\u0113tu turpin\u0101t pieaugt.<\/p>\n<p>    CITI \u0160OBR\u012aD LASA<\/p>\n<p>P\u0113c Cinkus teikt\u0101, p\u0113rn VDD Pilson\u012bbas un migr\u0101cijas un lietu p\u0101rvaldei (PMLP) sniedzis priek\u0161likumus nedaudz maz\u0101k nek\u0101 300 gad\u012bjumos atteikt v\u012bzas izsnieg\u0161anu. \u0160\u012b statistika esot lejupejo\u0161a, jo samazin\u0101jies ukrai\u0146u iesniegumu skaits, kas pirmajos Krievijas kara gados bijis iev\u0113rojami liel\u0101ks.<br \/>Vienlaikus Cinkus uzsv\u0113ra, ka \u0101rvalstu pieredze r\u0101da \u2013 pieaugot kopienu skaitam, pieaug ar\u012b terorisma riski. VDD akt\u012bvi sekojot l\u012bdzi situ\u0101cijai un turpinot operat\u012bvo darbu.<\/p>\n<p>PMLP vad\u012bt\u0101ja Maira Roze komisijas s\u0113d\u0113 skaidroja, ka kop\u0113jais termi\u0146uztur\u0113\u0161an\u0101s at\u013cauju sa\u0146\u0113m\u0113ju skaits, neskaitot Ukrainas pilso\u0146us, p\u0113d\u0113jo gadu laik\u0101 ir samazin\u0101jies.<\/p>\n<p>Run\u0101jot par tre\u0161o valstu pilso\u0146iem Latvij\u0101, Roze nor\u0101d\u012bja, ka liel\u0101k\u0101s grupas veido Ukrainas, Krievijas, Indijas un Uzbekist\u0101nas pilso\u0146i. Vienlaikus vi\u0146a uzsv\u0113ra, ka Krievijas pilso\u0146u skaits Latvij\u0101 kop\u0161 Krievijas s\u0101kt\u0101 kara Ukrain\u0101 ir samazin\u0101jies.<\/p>\n<p>Roze ar\u012b atzina, ka biju\u0161i \u201ckritiski br\u012b\u017ei\u201d, kad PMLP bija j\u0101apkalpo \u013coti liels skaits Ukrainas iedz\u012bvot\u0101ju, t\u0101p\u0113c n\u0101cies piesaist\u012bt papildu darbiniekus, lai nodro\u0161in\u0101tu pakalpojumu nep\u0101rtraukt\u012bbu.<\/p>\n<p>Jau zi\u0146ots, ka Saeima decembr\u012b iev\u0113l\u0113ja locek\u013cus parlament\u0101r\u0101s izmekl\u0113\u0161anas komisij\u0101, lai v\u0113t\u012btu probl\u0113mas nacion\u0101l\u0101 un Eiropas Savien\u012bbas (ES) l\u012bme\u0146a imigr\u0101cijas regul\u0113jum\u0101 un izpildinstit\u016bciju darb\u0101. Par komisijas vad\u012bt\u0101ju iev\u0113l\u0113ts J\u0101nis Dombrava (NA), bet par sekret\u0101ru \u2013 J\u0101nis Dinevi\u010ds (ZZS).<\/p>\n<p>Partija \u201cStabilit\u0101tei\u201d darbam komisij\u0101 dele\u0123\u0113jusi Svetlanu \u010culkovu, \u201cJaun\u0101s vienot\u012bbas\u201d Saeimas frakcija komisijas darbam virz\u012bjusi Gati Liepi\u0146u, bet \u201cProgres\u012bvie\u201d izvirz\u012bju\u0161i Selmu Teodoru Levrenci.<\/p>\n<p>No \u201cApvienot\u0101 saraksta\u201d komisij\u0101 iev\u0113l\u0113ts Ingm\u0101rs L\u012bdaka, bet no partijas \u201cLatvija pirmaj\u0101 viet\u0101\u201d \u2013 Edmunds Zivti\u0146\u0161.<\/p>\n<p>Parlament\u0101r\u0101s izmekl\u0113\u0161anas komisiju p\u0113c 34 deput\u0101tu ierosin\u0101juma Saeima l\u0113ma izveidot 27. novembr\u012b, lai rastu atbildes uz virkni jaut\u0101jumu, tostarp, k\u0101 tiek \u012bstenotas imigr\u0101cijas pieteikumu izv\u0113rt\u0113\u0161anas proced\u016bras un k\u0101di pas\u0101kumi tiek veikti neleg\u0101l\u0101s imigr\u0101cijas nov\u0113r\u0161anai, k\u0101das ir patv\u0113ruma mekl\u0113t\u0101ju tiesisk\u0101 regul\u0113juma probl\u0113mas, cik daudz personu paz\u016bd no valsts instit\u016bciju redzesloka p\u0113c uztur\u0113\u0161an\u0101s at\u013cauju pie\u0161\u0137ir\u0161anas, k\u0101di ir riski ar termi\u0146uztur\u0113\u0161an\u0101s at\u013cauj\u0101m un to \u013caunpr\u0101t\u012bgu izmanto\u0161anu un vai Latvijai ir iesp\u0113ja piem\u0113rot iz\u0146\u0113mumus ES migr\u0101cijas ties\u012bbu normu piem\u0113ro\u0161an\u0101.<\/p>\n<p>T\u0113mas<\/p>\n<p>    SAIST\u012aTIE RAKSTI<\/p>\n","protected":false},"excerpt":{"rendered":"Foto: Edijs P\u0101lens\/LETA \u0160obr\u012bd Valsts dro\u0161\u012bbas dienesta (VDD) r\u012bc\u012bb\u0101 nav konkr\u0113tas inform\u0101cijas par person\u0101m vai grup\u0101m, kas var\u0113tu&hellip;\n","protected":false},"author":2,"featured_media":58192,"comment_status":"","ping_status":"","sticky":false,"template":"","format":"standard","meta":{"footnotes":""},"categories":[12],"tags":[23,28,29,32,33,22,30,31,35,39,38,36,37,34,40,20,26,27,24,25,21],"class_list":{"0":"post-97937","1":"post","2":"type-post","3":"status-publish","4":"format-standard","5":"has-post-thumbnail","7":"category-latvija","8":"tag-aktualitates","9":"tag-breaking-news","10":"tag-breakingnews","11":"tag-featured-news","12":"tag-featurednews","13":"tag-headlines","14":"tag-latest-news","15":"tag-latestnews","16":"tag-latvia","17":"tag-latvian","18":"tag-latviesu","19":"tag-latviesu-valoda","20":"tag-latviesuvaloda","21":"tag-latvija","22":"tag-lv","23":"tag-news","24":"tag-popularakas-zinas","25":"tag-popularakaszinas","26":"tag-top-stories","27":"tag-topstories","28":"tag-zinas"},"share_on_mastodon":{"url":"https:\/\/pubeurope.com\/@lv\/115858287592112500","error":""},"_links":{"self":[{"href":"https:\/\/www.europesays.com\/lv\/wp-json\/wp\/v2\/posts\/97937","targetHints":{"allow":["GET"]}}],"collection":[{"href":"https:\/\/www.europesays.com\/lv\/wp-json\/wp\/v2\/posts"}],"about":[{"href":"https:\/\/www.europesays.com\/lv\/wp-json\/wp\/v2\/types\/post"}],"author":[{"embeddable":true,"href":"https:\/\/www.europesays.com\/lv\/wp-json\/wp\/v2\/users\/2"}],"replies":[{"embeddable":true,"href":"https:\/\/www.europesays.com\/lv\/wp-json\/wp\/v2\/comments?post=97937"}],"version-history":[{"count":0,"href":"https:\/\/www.europesays.com\/lv\/wp-json\/wp\/v2\/posts\/97937\/revisions"}],"wp:featuredmedia":[{"embeddable":true,"href":"https:\/\/www.europesays.com\/lv\/wp-json\/wp\/v2\/media\/58192"}],"wp:attachment":[{"href":"https:\/\/www.europesays.com\/lv\/wp-json\/wp\/v2\/media?parent=97937"}],"wp:term":[{"taxonomy":"category","embeddable":true,"href":"https:\/\/www.europesays.com\/lv\/wp-json\/wp\/v2\/categories?post=97937"},{"taxonomy":"post_tag","embeddable":true,"href":"https:\/\/www.europesays.com\/lv\/wp-json\/wp\/v2\/tags?post=97937"}],"curies":[{"name":"wp","href":"https:\/\/api.w.org\/{rel}","templated":true}]}}