{"id":97938,"date":"2026-01-08T07:25:12","date_gmt":"2026-01-08T07:25:12","guid":{"rendered":"https:\/\/www.europesays.com\/lv\/97938\/"},"modified":"2026-01-08T07:25:12","modified_gmt":"2026-01-08T07:25:12","slug":"ja-tramps-iegutu-ietekmi-par-resursiem-bagato-grenlandi-asv-palielinatu-varu-arktika-raksts","status":"publish","type":"post","link":"https:\/\/www.europesays.com\/lv\/97938\/","title":{"rendered":"Ja Tramps ieg\u016btu ietekmi p\u0101r resursiem bag\u0101to Grenlandi, ASV palielin\u0101tu varu Arktik\u0101 \/ Raksts"},"content":{"rendered":"<p>Eiropas l\u012bderi izteiku\u0161i atbalstu Grenlandei p\u0113c tam, kad ASV prezidents Donalds Tramps atk\u0101rtoti izr\u0101d\u012bjis interesi par \u0161\u012bs salas p\u0101r\u0146em\u0161anu.<\/p>\n<p>\u0160\u0101das amb\u012bcijas pirmoreiz vi\u0146\u0161 izteica jau 2019. gad\u0101, nor\u0101dot, ka salas ieg\u016b\u0161ana b\u016btu k\u0101 liels nekustamo \u012bpa\u0161umu dar\u012bjums. Runas par to aktualiz\u0113j\u0101s atkal p\u0113rn, bet tad pieklusa.\u00a0<\/p>\n<p>Tagad p\u0113c veiksm\u012bgas <a href=\"https:\/\/www.lsm.lv\/raksts\/zinas\/arzemes\/03.01.2026-asv-karaspeks-veicis-uzbrukumu-venecuelai-tramps-pazinojis-par-prezidenta-maduro-sagustisanu.a628430\/?utm_source=lsm&amp;utm_medium=theme&amp;utm_campaign=theme\" target=\"_blank\" class=\"lsm-link\" data-type=\"article\" data-id=\"628430\" rel=\"nofollow noopener\">oper\u0101cijas Venecu\u0113l\u0101<\/a> \u0161im jaut\u0101jumam Tramps piev\u0113rsies ar jaunu sparu. Baltais nams izteicies, ka ASV joproj\u0101m apsver Grenlandes ieg\u016b\u0161anas veidus, toskait milit\u0101ra sp\u0113ka pielieto\u0161anu, tom\u0113r ASV avoti medijiem st\u0101sta, ka runa var\u0113tu dr\u012bz\u0101k b\u016bt par salas ieg\u0101di vai Br\u012bv\u0101s asoci\u0101cijas l\u012bguma nosl\u0113g\u0161anu. Par to n\u0101kamned\u0113\u013c ar Grenlandi gaid\u0101mas sarunas, t\u0101 tre\u0161dienas vakar\u0101 izteicies ASV valsts sekret\u0101rs Marko Rubio.\u00a0<\/p>\n<p>ASV apgalvo, ka\u00a0sala tai nepiecie\u0161ama dro\u0161\u012bbas nol\u016bkos, jo Arktik\u0101 saros\u012bju\u0161ies ASV pretinieki. Uz ko Eirop\u0101 atbild \u2013 \u0161\u0101di jaut\u0101jumi j\u0101risina ASV k\u0101 NATO sabiedrotajai, nevis vienai pa\u0161ai, un str\u0101d\u0101 pie pl\u0101na, k\u0101 r\u012bkoties, ja Grenlande tiek p\u0101r\u0146emta ar varu.\u00a0<\/p>\n<blockquote>\n<p>&#8220;T\u0101 aina, kas tiek z\u012bm\u0113ta, ka N\u016bkas fjord\u0101 ir krievu un \u0137\u012bnie\u0161u ku\u0123i un mas\u012bvas \u0137\u012bnie\u0161u invest\u012bcijas, ir greiza \u2013 un to es saku \u013coti, \u013coti diplom\u0101tiski.\u00a0<\/p>\n<\/blockquote>\n<p>T\u0101p\u0113c m\u0113s gribam tik\u0161anos ar amerik\u0101\u0146u kol\u0113\u0123iem, lai atrisin\u0101tu \u0161os p\u0101rpratumus. Un to es saku ar cie\u0146u pret Amerikas prezidentu, kur\u0161 pavisam pareizi ir satraukts par dro\u0161\u012bbas situ\u0101ciju Arktik\u0101. Ar\u012b m\u0113s esam satraukti. Bet \u0161is iez\u012bm\u0113 b\u016btiskas izmai\u0146as, jo v\u0113sturiski bija kop\u012bga v\u0113lme Arktiku saglab\u0101t k\u0101 t\u0101du zema sprieguma zonu,&#8221; teica D\u0101nijas \u0101rlietu ministrs\u00a0Larss Leke Rasmusens.\u00a0<\/p>\n<p>&#8220;Es dom\u0101ju, ka mums j\u0101b\u016bt uzman\u012bgiem \u2013 ASV izteikumi j\u0101uztver nopietni, bet vienlaikus tos nevar nepareizi interpret\u0113t. Jo es pats vakar pa telefonu run\u0101ju ar ASV diplom\u0101tijas galvu \u2013 valsts sekret\u0101ru. [..] Vi\u0146\u0161 teica, ka Grenlande netiks aiztikta. Vi\u0146\u0161 izsl\u0113dza iesp\u0113ju, ka Grenland\u0113 var\u0113tu notikt tas, kas notika Venecu\u0113l\u0101. Ir p\u0101rliecino\u0161s atbalsts valsts dal\u012bbai NATO un jebk\u0101da agresija no citas alianses valsts to apdraud\u0113tu,&#8221; pauda \u017dans Noels Baro, Francijas \u0101rlietu ministrs.\u00a0<\/p>\n<p>ASV ir intereses Arktikas re\u0123ion\u0101 un l\u012bdz ar to ar\u012b Grenland\u0113, pauda\u00a0Latvijas Nacion\u0101l\u0101s aizsardz\u012bbas akad\u0113mijas vado\u0161ais p\u0113tnieks J\u0101nis B\u0113rzi\u0146\u0161.\u00a0<\/p>\n<p>&#8220;Pirmk\u0101rt, Arktika kopum\u0101. \u0160is jaut\u0101jums k\u0101 t\u0101ds ir diezgan aktu\u0101ls, jo notiek klimata p\u0101rmai\u0146as un l\u012bdz ar to ir viegl\u0101k ieg\u016bt dabas resursus no Arktikas un tai skait\u0101 no Grenlandes. Ir j\u0101\u0146em v\u0113r\u0101, ka ASV ir liela interese par dabas resursiem \u2013 ne tikai par naftu. Dom\u0101jams, ka ar\u012b Grenland\u0113 var\u0113tu b\u016bt daudz naftas,&#8221; skaidroja B\u0113rzi\u0146\u0161.\u00a0<\/p>\n<p>&#8220;Grenlandei ir liels ekonomiskais potenci\u0101ls. Un ASV ir valsts, kura nenoliedzami ir diezgan orient\u0113ta uz biznesiem. (&#8230;) Otrk\u0101rt, m\u0113s varam skat\u012bties uz \u0123eogr\u0101fiju, kur tie\u0161i atrodas Grenlande. Neskatoties uz to, ja run\u0101jam specifiski par Arktiku, ka ASV jau pieder A\u013caska, proti,\u00a0<\/p>\n<blockquote>\n<p>ja ASV var\u0113tu, teor\u0113tiski, dab\u016bt Grenlandi, tas garant\u0113tu daudz liel\u0101ku ietekmi Arktik\u0101. \u0160obr\u012bd, ja m\u0113s skat\u0101mies uz karti, Krievijai ir diezgan lielas priek\u0161roc\u012bbas,&#8221; sac\u012bja B\u0113rzi\u0146\u0161.\u00a0<\/p>\n<\/blockquote>\n<p>KONTEKSTS:<\/p>\n<p>Grenlande p\u0113c plat\u012bbas ir liel\u0101k\u0101 sala pasaul\u0113, bet taj\u0101 ir tikai apm\u0113ram 56 000 iedz\u012bvot\u0101ju. Grenlandes sala pieder D\u0101nijai, bet salai ir pla\u0161as autonomijas ties\u012bbas.<\/p>\n<p>Grenlandes galvaspils\u0113ta N\u016bka \u0123eogr\u0101fiski ir tuv\u0101k \u0145ujorkai nek\u0101 Kopenh\u0101genai, un ASV vald\u012bba jau vair\u0101kk\u0101rt izr\u0101d\u012bjusi interesi par Grenlandes ieg\u0101d\u0101\u0161anos. Grenland\u0113 ir izvietota ASV milit\u0101r\u0101 b\u0101ze.<\/p>\n<p>ASV dr\u012bz p\u0113c Otr\u0101 pasaules kara pied\u0101v\u0101ja nopirkt Grenlandi par 100 miljoniem dol\u0101ru, bet D\u0101nija noraid\u012bja \u0161o pied\u0101v\u0101jumu.<\/p>\n<p>ASV prezidents Donalds Tramps jau sava pirm\u0101 prezident\u016bras termi\u0146a laik\u0101\u00a0<a data-id=\"328990\" data-type=\"article\" href=\"https:\/\/www.lsm.lv\/raksts\/zinas\/arzemes\/mediji-tramps-interesejies-par-grenlandes-iegadi-danija-to-uztver-ka-joku.a328990\/\" class=\"lsm-link\" rel=\"nofollow noopener\" target=\"_blank\">atdz\u012bvin\u0101ja ideju<\/a>\u00a0par Grenlandes pirk\u0161anu, bet tagad p\u0113c atgrie\u0161an\u0101s Balt\u0101 nama saimnieka amat\u0101 vi\u0146\u0161 ar jaunu sparu\u00a0<a data-id=\"582653\" data-type=\"article\" href=\"https:\/\/www.lsm.lv\/raksts\/zinas\/arzemes\/07.01.2025-tramps-pirms-stasanas-amata-signalize-par-ekspansionisma-tieksmem.a582653\/\" class=\"lsm-link\" rel=\"nofollow noopener\" target=\"_blank\">\u0137\u0113ries<\/a>\u00a0pie \u0161\u012bs idejas populariz\u0113\u0161anas.<\/p>\n<p>Starptautisk\u0101s politikas eksperti\u00a0<a data-id=\"582674\" data-type=\"article\" href=\"https:\/\/www.lsm.lv\/raksts\/zinas\/arzemes\/08.01.2025-lsm-skaidro-kapec-tramps-tik-loti-velas-iegadaties-grenlandi.a582674\/\" class=\"lsm-link\" rel=\"nofollow noopener\" target=\"_blank\">sprie\u017e<\/a>, ka ASV interes\u0113 Grenlandes strat\u0113\u0123iski svar\u012bgais izvietojums un pieeja Arktikai, k\u0101 ar\u012b der\u012bgo izrakte\u0146u kr\u0101jumi.<\/p>\n<p>D\u0101nijas un Grenlandes amatpersonas gan\u00a0<a data-id=\"582821\" data-type=\"article\" href=\"https:\/\/www.lsm.lv\/raksts\/zinas\/arzemes\/08.01.2025-grenlandes-deputate-par-trampa-velmi-nopirkt-salu-ne-jau-asv-izlems-musu-nakotni.a582821\/\" class=\"lsm-link\" rel=\"nofollow noopener\" target=\"_blank\">uzsv\u0113ru\u0161as<\/a>, ka Grenlande netiek p\u0101rdota.<\/p>\n<p>2026. gada janv\u0101r\u012b Baltais nams\u00a0<a data-id=\"628859\" data-type=\"article\" href=\"https:\/\/www.lsm.lv\/raksts\/zinas\/arzemes\/06.01.2026-tramps-apsver-vairakus-variantus-grenlandes-iegusanai-neizsledz-militaru-ricibu.a628859\/\" class=\"lsm-link\" rel=\"nofollow noopener\" target=\"_blank\">pav\u0113st\u012bja<\/a>, ka Tramps izskata da\u017e\u0101das iesp\u0113jas, k\u0101 p\u0101r\u0146emt Grenlandi sav\u0101 kontrol\u0113, tai skait\u0101 netiek izsl\u0113gts ar\u012b milit\u0101rs risin\u0101jums. \u0160\u0101ds scen\u0101rijs izrais\u012btu smagu kr\u012bzi NATO, jo gan D\u0101nija, gan ASV ir NATO dal\u012bbvalstis.<\/p>\n<p>                    Valodas k\u013c\u016bda rakst\u0101?<\/p>\n<p class=\"d-none d-md-block\">Iez\u012bm\u0113jiet tekstu un spiediet Ctrl+Enter, lai nos\u016bt\u012btu labojamo teksta fragmentu redaktoram! Par faktu k\u013c\u016bd\u0101m l\u016bdzam zi\u0146ot e-past\u0101 <a href=\"https:\/\/www.lsm.lv\/cdn-cgi\/l\/email-protection\" class=\"__cf_email__\" data-cfemail=\"5a283f3e3b313933303b1a36293774362c\" rel=\"nofollow noopener\" target=\"_blank\">[email\u00a0protected]<\/a>.<\/p>\n<p class=\"d-md-none\">Iez\u012bm\u0113jiet tekstu un spiediet uz Zi\u0146ot par k\u013c\u016bdu pogas, lai nos\u016bt\u012btu labojamo teksta fragmentu redaktoram!<\/p>\n<p>\n                    Zi\u0146ot par k\u013c\u016bdu\n                <\/p>\n","protected":false},"excerpt":{"rendered":"Eiropas l\u012bderi izteiku\u0161i atbalstu Grenlandei p\u0113c tam, kad ASV prezidents Donalds Tramps atk\u0101rtoti izr\u0101d\u012bjis interesi par \u0161\u012bs salas&hellip;\n","protected":false},"author":2,"featured_media":97939,"comment_status":"","ping_status":"","sticky":false,"template":"","format":"standard","meta":{"footnotes":""},"categories":[5],"tags":[23,28,29,32,33,22,30,31,35,39,38,36,37,34,40,20,26,27,24,25,21],"class_list":{"0":"post-97938","1":"post","2":"type-post","3":"status-publish","4":"format-standard","5":"has-post-thumbnail","7":"category-aktualitates","8":"tag-aktualitates","9":"tag-breaking-news","10":"tag-breakingnews","11":"tag-featured-news","12":"tag-featurednews","13":"tag-headlines","14":"tag-latest-news","15":"tag-latestnews","16":"tag-latvia","17":"tag-latvian","18":"tag-latviesu","19":"tag-latviesu-valoda","20":"tag-latviesuvaloda","21":"tag-latvija","22":"tag-lv","23":"tag-news","24":"tag-popularakas-zinas","25":"tag-popularakaszinas","26":"tag-top-stories","27":"tag-topstories","28":"tag-zinas"},"share_on_mastodon":{"url":"https:\/\/pubeurope.com\/@lv\/115858290949391028","error":""},"_links":{"self":[{"href":"https:\/\/www.europesays.com\/lv\/wp-json\/wp\/v2\/posts\/97938","targetHints":{"allow":["GET"]}}],"collection":[{"href":"https:\/\/www.europesays.com\/lv\/wp-json\/wp\/v2\/posts"}],"about":[{"href":"https:\/\/www.europesays.com\/lv\/wp-json\/wp\/v2\/types\/post"}],"author":[{"embeddable":true,"href":"https:\/\/www.europesays.com\/lv\/wp-json\/wp\/v2\/users\/2"}],"replies":[{"embeddable":true,"href":"https:\/\/www.europesays.com\/lv\/wp-json\/wp\/v2\/comments?post=97938"}],"version-history":[{"count":0,"href":"https:\/\/www.europesays.com\/lv\/wp-json\/wp\/v2\/posts\/97938\/revisions"}],"wp:featuredmedia":[{"embeddable":true,"href":"https:\/\/www.europesays.com\/lv\/wp-json\/wp\/v2\/media\/97939"}],"wp:attachment":[{"href":"https:\/\/www.europesays.com\/lv\/wp-json\/wp\/v2\/media?parent=97938"}],"wp:term":[{"taxonomy":"category","embeddable":true,"href":"https:\/\/www.europesays.com\/lv\/wp-json\/wp\/v2\/categories?post=97938"},{"taxonomy":"post_tag","embeddable":true,"href":"https:\/\/www.europesays.com\/lv\/wp-json\/wp\/v2\/tags?post=97938"}],"curies":[{"name":"wp","href":"https:\/\/api.w.org\/{rel}","templated":true}]}}