{"id":97954,"date":"2026-01-08T07:47:07","date_gmt":"2026-01-08T07:47:07","guid":{"rendered":"https:\/\/www.europesays.com\/lv\/97954\/"},"modified":"2026-01-08T07:47:07","modified_gmt":"2026-01-08T07:47:07","slug":"venecuela-par-ienemumiem-no-naftas-pardosanas-pirks-tikai-asv-razojumus","status":"publish","type":"post","link":"https:\/\/www.europesays.com\/lv\/97954\/","title":{"rendered":"Venecu\u0113la par ie\u0146\u0113mumiem no naftas p\u0101rdo\u0161anas pirks tikai ASV ra\u017eojumus"},"content":{"rendered":"<p>Jau zi\u0146ots, ka Va\u0161ingtona pl\u0101no p\u0101r\u0146emt kontroli p\u0101r turpm\u0101ko Venecu\u0113las naftas p\u0101rdo\u0161anu p\u0113c ASV milit\u0101r\u0101s oper\u0101cijas pag\u0101ju\u0161\u0101s ned\u0113\u013cas nogal\u0113, kur\u0101 tika sag\u016bst\u012bts un uz ASV ties\u0101\u0161anai par narkoterorismu nog\u0101d\u0101ts autorit\u0101rais l\u012bderis <a href=\"https:\/\/www.tvnet.lv\/term\/579446\/nikolass-maduro\" class=\"topicLink\" target=\"_blank\" rel=\"nofollow noopener\">Nikolass Maduro<\/a>.<\/p>\n<p>ASV ener\u0123\u0113tikas ministrs Kriss Raits sac\u012bja, ka ASV p\u0101rdos Venecu\u0113las naftu &#8220;nenoteiktu laiku&#8221;, s\u0101kot ar ieg\u016bt\u0101s j\u0113lnaftas rezerv\u0113m, bet p\u0113c tam p\u0101rdodot turpm\u0101k ieg\u016bto naftu.<\/p>\n<p>Raits ener\u0123\u0113tikas konferenc\u0113 Florid\u0101 ar\u012b teica, ka ilgtermi\u0146a m\u0113r\u0137is ir dot iesp\u0113ju liel\u0101kajiem ASV ener\u0123\u0113tikas uz\u0146\u0113mumiem piln\u012bb\u0101 atjaunot savu darb\u012bbu Venecu\u0113l\u0101.<\/p>\n<p>Tramps \u0161oned\u0113\u013c pazi\u0146oja, ka Venecu\u0113las pagaidu vald\u012bba nodos ASV no 30 l\u012bdz 50 miljoniem barelu sankcij\u0101m pak\u013caut\u0101s naftas, kas tiks p\u0101rdota par tirgus cen\u0101m un ka vi\u0146\u0161 person\u012bgi p\u0101rraudz\u012b\u0161ot ie\u0146\u0113mumus, lai nodro\u0161in\u0101tu, ka tie tiek izmantoti &#8220;Venecu\u0113las un ASV iedz\u012bvot\u0101ju lab\u0101&#8221;.<\/p>\n<p>Naftas eksports ir Venecu\u0113las vald\u012bbas svar\u012bg\u0101kais ien\u0101kumu avots. P\u0113d\u0113jos gados liel\u0101k\u0101 Venecu\u0113las naftas pirc\u0113ja bijusi \u0136\u012bna.<\/p>\n","protected":false},"excerpt":{"rendered":"Jau zi\u0146ots, ka Va\u0161ingtona pl\u0101no p\u0101r\u0146emt kontroli p\u0101r turpm\u0101ko Venecu\u0113las naftas p\u0101rdo\u0161anu p\u0113c ASV milit\u0101r\u0101s oper\u0101cijas pag\u0101ju\u0161\u0101s ned\u0113\u013cas&hellip;\n","protected":false},"author":2,"featured_media":97955,"comment_status":"","ping_status":"","sticky":false,"template":"","format":"standard","meta":{"footnotes":""},"categories":[14],"tags":[23,57,28,29,542,781,32,33,22,30,31,35,39,38,36,37,34,40,2421,20,5168,26,27,24,25,358,54,55,56,21,58],"class_list":{"0":"post-97954","1":"post","2":"type-post","3":"status-publish","4":"format-standard","5":"has-post-thumbnail","7":"category-zinas-no-arvalstim","8":"tag-aktualitates","9":"tag-arvalstim","10":"tag-breaking-news","11":"tag-breakingnews","12":"tag-donalds-tramps","13":"tag-energetika","14":"tag-featured-news","15":"tag-featurednews","16":"tag-headlines","17":"tag-latest-news","18":"tag-latestnews","19":"tag-latvia","20":"tag-latvian","21":"tag-latviesu","22":"tag-latviesu-valoda","23":"tag-latviesuvaloda","24":"tag-latvija","25":"tag-lv","26":"tag-nafta","27":"tag-news","28":"tag-nikolass-maduro","29":"tag-popularakas-zinas","30":"tag-popularakaszinas","31":"tag-top-stories","32":"tag-topstories","33":"tag-venecuela","34":"tag-world","35":"tag-world-news","36":"tag-worldnews","37":"tag-zinas","38":"tag-zinas-no-arvalstim"},"share_on_mastodon":{"url":"https:\/\/pubeurope.com\/@lv\/115858377626016063","error":""},"_links":{"self":[{"href":"https:\/\/www.europesays.com\/lv\/wp-json\/wp\/v2\/posts\/97954","targetHints":{"allow":["GET"]}}],"collection":[{"href":"https:\/\/www.europesays.com\/lv\/wp-json\/wp\/v2\/posts"}],"about":[{"href":"https:\/\/www.europesays.com\/lv\/wp-json\/wp\/v2\/types\/post"}],"author":[{"embeddable":true,"href":"https:\/\/www.europesays.com\/lv\/wp-json\/wp\/v2\/users\/2"}],"replies":[{"embeddable":true,"href":"https:\/\/www.europesays.com\/lv\/wp-json\/wp\/v2\/comments?post=97954"}],"version-history":[{"count":0,"href":"https:\/\/www.europesays.com\/lv\/wp-json\/wp\/v2\/posts\/97954\/revisions"}],"wp:featuredmedia":[{"embeddable":true,"href":"https:\/\/www.europesays.com\/lv\/wp-json\/wp\/v2\/media\/97955"}],"wp:attachment":[{"href":"https:\/\/www.europesays.com\/lv\/wp-json\/wp\/v2\/media?parent=97954"}],"wp:term":[{"taxonomy":"category","embeddable":true,"href":"https:\/\/www.europesays.com\/lv\/wp-json\/wp\/v2\/categories?post=97954"},{"taxonomy":"post_tag","embeddable":true,"href":"https:\/\/www.europesays.com\/lv\/wp-json\/wp\/v2\/tags?post=97954"}],"curies":[{"name":"wp","href":"https:\/\/api.w.org\/{rel}","templated":true}]}}