{"id":97967,"date":"2026-01-08T07:58:08","date_gmt":"2026-01-08T07:58:08","guid":{"rendered":"https:\/\/www.europesays.com\/lv\/97967\/"},"modified":"2026-01-08T07:58:08","modified_gmt":"2026-01-08T07:58:08","slug":"porsche-centra-riga-pirmo-reizi-apskatams-jaunais-cayenne-turbo-electric-uzladets","status":"publish","type":"post","link":"https:\/\/www.europesays.com\/lv\/97967\/","title":{"rendered":"\u201cPorsche centr\u0101 R\u012bga\u201d pirmo reizi apskat\u0101ms jaunais \u201cCayenne Turbo Electric\u201d \u2013 Uzl\u0101d\u0113ts"},"content":{"rendered":"<p>V\u0113l pirms non\u0101k\u0161anas pie ofici\u0101lajiem d\u012bleriem \u201cPorsche centr\u0101 R\u012bga\u201d l\u012bdz 17. janv\u0101rim pirmo reizi Latvij\u0101 apskatei pieejams jaunais, piln\u012bb\u0101 elektriskais SUV \u201cCayenne Turbo Electric\u201d, inform\u0113ja \u201cPorsche\u201d ofici\u0101l\u0101 p\u0101rst\u0101vja Latvij\u0101 SIA \u201cBaltijas sporta auto\u201d vad\u012bt\u0101js Ivars Norvelis.<\/p>\n<p>V\u0101cu luksusa sporta auto ra\u017eot\u0101ja otrais piln\u012bb\u0101 elektriskais SUV pla\u0161\u0101kai auditorijai tika prezent\u0113ts vien p\u0113rn\u0101 gada nogal\u0113, Dubaij\u0101.<\/p>\n<blockquote class=\"wp-block-quote is-layout-flow wp-block-quote-is-layout-flow\">\n<p>\u201cCayenne Electric\u201d pamat\u0101 ir tehnolo\u0123ijas, ko \u201cPorsche\u201d ir rad\u012bjis autosportam, t\u0101 apvienojot izcilu elektrisko veiktsp\u0113ju ar ikdienas praktiskumu. Patlaban aptuveni 36 % no uz\u0146\u0113muma 2025. gad\u0101 pasaul\u0113 p\u0101rdotajiem automobi\u013ciem ir biju\u0161i elektriski, Latvij\u0101 \u0161is r\u0101d\u012bt\u0101js ir aptuveni 26 %. M\u0113s redzam \u201cCayenne Electric\u201d k\u0101 jaud\u012bgu papildin\u0101jumu eso\u0161ajam \u201cCayenne\u201d iek\u0161dedzes un \u201cplug-in\u201d hibr\u012bda mode\u013cu kl\u0101stam.<\/p>\n<p>\u201cPorsche\u201d ofici\u0101l\u0101 p\u0101rst\u0101vja Latvij\u0101 SIA \u201cBaltijas sporta auto\u201d vad\u012bt\u0101js Ivars Norvelis<\/p><\/blockquote>\n<p>S\u0101kotn\u0113ji piln\u012bb\u0101 elektrisk\u0101s \u201cCayenne\u201d saimes kl\u0101st\u0101 paredz\u0113ti divi mode\u013ci: \u201cCayenne Electric\u201d un \u201cCayenne Turbo Electric\u201d. Abi apr\u012bkoti ar pilnpiedzi\u0146u un \u201cPorsche Traction Management\u201d (ePTM) sist\u0113mu, nodro\u0161inot z\u012bmolam rakstur\u012bgo dinamiku, stabilit\u0101ti un vad\u0101m\u012bbu da\u017e\u0101dos brauk\u0161anas apst\u0101k\u013cos.<\/p>\n<p><img loading=\"lazy\" decoding=\"async\" width=\"1000\" height=\"667\" src=\"https:\/\/www.europesays.com\/lv\/wp-content\/uploads\/2026\/01\/PCEE26_0006.jpg\" alt=\"In Riga for the first time is displayed Porsche Cayenne Turbo Electric\" class=\"wp-image-18133\"  \/>\u201cPorsche centr\u0101 R\u012bga\u201d pirmo reizi apskat\u0101ms jaunais \u201cCayenne Turbo Electric\u201d (Publicit\u0101tes att\u0113ls)<\/p>\n<p>Jauda un dinamika jebkuros brauk\u0161anas apst\u0101k\u013cos<\/p>\n<p>\u201cCayenne Turbo Electric\u201d no nulles l\u012bdz 100 km\/h stund\u0101 sp\u0113j pa\u0101trin\u0101ties vien 2,5 sekund\u0113s, no nulles l\u012bdz 200 km\/h \u2013 7,4 sekund\u0113s, un sasniedz maksim\u0101lo \u0101trumu 260 km\/h. \u0160o jaud\u012bgo e-veiktsp\u0113ju nodro\u0161ina jaunizstr\u0101d\u0101t\u0101 piedzi\u0146as sist\u0113ma, kas ar aktiviz\u0113tu \u201cLaunch Control\u201d att\u012bsta jaudu l\u012bdz 850 kW (1156 ZS) un griezes momentu l\u012bdz 1500 Nm. \u201cTurbo\u201d versijai tiek izmantota autosportam rad\u012bta inov\u0101cija, proti, modelim uz aizmugur\u0113j\u0101s ass novietotajam elektromotoram ir tie\u0161\u0101 e\u013c\u013cas dzes\u0113\u0161ana, kas nodro\u0161ina augstu, nep\u0101rtrauktu jaudu un efektivit\u0101ti. Norm\u0101laj\u0101 brauk\u0161anas re\u017e\u012bm\u0101 ir pieejama 630 kW (857 ZS) jauda. Ar \u201cPush-to-pass\u201d funkciju, nospie\u017eot pogu, 10 sekundes pieejama papildu 130 kW (176 ZS) jauda.<\/p>\n<p><img loading=\"lazy\" decoding=\"async\" width=\"1000\" height=\"667\" src=\"https:\/\/www.europesays.com\/lv\/wp-content\/uploads\/2026\/01\/PCEE26_0036.jpg\" alt=\"In Riga for the first time is displayed  Porsche Cayenne Turbo Electric\" class=\"wp-image-18135\"  \/>\u201cPorsche centr\u0101 R\u012bga\u201d pirmo reizi apskat\u0101ms jaunais \u201cCayenne Turbo Electric\u201d (Publicit\u0101tes att\u0113ls)<\/p>\n<p>Tikm\u0113r b\u0101zes elektriskajam \u201cCayenne\u201d modelim norm\u0101laj\u0101 brauk\u0161an\u0101s re\u017e\u012bm\u0101 jauda ir 300 kW (408 ZS), bet aktiviz\u0113jot \u201cLaunch Control\u201d \u2013 325 kW (442 ZS) un griezes moments ir 835 Nm. No nulles l\u012bdz 100 km\/h tas ieskrienas 4,8 sekund\u0113s un sasniedz maksim\u0101lo \u0101trumu 230 km\/h.<\/p>\n<p>\u201cCayenne Electric\u201d var lepoties ar\u012b lab\u0101kajiem ener\u0123ijas atg\u016b\u0161anas r\u0101d\u012bt\u0101jiem, sasniedzot \u201cFormula E\u201d cien\u012bgu l\u012bmeni ar rekuper\u0101cijas jaudu l\u012bdz pat 600 kW. Ikdien\u0101 aptuveni 97 % no vis\u0101m bremz\u0113\u0161anas darb\u012bb\u0101m var veikt tikai ar elektromotoru. Meh\u0101niskaj\u0101m berzes bremz\u0113m reti kad ir j\u0101iesaist\u0101s. \u201cCayenne Turbo Electric\u201d modelim papildu komplekt\u0101cij\u0101 pieejamas ar\u012b \u201cPorsche\u201d keramisk\u0101s kompoz\u012btmateri\u0101la bremzes (PCCB).<\/p>\n<p><img loading=\"lazy\" decoding=\"async\" width=\"1000\" height=\"667\" src=\"https:\/\/www.europesays.com\/lv\/wp-content\/uploads\/2026\/01\/PCEE26_0020.jpg\" alt=\"In Riga for the first time is displayed Porsche Cayenne Turbo Electric\" class=\"wp-image-18136\"  \/>\u201cPorsche centr\u0101 R\u012bga\u201d pirmo reizi apskat\u0101ms jaunais \u201cCayenne Turbo Electric\u201d (Publicit\u0101tes att\u0113ls)<\/p>\n<p>\u201cCayenne Electric\u201d daudzpus\u012bbu liel\u0101 m\u0113r\u0101 nodro\u0161ina \u0161asija. Abu mode\u013cu standarta apr\u012bkojum\u0101 ir iek\u013cauta adapt\u012bv\u0101 pneimatisk\u0101 balstiek\u0101rta ar \u201cPorsche\u201d akt\u012bvo piekares vad\u012bbas sist\u0113mu (PASM). \u201cTurbo\u201d modelis apr\u012bkots ar\u012b ar \u201cPorsche\u201d griezes momenta vektoriz\u0101cijas sist\u0113mas\u202f\u201cPlus\u201d\u202f(PTV Plus) ierobe\u017eotas sl\u012bdes diferenci\u0101li. Abus mode\u013cus var apr\u012bkot ar aizmugur\u0113j\u0101s ass st\u016br\u0113\u0161anu, kas nodro\u0161ina aizmugur\u0113jo rite\u0146u pagrie\u0161anos pat par pieciem gr\u0101diem. Turkl\u0101t flagmanim pirmo reizi ir pieejama ar\u012b \u201cPorsche Active Ride\u201d balstiek\u0101rtas sist\u0113ma. No \u201cPorsche\u201d sporta sedaniem aizg\u016bt\u0101 un pirmo reizi \u201cCayenne\u201d model\u012b izmantot\u0101 akt\u012bv\u0101 balstiek\u0101rtas sist\u0113ma gandr\u012bz piln\u012bb\u0101 kompens\u0113 virsb\u016bves kust\u012bbas un nodro\u0161ina izcilu stabilit\u0101ti, dinamiku un komfortu.<\/p>\n<p>Uzl\u0101de, sniedzam\u012bba un ikdienas praktiskums<\/p>\n<p>Gan \u201cCayenne Electric\u201d, gan \u201cCayenne Turbo Electric\u201d mode\u013ci veidoti uz \u201cPorsche\u201d izstr\u0101d\u0101t\u0101s PPE (\u201cPremium Platform Electric\u201d) platformas un apr\u012bkoti ar 800 voltu arhitekt\u016bru. Tas ir pamats augstai uzl\u0101des jaudai, efekt\u012bvai ener\u0123ijas sadalei un stabilai veiktsp\u0113jai.<\/p>\n<p><img loading=\"lazy\" decoding=\"async\" width=\"1000\" height=\"667\" src=\"https:\/\/www.europesays.com\/lv\/wp-content\/uploads\/2026\/01\/PCEE26_0035.jpg\" alt=\"In Riga for the first time is displayed Porsche Cayenne Turbo Electric\" class=\"wp-image-18137\"  \/>\u201cPorsche centr\u0101 R\u012bga\u201d pirmo reizi apskat\u0101ms jaunais \u201cCayenne Turbo Electric\u201d (Publicit\u0101tes att\u0113ls)<\/p>\n<p>Piln\u012bb\u0101 elektrisko \u201cCayenne\u201d mode\u013cu uzb\u016bves pamat\u0101 ir 113 kWh augstsprieguma akumulators, kas ir izstr\u0101d\u0101ts no jauna un kam optim\u0101las siltuma p\u0101rvald\u012bbas nodro\u0161in\u0101\u0161anai ir divpus\u0113ja dzes\u0113\u0161ana. T\u0101 atbilsto\u0161i kombin\u0113tajam WLTP standartam \u201cCayenne Electric\u201d nobraukums ir l\u012bdz 642 kilometriem, bet \u201cTurbo Electric\u201d modelim \u2013 l\u012bdz 623 kilometriem. Pateicoties 800 voltu tehnolo\u0123ijai, \u201cCayenne Electric\u201d var uzl\u0101d\u0113t ar l\u012bdzstr\u0101vas jaudu l\u012bdz 390 kW, bet \u012bpa\u0161os apst\u0101k\u013cos pat l\u012bdz 400 kW (4). Uzl\u0101des st\u0101vokli no 10 % l\u012bdz 80 % var palielin\u0101t maz\u0101k nek\u0101 16 min\u016bt\u0113s, un ener\u0123iju, lai nobrauktu 325 kilometrus (\u201cCayenne Electric\u201d) vai 315 kilometrus (\u201cCayenne Turbo Electric\u201d), var ieg\u016bt 10 min\u016bt\u0113s. Izstr\u0101d\u0101jot jauno piln\u012bb\u0101 elektrisko \u201cCayenne\u201d modeli, galvenais uzsvars tika likts uz stabilu uzl\u0101des veiktsp\u0113ju.<\/p>\n<p>\u201cCayenne Electric\u201d ir ar\u012b pirmais \u201cPorsche\u201d, kas atbalsta indukt\u012bvo uzl\u0101di ar sist\u0113mu, kas uzl\u0101d\u0113 ar l\u012bdz pat 11 kW lielu jaudu. Lai veiktu \u201cPorsche\u201d bezvadu uzl\u0101di, atliek tikai automobili novietot virs gr\u012bdas pl\u0101ksnes. P\u0113c tam uzl\u0101de s\u0101kas autom\u0101tiski.<\/p>\n<p><img loading=\"lazy\" decoding=\"async\" width=\"1000\" height=\"667\" src=\"https:\/\/www.europesays.com\/lv\/wp-content\/uploads\/2026\/01\/PCEE26_0041.jpg\" alt=\"In Riga for the first time is displayed Porsche Cayenne Turbo Electric\" class=\"wp-image-18138\"  \/>\u201cPorsche centr\u0101 R\u012bga\u201d pirmo reizi apskat\u0101ms jaunais \u201cCayenne Turbo Electric\u201d (Publicit\u0101tes att\u0113ls)<\/p>\n<p>Piln\u012bb\u0101 elektriskos \u201cCayenne\u201d mode\u013cus jau var pas\u016bt\u012bt. Cena, ieskaitot PVN, Latvij\u0101 s\u0101kas no 109\u202f031 eiro par \u201cCayenne Electric\u201d un 170\u202f331 eiro par \u201cCayenne Turbo Electric\u201d.<\/p>\n<p><a href=\"https:\/\/mistape.com\" target=\"_blank\" rel=\"nofollow noopener\" class=\"mistape-link mistape-logo\"><\/a><\/p>\n<p>Ja rakst\u0101 paman\u012bji k\u013c\u016bdu, padod mums par to zi\u0146u, iez\u012bm\u0113jot a\u010dg\u0101rno tekstu un nospie\u017eot Ctrl+Enter. Paldies!<\/p>\n<p>&#13;<br \/>\n                    0&#13;<br \/>\n                    0&#13;<br \/>\n                    balsojumi<\/p>\n<p>Raksta nov\u0113rt\u0113jums<\/p>\n<p>\t\tPost navigation<\/p>\n","protected":false},"excerpt":{"rendered":"V\u0113l pirms non\u0101k\u0161anas pie ofici\u0101lajiem d\u012bleriem \u201cPorsche centr\u0101 R\u012bga\u201d l\u012bdz 17. janv\u0101rim pirmo reizi Latvij\u0101 apskatei pieejams jaunais,&hellip;\n","protected":false},"author":2,"featured_media":97968,"comment_status":"","ping_status":"","sticky":false,"template":"","format":"standard","meta":{"footnotes":""},"categories":[16],"tags":[77,76,1220,35,39,38,36,37,34,40,1221,172],"class_list":{"0":"post-97967","1":"post","2":"type-post","3":"status-publish","4":"format-standard","5":"has-post-thumbnail","7":"category-bizness","8":"tag-bizness","9":"tag-business","10":"tag-cayenne","11":"tag-latvia","12":"tag-latvian","13":"tag-latviesu","14":"tag-latviesu-valoda","15":"tag-latviesuvaloda","16":"tag-latvija","17":"tag-lv","18":"tag-porsche","19":"tag-riga"},"share_on_mastodon":{"url":"https:\/\/pubeurope.com\/@lv\/115858421002664507","error":""},"_links":{"self":[{"href":"https:\/\/www.europesays.com\/lv\/wp-json\/wp\/v2\/posts\/97967","targetHints":{"allow":["GET"]}}],"collection":[{"href":"https:\/\/www.europesays.com\/lv\/wp-json\/wp\/v2\/posts"}],"about":[{"href":"https:\/\/www.europesays.com\/lv\/wp-json\/wp\/v2\/types\/post"}],"author":[{"embeddable":true,"href":"https:\/\/www.europesays.com\/lv\/wp-json\/wp\/v2\/users\/2"}],"replies":[{"embeddable":true,"href":"https:\/\/www.europesays.com\/lv\/wp-json\/wp\/v2\/comments?post=97967"}],"version-history":[{"count":0,"href":"https:\/\/www.europesays.com\/lv\/wp-json\/wp\/v2\/posts\/97967\/revisions"}],"wp:featuredmedia":[{"embeddable":true,"href":"https:\/\/www.europesays.com\/lv\/wp-json\/wp\/v2\/media\/97968"}],"wp:attachment":[{"href":"https:\/\/www.europesays.com\/lv\/wp-json\/wp\/v2\/media?parent=97967"}],"wp:term":[{"taxonomy":"category","embeddable":true,"href":"https:\/\/www.europesays.com\/lv\/wp-json\/wp\/v2\/categories?post=97967"},{"taxonomy":"post_tag","embeddable":true,"href":"https:\/\/www.europesays.com\/lv\/wp-json\/wp\/v2\/tags?post=97967"}],"curies":[{"name":"wp","href":"https:\/\/api.w.org\/{rel}","templated":true}]}}