{"id":97980,"date":"2026-01-08T08:11:10","date_gmt":"2026-01-08T08:11:10","guid":{"rendered":"https:\/\/www.europesays.com\/lv\/97980\/"},"modified":"2026-01-08T08:11:10","modified_gmt":"2026-01-08T08:11:10","slug":"krievijas-uzbrukuma-melnas-juras-ostam-nogalinati-divi-cilveki-un-partraukta-elektroapgade-dnipropetrovska-un-zaporizja","status":"publish","type":"post","link":"https:\/\/www.europesays.com\/lv\/97980\/","title":{"rendered":"Krievijas uzbrukum\u0101 Meln\u0101s j\u016bras ost\u0101m nogalin\u0101ti divi cilv\u0113ki un p\u0101rtraukta elektroapg\u0101de D\u0146ipropetrovsk\u0101 un Zapori\u017ej\u0101"},"content":{"rendered":"<p>Krievijas armija \u0161aj\u0101 uzbrukum\u0101 lietoja dronus un ra\u0137etes, lietotn\u0113 &#8220;Telegram&#8221; pazi\u0146oja Odesas apgabala kara administr\u0101cijas vad\u012bt\u0101js Olehs Kipers.<\/p>\n<p>Uzbrukum\u0101 tika nodar\u012bti post\u012bjumi infrastrukt\u016brai Pivdennijas un \u010cornomorskas ost\u0101s, sac\u012bja Kipers. Vi\u0146a public\u0113t\u0101s fotogr\u0101fij\u0101s bija redzami izn\u012bcin\u0101ti kravu konteineri un saboj\u0101tas kravas automa\u0161\u012bnas.<\/p>\n<p>Ukrainas mediji zi\u0146oja, ka bija dzirdami spr\u0101dzieni ar\u012b pa\u0161\u0101 Odesas pils\u0113t\u0101.<\/p>\n<p>Meln\u0101s j\u016bras ostas ir svar\u012bgas Ukrainas graudu un citu lauksaimniec\u012bbas produktu eksportam. Kop\u0161 pilna m\u0113roga kara s\u0101kuma 2022. gad\u0101 Krievijas sp\u0113ki ir vair\u0101kk\u0101rt uzbruku\u0161o ost\u0101m un Odesas pils\u0113tai.<\/p>\n<p>Ukrainas sp\u0113ki p\u0113d\u0113j\u0101s ned\u0113\u013c\u0101s ir veiku\u0161i uzbrukumus Krievijas naftas tankku\u0123iem Melnaj\u0101 j\u016br\u0101.<\/p>\n<p>Krievijas gaisa triecienos tre\u0161dienas vakar\u0101 cieta ar\u012b vair\u0101kas lielpils\u0113tas Ukrainas dienvidos, kur notika elektroapg\u0101des p\u0101rtraukumi un tika nodar\u012bti post\u012bjumi infrastrukt\u016brai.<\/p>\n<p>D\u0146ipro pils\u0113t\u0101 <a href=\"https:\/\/www.apollo.lv\/term\/573964\/elektroapgade\" class=\"topicLink\" target=\"_blank\" rel=\"nofollow noopener\">elektroapg\u0101de<\/a> tika p\u0101rtraukta daudzos rajonos, un notika ar\u012b \u016bdensapg\u0101des p\u0101rtraukumi.<\/p>\n<p>Slimn\u012bc\u0101m un citiem kritiski svar\u012bg\u0101s infrastrukt\u016bras objektiem elektroapg\u0101de tiek nodro\u0161in\u0101ta, izmantojot \u0123eneratorus.<\/p>\n<p>Trauc\u0113ti ar\u012b mobilie sakari.<\/p>\n<p>D\u0146ipro pils\u0113t\u0101 trolejbusu un tramvaju mar\u0161rutos nor\u012bkoti autobusi.<\/p>\n<p>Tika tr\u0101p\u012bts ar\u012b Zapori\u017ejas un Krivijrihas pils\u0113t\u0101m. Krivijrihas varas iest\u0101des pazi\u0146oja, ka \u0161ajos uzbrukumos ievainoti asto\u0146i cilv\u0113ki.<\/p>\n","protected":false},"excerpt":{"rendered":"Krievijas armija \u0161aj\u0101 uzbrukum\u0101 lietoja dronus un ra\u0137etes, lietotn\u0113 &#8220;Telegram&#8221; pazi\u0146oja Odesas apgabala kara administr\u0101cijas vad\u012bt\u0101js Olehs Kipers.&hellip;\n","protected":false},"author":2,"featured_media":97981,"comment_status":"","ping_status":"","sticky":false,"template":"","format":"standard","meta":{"footnotes":""},"categories":[14],"tags":[23,57,28,29,12617,32,33,22,74,30,31,35,39,38,36,37,34,40,16127,20,26,27,24,25,54,55,56,21,58],"class_list":{"0":"post-97980","1":"post","2":"type-post","3":"status-publish","4":"format-standard","5":"has-post-thumbnail","7":"category-zinas-no-arvalstim","8":"tag-aktualitates","9":"tag-arvalstim","10":"tag-breaking-news","11":"tag-breakingnews","12":"tag-elektroapgade","13":"tag-featured-news","14":"tag-featurednews","15":"tag-headlines","16":"tag-krievijas-iebrukums-ukraina","17":"tag-latest-news","18":"tag-latestnews","19":"tag-latvia","20":"tag-latvian","21":"tag-latviesu","22":"tag-latviesu-valoda","23":"tag-latviesuvaloda","24":"tag-latvija","25":"tag-lv","26":"tag-melna-jura","27":"tag-news","28":"tag-popularakas-zinas","29":"tag-popularakaszinas","30":"tag-top-stories","31":"tag-topstories","32":"tag-world","33":"tag-world-news","34":"tag-worldnews","35":"tag-zinas","36":"tag-zinas-no-arvalstim"},"share_on_mastodon":{"url":"","error":"Validation failed: Text character limit of 500 exceeded"},"_links":{"self":[{"href":"https:\/\/www.europesays.com\/lv\/wp-json\/wp\/v2\/posts\/97980","targetHints":{"allow":["GET"]}}],"collection":[{"href":"https:\/\/www.europesays.com\/lv\/wp-json\/wp\/v2\/posts"}],"about":[{"href":"https:\/\/www.europesays.com\/lv\/wp-json\/wp\/v2\/types\/post"}],"author":[{"embeddable":true,"href":"https:\/\/www.europesays.com\/lv\/wp-json\/wp\/v2\/users\/2"}],"replies":[{"embeddable":true,"href":"https:\/\/www.europesays.com\/lv\/wp-json\/wp\/v2\/comments?post=97980"}],"version-history":[{"count":0,"href":"https:\/\/www.europesays.com\/lv\/wp-json\/wp\/v2\/posts\/97980\/revisions"}],"wp:featuredmedia":[{"embeddable":true,"href":"https:\/\/www.europesays.com\/lv\/wp-json\/wp\/v2\/media\/97981"}],"wp:attachment":[{"href":"https:\/\/www.europesays.com\/lv\/wp-json\/wp\/v2\/media?parent=97980"}],"wp:term":[{"taxonomy":"category","embeddable":true,"href":"https:\/\/www.europesays.com\/lv\/wp-json\/wp\/v2\/categories?post=97980"},{"taxonomy":"post_tag","embeddable":true,"href":"https:\/\/www.europesays.com\/lv\/wp-json\/wp\/v2\/tags?post=97980"}],"curies":[{"name":"wp","href":"https:\/\/api.w.org\/{rel}","templated":true}]}}