{"id":98011,"date":"2026-01-08T08:43:13","date_gmt":"2026-01-08T08:43:13","guid":{"rendered":"https:\/\/www.europesays.com\/lv\/98011\/"},"modified":"2026-01-08T08:43:13","modified_gmt":"2026-01-08T08:43:13","slug":"roka-sap-sans-sap-latvijas-pasta-busins-notriec-sievieti-aculiecinieki-ievero-aizdomigas-detalas","status":"publish","type":"post","link":"https:\/\/www.europesays.com\/lv\/98011\/","title":{"rendered":"\u201cRoka s\u0101p, s\u0101ns s\u0101p.\u201d \u201cLatvijas Pasta\u201d busi\u0146\u0161 notriec sievieti \u2013 aculiecinieki iev\u0113ro aizdom\u012bgas deta\u013cas"},"content":{"rendered":"<p>    <img decoding=\"async\" src=\"https:\/\/www.europesays.com\/lv\/wp-content\/uploads\/2026\/01\/kurjers-800x600.jpeg\" alt=\"&#10;\"\/><\/p>\n<p>FOTO: ekr\u0101nuz\u0146\u0113mums \/ \u201cDegpunkt\u0101\u201d\n<\/p>\n<p>Katlakaln\u0101 vakar noticis k\u0101ds interesants incidents. Kravas busa vad\u012bt\u0101js, kur\u0161 braucis pie pakom\u0101ta, lai ievietotu s\u016bt\u012bjumus, notriecis sievieti gados, v\u0113sta TV3 raid\u012bjums \u201cDegpunkt\u0101\u201d.<\/p>\n<p>        Las\u012bt\u0101kie<br \/>\n        <a data-imagesrc=\"{&quot;300&quot;:&quot;https:\\\/\\\/lastatic.ams3.cdn.digitaloceanspaces.com\\\/2014\\\/08\\\/seniori1-300x197.jpg&quot;,&quot;80&quot;:&quot;https:\\\/\\\/lastatic.ams3.cdn.digitaloceanspaces.com\\\/2014\\\/08\\\/seniori1-80x48.jpg&quot;,&quot;112&quot;:&quot;https:\\\/\\\/lastatic.ams3.cdn.digitaloceanspaces.com\\\/2014\\\/08\\\/seniori1-112x64.jpg&quot;,&quot;664&quot;:&quot;https:\\\/\\\/lastatic.ams3.cdn.digitaloceanspaces.com\\\/2014\\\/08\\\/seniori1-664x436.jpg&quot;,&quot;243&quot;:&quot;https:\\\/\\\/lastatic.ams3.cdn.digitaloceanspaces.com\\\/2014\\\/08\\\/seniori1-243x160.jpg&quot;,&quot;263&quot;:&quot;https:\\\/\\\/lastatic.ams3.cdn.digitaloceanspaces.com\\\/2014\\\/08\\\/seniori1-263x172.jpg&quot;,&quot;513&quot;:&quot;https:\\\/\\\/lastatic.ams3.cdn.digitaloceanspaces.com\\\/2014\\\/08\\\/seniori1-513x338.jpg&quot;,&quot;118&quot;:&quot;https:\\\/\\\/lastatic.ams3.cdn.digitaloceanspaces.com\\\/2014\\\/08\\\/seniori1-118x70.jpg&quot;,&quot;348&quot;:&quot;https:\\\/\\\/lastatic.ams3.cdn.digitaloceanspaces.com\\\/2014\\\/08\\\/seniori1-348x225.jpg&quot;,&quot;90&quot;:&quot;https:\\\/\\\/lastatic.ams3.cdn.digitaloceanspaces.com\\\/2014\\\/08\\\/seniori1-90x58.jpg&quot;,&quot;900&quot;:&quot;https:\\\/\\\/lastatic.ams3.cdn.digitaloceanspaces.com\\\/2014\\\/08\\\/seniori1.jpg&quot;}\" data-focuspoint=\"&quot;&quot;\" data-p=\"2489850\" href=\"https:\/\/www.la.lv\/ari-maizi-ko-est-lai-nodzivotu-lidz-100-gadiem-uztura-specialisti-nosauc-8-ilgmuzibas-partikas-produktus\" class=\"content-item lazy-load\" wp_automatic_readability=\"27\" rel=\"nofollow noopener\" target=\"_blank\"><\/p>\n<p>                                <img decoding=\"async\" src=\"\" alt=\"\" style=\"\" data-imageid=\"\"\/><\/p>\n<p>                                Veselam<\/p>\n<p>\n                                                Ar\u012b maizi?!? Ko \u0113st, lai nodz\u012bvotu l\u012bdz 100 gadiem: uztura speci\u0101listi nosauc 8 ilgm\u016b\u017e\u012bbas p\u0101rtikas produktus\n                            <\/p>\n<p><\/a><a data-imagesrc=\"{&quot;300&quot;:&quot;https:\\\/\\\/lastatic.ams3.cdn.digitaloceanspaces.com\\\/2026\\\/01\\\/17b1e396-2c9c-4558-bdd3-405119a978ab-300x200.jpg&quot;,&quot;1024&quot;:&quot;https:\\\/\\\/lastatic.ams3.cdn.digitaloceanspaces.com\\\/2026\\\/01\\\/17b1e396-2c9c-4558-bdd3-405119a978ab-1024x683.jpg&quot;,&quot;1536&quot;:&quot;https:\\\/\\\/lastatic.ams3.cdn.digitaloceanspaces.com\\\/2026\\\/01\\\/17b1e396-2c9c-4558-bdd3-405119a978ab-1536x1024.jpg&quot;,&quot;500&quot;:&quot;https:\\\/\\\/lastatic.ams3.cdn.digitaloceanspaces.com\\\/2026\\\/01\\\/17b1e396-2c9c-4558-bdd3-405119a978ab-500x333.jpg&quot;,&quot;800&quot;:&quot;https:\\\/\\\/lastatic.ams3.cdn.digitaloceanspaces.com\\\/2026\\\/01\\\/17b1e396-2c9c-4558-bdd3-405119a978ab-800x533.jpg&quot;,&quot;1800&quot;:&quot;https:\\\/\\\/lastatic.ams3.cdn.digitaloceanspaces.com\\\/2026\\\/01\\\/17b1e396-2c9c-4558-bdd3-405119a978ab.jpg&quot;}\" data-focuspoint=\"&quot;&quot;\" data-p=\"2489199\" href=\"https:\/\/www.la.lv\/kas-notiek-ar-kermeni-ja-nepietiek-magnija-10-trauksmes-signali-ko-tev-vajadzetu-pamanit\" class=\"content-item lazy-load\" wp_automatic_readability=\"27\" rel=\"nofollow noopener\" target=\"_blank\"><\/p>\n<p>                                <img decoding=\"async\" src=\"\" alt=\"\" style=\"\" data-imageid=\"\"\/><\/p>\n<p>                                Veselam<\/p>\n<p>\n                                                Kas notiek ar \u0137ermeni, ja nepietiek magnija: 10 trauksmes sign\u0101li, ko tev vajadz\u0113tu paman\u012bt\n                            <\/p>\n<p><\/a><a data-imagesrc=\"{&quot;300&quot;:&quot;https:\\\/\\\/lastatic.ams3.cdn.digitaloceanspaces.com\\\/2024\\\/01\\\/LET_24752193-1-300x217.jpg&quot;,&quot;768&quot;:&quot;https:\\\/\\\/lastatic.ams3.cdn.digitaloceanspaces.com\\\/2024\\\/01\\\/LET_24752193-1-768x554.jpg&quot;,&quot;200&quot;:&quot;https:\\\/\\\/lastatic.ams3.cdn.digitaloceanspaces.com\\\/2024\\\/01\\\/LET_24752193-1-200x144.jpg&quot;,&quot;400&quot;:&quot;https:\\\/\\\/lastatic.ams3.cdn.digitaloceanspaces.com\\\/2024\\\/01\\\/LET_24752193-1-400x289.jpg&quot;,&quot;500&quot;:&quot;https:\\\/\\\/lastatic.ams3.cdn.digitaloceanspaces.com\\\/2024\\\/01\\\/LET_24752193-1-500x361.jpg&quot;,&quot;800&quot;:&quot;https:\\\/\\\/lastatic.ams3.cdn.digitaloceanspaces.com\\\/2024\\\/01\\\/LET_24752193-1-800x578.jpg&quot;,&quot;1000&quot;:&quot;https:\\\/\\\/lastatic.ams3.cdn.digitaloceanspaces.com\\\/2024\\\/01\\\/LET_24752193-1.jpg&quot;}\" data-focuspoint=\"&quot;&quot;\" data-p=\"2488207\" href=\"https:\/\/www.la.lv\/vieni-slave-citi-sausminas-jauna-ediena-tendence-latvija-izraisa-pretrunigas-reakcijas\" class=\"content-item lazy-load\" wp_automatic_readability=\"26.5\" rel=\"nofollow noopener\" target=\"_blank\"><\/p>\n<p>                                <img decoding=\"async\" src=\"\" alt=\"\" style=\"\" data-imageid=\"\"\/><\/p>\n<p>\n                                                Vieni slav\u0113, citi \u0161ausmin\u0101s \u2013 jauna \u0113diena tendence Latvij\u0101 izraisa pretrun\u012bgas reakcijas\n                            <\/p>\n<p><\/a><br \/>\n        <a class=\"read-more\" href=\"https:\/\/www.la.lv\/top\" rel=\"nofollow noopener\" target=\"_blank\">Las\u012bt citas zi\u0146as<\/a><\/p>\n<p>Busa vad\u012bt\u0101js raid\u012bjum\u0101 atkl\u0101ja, ka automa\u0161\u012bna nav apr\u012bkota nedz ar parko\u0161an\u0101s sensoriem, nedz atpaka\u013cgaitas kameru, l\u012bdz ar to sievieti paman\u012bjis tikai br\u012bd\u012b, kad vi\u0146a jau gul\u0113jusi uz zemes. \u201cLatvijas pasta\u201d darbinieks nesl\u0113pj savu izbr\u012bnu par to, k\u0101 iesp\u0113jams, ka sieviete pak\u013cuvusi zem automa\u0161\u012bnas. Vi\u0146\u0161 gan nav vien\u012bgais \u2013 ar\u012b s\u0113tnieks, kur\u0161 k\u013cuvis par negad\u012bjuma aculiecinieku, nesaprot, k\u0101 tas var\u0113ja notikt, un pauda savu versiju.<\/p>\n<p>S\u0113tnieks atkl\u0101ja, ka br\u012bd\u012b, kad piesteidz\u0101s pie kundzes, lai pal\u012bdz\u0113tu, nekas neliecin\u0101ja par nopietn\u0101m traum\u0101m vai s\u0101p\u0113m. Ta\u010du, ierodoties cietu\u0161\u0101s meitai, situ\u0101cija main\u012bjusies. Tad s\u0101k\u0101s \u2013 roka s\u0101p, s\u0101ns s\u0101p.<\/p>\n<p>    CITI \u0160OBR\u012aD LASA<\/p>\n<p>\u201cTeik\u0161u t\u0101 \u2013 tas var\u0113tu b\u016bt jauns veids, k\u0101 piepeln\u012bties,\u201d sac\u012bja s\u0113tnieks.<\/p>\n<p>T\u0101 k\u0101 apk\u0101rtn\u0113 izvietotas vair\u0101kas videonov\u0113ro\u0161anas kameras, notiku\u0161ais incidents tiks skaidrots, izmantojot kameru ierakstus. <\/p>\n<p>Pla\u0161\u0101k skaties video.<\/p>\n<p>T\u0113mas<\/p>\n<p>    SAIST\u012aTIE RAKSTI<\/p>\n","protected":false},"excerpt":{"rendered":"FOTO: ekr\u0101nuz\u0146\u0113mums \/ \u201cDegpunkt\u0101\u201d Katlakaln\u0101 vakar noticis k\u0101ds interesants incidents. Kravas busa vad\u012bt\u0101js, kur\u0161 braucis pie pakom\u0101ta, lai&hellip;\n","protected":false},"author":2,"featured_media":98012,"comment_status":"","ping_status":"","sticky":false,"template":"","format":"standard","meta":{"footnotes":""},"categories":[5],"tags":[23,28,29,32,33,22,30,31,35,39,38,36,37,34,40,20,26,27,24,25,21],"class_list":{"0":"post-98011","1":"post","2":"type-post","3":"status-publish","4":"format-standard","5":"has-post-thumbnail","7":"category-aktualitates","8":"tag-aktualitates","9":"tag-breaking-news","10":"tag-breakingnews","11":"tag-featured-news","12":"tag-featurednews","13":"tag-headlines","14":"tag-latest-news","15":"tag-latestnews","16":"tag-latvia","17":"tag-latvian","18":"tag-latviesu","19":"tag-latviesu-valoda","20":"tag-latviesuvaloda","21":"tag-latvija","22":"tag-lv","23":"tag-news","24":"tag-popularakas-zinas","25":"tag-popularakaszinas","26":"tag-top-stories","27":"tag-topstories","28":"tag-zinas"},"share_on_mastodon":{"url":"https:\/\/pubeurope.com\/@lv\/115858597652803421","error":""},"_links":{"self":[{"href":"https:\/\/www.europesays.com\/lv\/wp-json\/wp\/v2\/posts\/98011","targetHints":{"allow":["GET"]}}],"collection":[{"href":"https:\/\/www.europesays.com\/lv\/wp-json\/wp\/v2\/posts"}],"about":[{"href":"https:\/\/www.europesays.com\/lv\/wp-json\/wp\/v2\/types\/post"}],"author":[{"embeddable":true,"href":"https:\/\/www.europesays.com\/lv\/wp-json\/wp\/v2\/users\/2"}],"replies":[{"embeddable":true,"href":"https:\/\/www.europesays.com\/lv\/wp-json\/wp\/v2\/comments?post=98011"}],"version-history":[{"count":0,"href":"https:\/\/www.europesays.com\/lv\/wp-json\/wp\/v2\/posts\/98011\/revisions"}],"wp:featuredmedia":[{"embeddable":true,"href":"https:\/\/www.europesays.com\/lv\/wp-json\/wp\/v2\/media\/98012"}],"wp:attachment":[{"href":"https:\/\/www.europesays.com\/lv\/wp-json\/wp\/v2\/media?parent=98011"}],"wp:term":[{"taxonomy":"category","embeddable":true,"href":"https:\/\/www.europesays.com\/lv\/wp-json\/wp\/v2\/categories?post=98011"},{"taxonomy":"post_tag","embeddable":true,"href":"https:\/\/www.europesays.com\/lv\/wp-json\/wp\/v2\/tags?post=98011"}],"curies":[{"name":"wp","href":"https:\/\/api.w.org\/{rel}","templated":true}]}}