{"id":98021,"date":"2026-01-08T08:52:06","date_gmt":"2026-01-08T08:52:06","guid":{"rendered":"https:\/\/www.europesays.com\/lv\/98021\/"},"modified":"2026-01-08T08:52:06","modified_gmt":"2026-01-08T08:52:06","slug":"meta-ray-ban-display-maksliga-intelekta-brilles-eiropa-tik-driz-neieraudzisim","status":"publish","type":"post","link":"https:\/\/www.europesays.com\/lv\/98021\/","title":{"rendered":"\u201cMeta Ray-Ban Display\u201d m\u0101ksl\u012bg\u0101 intelekta brilles Eirop\u0101 tik dr\u012bz neieraudz\u012bsim"},"content":{"rendered":"<p>Aizvad\u012bt\u0101 gada septembr\u012b \u201cMeta Connect 2025\u201d pas\u0101kum\u0101 dienas gaismu ieraudz\u012bja m\u0101ksl\u012bg\u0101 intelekta (MI) brilles \u201c<a href=\"https:\/\/kursors.lv\/2025\/09\/19\/meta-prezente-pirmas-mi-brilles-ar-displeju-viedbrilles-sportistiem-un-atjauninatas-ray-ban-meta\/\" rel=\"nofollow noopener\" target=\"_blank\">Meta Ray-Ban Display<\/a>\u201d ar pilnkr\u0101su, augstas iz\u0161\u0137irtsp\u0113jas 600 x 600 displeju. Pas\u0101kum\u0101 \u201cCES 2026\u201d komp\u0101nija pazi\u0146oja par da\u017e\u0101m jaun\u0101m funkcij\u0101m, kas non\u0101ks \u0161aj\u0101s viedbrill\u0113s. Ta\u010du ir viena \u013coti slikta zi\u0146a faniem Eirop\u0101 \u2013 \u201cMeta Ray-Ban Display\u201d vismaz pagaid\u0101m b\u016bs pieejamas vien\u012bgi ASV.\n<\/p>\n<p>\u201cMeta\u201d skaidro, ka sakar\u0101 ar lielo piepras\u012bjumu ASV un ierobe\u017eoto produktu daudzumu uz laiku p\u0101rtrauks \u201cMeta Ray-Ban Display\u201d pieg\u0101des starptautiskos tirgos, k\u0101 Lielbrit\u0101nija, Francija, It\u0101lija un Kan\u0101da. Komp\u0101nija uzsver, ka turpin\u0101s koncentr\u0113ties uz pas\u016bt\u012bjumu izpildi ASV un v\u0113l\u0101k atk\u0101rtoti izv\u0113rt\u0113s bri\u013c\u013cu pieg\u0101di cit\u0101s valst\u012bs. Par to, ka piepras\u012bjums p\u0113c \u0161\u012bm brill\u0113m ir liels, liecina ar\u012b l\u0113n\u0101 pas\u016bt\u012bjumu izpilde, kas sadusmojusi pirc\u0113jus.\n<\/p>\n<p>Tom\u0113r nav l\u012bdz galam skaidrs, vai ir t\u0101, k\u0101 saka \u201cMeta\u201d. Iesp\u0113jams, uz\u0146\u0113mums \u0161obr\u012bd nesp\u0113j sara\u017eot un pieg\u0101d\u0101t pietiekamu daudzumu \u201cMeta Ray-Ban Display\u201d bri\u013c\u013cu, lai apmierin\u0101tu glob\u0101lo piepras\u012bjumu. Iesp\u0113jams, \u0161\u0101ds l\u0113mums pie\u0146emts ba\u017e\u0101s par to, ka piepras\u012bjums \u0101rpus ASV neb\u016bs tik liels un izdev\u012bg\u0101k \u0161obr\u012bd koncentr\u0113ties uz vienu tirgu. Vai \u201cMeta\u201d jaun\u0101s MI brilles k\u0101dreiz ieraudz\u012bs Eiropas veikalu plauktus, atkar\u012bgs ar\u012b no t\u0101, vai eiropietis b\u016bs gatavs maks\u0101t ap 1000 eiro par \u0161\u0101du ier\u012bci. \u0160\u0137iet, ka pagaid\u0101m liel\u0101ku interesi par \u0161\u0101d\u0101m tehnolo\u0123ij\u0101m kopum\u0101 izr\u0101da amerik\u0101\u0146i.<\/p>\n","protected":false},"excerpt":{"rendered":"Aizvad\u012bt\u0101 gada septembr\u012b \u201cMeta Connect 2025\u201d pas\u0101kum\u0101 dienas gaismu ieraudz\u012bja m\u0101ksl\u012bg\u0101 intelekta (MI) brilles \u201cMeta Ray-Ban Display\u201d ar&hellip;\n","protected":false},"author":2,"featured_media":98022,"comment_status":"","ping_status":"","sticky":false,"template":"","format":"standard","meta":{"footnotes":""},"categories":[16],"tags":[77,76,35,39,38,36,37,34,40],"class_list":{"0":"post-98021","1":"post","2":"type-post","3":"status-publish","4":"format-standard","5":"has-post-thumbnail","7":"category-bizness","8":"tag-bizness","9":"tag-business","10":"tag-latvia","11":"tag-latvian","12":"tag-latviesu","13":"tag-latviesu-valoda","14":"tag-latviesuvaloda","15":"tag-latvija","16":"tag-lv"},"share_on_mastodon":{"url":"https:\/\/pubeurope.com\/@lv\/115858633182464809","error":""},"_links":{"self":[{"href":"https:\/\/www.europesays.com\/lv\/wp-json\/wp\/v2\/posts\/98021","targetHints":{"allow":["GET"]}}],"collection":[{"href":"https:\/\/www.europesays.com\/lv\/wp-json\/wp\/v2\/posts"}],"about":[{"href":"https:\/\/www.europesays.com\/lv\/wp-json\/wp\/v2\/types\/post"}],"author":[{"embeddable":true,"href":"https:\/\/www.europesays.com\/lv\/wp-json\/wp\/v2\/users\/2"}],"replies":[{"embeddable":true,"href":"https:\/\/www.europesays.com\/lv\/wp-json\/wp\/v2\/comments?post=98021"}],"version-history":[{"count":0,"href":"https:\/\/www.europesays.com\/lv\/wp-json\/wp\/v2\/posts\/98021\/revisions"}],"wp:featuredmedia":[{"embeddable":true,"href":"https:\/\/www.europesays.com\/lv\/wp-json\/wp\/v2\/media\/98022"}],"wp:attachment":[{"href":"https:\/\/www.europesays.com\/lv\/wp-json\/wp\/v2\/media?parent=98021"}],"wp:term":[{"taxonomy":"category","embeddable":true,"href":"https:\/\/www.europesays.com\/lv\/wp-json\/wp\/v2\/categories?post=98021"},{"taxonomy":"post_tag","embeddable":true,"href":"https:\/\/www.europesays.com\/lv\/wp-json\/wp\/v2\/tags?post=98021"}],"curies":[{"name":"wp","href":"https:\/\/api.w.org\/{rel}","templated":true}]}}