{"id":98023,"date":"2026-01-08T08:53:10","date_gmt":"2026-01-08T08:53:10","guid":{"rendered":"https:\/\/www.europesays.com\/lv\/98023\/"},"modified":"2026-01-08T08:53:10","modified_gmt":"2026-01-08T08:53:10","slug":"satraucoss-un-bistams-laiks-tramps-grib-palielinat-asv-aizsardzibas-budzetu-par-pusi","status":"publish","type":"post","link":"https:\/\/www.europesays.com\/lv\/98023\/","title":{"rendered":"&#8220;Satrauco\u0161s un b\u012bstams laiks.&#8221; Tramps grib palielin\u0101t ASV aizsardz\u012bbas bud\u017eetu par pusi"},"content":{"rendered":"<p>Tramps kop\u0161 atgrie\u0161an\u0101s prezidenta amat\u0101 ir bie\u017ei izmantojis <a href=\"https:\/\/www.apollo.lv\/term\/555410\/asv\" class=\"topicLink\" target=\"_blank\" rel=\"nofollow noopener\">ASV<\/a> armiju, tai skait\u0101 triecienu veik\u0161anai Jemenas hutie\u0161u nemierniekiem, uzbrukumiem Ir\u0101nas kodolobjektiem un Venecu\u0113las narkotiku kontrabandas ku\u0123iem, k\u0101 ar\u012b reidam, kur\u0101 tika sag\u016bst\u012bts Venecu\u0113las prezidents Nikolass Maduro.<\/p>\n<p>&#8220;Es esmu noteicis, ka m\u016bsu valsts labad, sevi\u0161\u0137i \u0161aj\u0101 \u013coti satrauco\u0161aj\u0101 un b\u012bstamaj\u0101 laik\u0101, m\u016bsu milit\u0101rajam bud\u017eetam 2027. gadam vajadz\u0113tu b\u016bt nevis vienam triljonam dol\u0101ru, bet 1,5 triljoniem dol\u0101ru,&#8221; Tramps pazi\u0146oja sav\u0101 soci\u0101lo mediju platform\u0101 &#8220;Truth Social&#8221;.<\/p>\n<p>&#8220;Tas \u013caus mums uzb\u016bv\u0113t &#8220;sap\u0146u armiju&#8221;, kuru m\u0113s jau ilgi esam peln\u012bju\u0161i un, vissvar\u012bg\u0101kais, kas m\u016bs tur\u0113s dro\u0161\u012bb\u0101, lai k\u0101ds b\u016btu ienaidnieks,&#8221; sac\u012bja prezidents.<\/p>\n<p>Tramps sac\u012bja, ka \u0161\u012b bud\u017eeta palielin\u0101\u0161ana ir iesp\u0113jama, pateicoties ie\u0146\u0113mumiem no muitas tarifiem, kurus vi\u0146\u0161 noteicis gan draudz\u012bg\u0101m, gan naid\u012bg\u0101m valst\u012bm.<\/p>\n<p>ASV jau ir valsts ar pasaul\u0113 liel\u0101kajiem milit\u0101rajiem izdevumiem. To palielin\u0101\u0161ana l\u012bdz pusotram triljonam nodro\u0161in\u0101tu, ka ASV ar finans\u0113jumu bru\u0146otajiem sp\u0113kiem v\u0113l vair\u0101k p\u0101rsp\u0113j savas s\u0101ncenses \u0136\u012bnu un Krieviju, tom\u0113r t\u0101 var ar\u012b izrais\u012bt bru\u0146o\u0161an\u0101s sacens\u012bbu ar \u0161\u0101d\u0101m valst\u012bm.<\/p>\n","protected":false},"excerpt":{"rendered":"Tramps kop\u0161 atgrie\u0161an\u0101s prezidenta amat\u0101 ir bie\u017ei izmantojis ASV armiju, tai skait\u0101 triecienu veik\u0161anai Jemenas hutie\u0161u nemierniekiem, uzbrukumiem&hellip;\n","protected":false},"author":2,"featured_media":98024,"comment_status":"","ping_status":"","sticky":false,"template":"","format":"standard","meta":{"footnotes":""},"categories":[14],"tags":[1546,23,57,292,28,29,259,542,32,33,22,30,31,35,39,38,36,37,34,40,20,26,27,24,25,54,55,56,21,58],"class_list":{"0":"post-98023","1":"post","2":"type-post","3":"status-publish","4":"format-standard","5":"has-post-thumbnail","7":"category-zinas-no-arvalstim","8":"tag-aizsardziba","9":"tag-aktualitates","10":"tag-arvalstim","11":"tag-asv","12":"tag-breaking-news","13":"tag-breakingnews","14":"tag-budzets","15":"tag-donalds-tramps","16":"tag-featured-news","17":"tag-featurednews","18":"tag-headlines","19":"tag-latest-news","20":"tag-latestnews","21":"tag-latvia","22":"tag-latvian","23":"tag-latviesu","24":"tag-latviesu-valoda","25":"tag-latviesuvaloda","26":"tag-latvija","27":"tag-lv","28":"tag-news","29":"tag-popularakas-zinas","30":"tag-popularakaszinas","31":"tag-top-stories","32":"tag-topstories","33":"tag-world","34":"tag-world-news","35":"tag-worldnews","36":"tag-zinas","37":"tag-zinas-no-arvalstim"},"share_on_mastodon":{"url":"https:\/\/pubeurope.com\/@lv\/115858637058974787","error":""},"_links":{"self":[{"href":"https:\/\/www.europesays.com\/lv\/wp-json\/wp\/v2\/posts\/98023","targetHints":{"allow":["GET"]}}],"collection":[{"href":"https:\/\/www.europesays.com\/lv\/wp-json\/wp\/v2\/posts"}],"about":[{"href":"https:\/\/www.europesays.com\/lv\/wp-json\/wp\/v2\/types\/post"}],"author":[{"embeddable":true,"href":"https:\/\/www.europesays.com\/lv\/wp-json\/wp\/v2\/users\/2"}],"replies":[{"embeddable":true,"href":"https:\/\/www.europesays.com\/lv\/wp-json\/wp\/v2\/comments?post=98023"}],"version-history":[{"count":0,"href":"https:\/\/www.europesays.com\/lv\/wp-json\/wp\/v2\/posts\/98023\/revisions"}],"wp:featuredmedia":[{"embeddable":true,"href":"https:\/\/www.europesays.com\/lv\/wp-json\/wp\/v2\/media\/98024"}],"wp:attachment":[{"href":"https:\/\/www.europesays.com\/lv\/wp-json\/wp\/v2\/media?parent=98023"}],"wp:term":[{"taxonomy":"category","embeddable":true,"href":"https:\/\/www.europesays.com\/lv\/wp-json\/wp\/v2\/categories?post=98023"},{"taxonomy":"post_tag","embeddable":true,"href":"https:\/\/www.europesays.com\/lv\/wp-json\/wp\/v2\/tags?post=98023"}],"curies":[{"name":"wp","href":"https:\/\/api.w.org\/{rel}","templated":true}]}}