{"id":98025,"date":"2026-01-08T08:54:09","date_gmt":"2026-01-08T08:54:09","guid":{"rendered":"https:\/\/www.europesays.com\/lv\/98025\/"},"modified":"2026-01-08T08:54:09","modified_gmt":"2026-01-08T08:54:09","slug":"brauksanas-apstakli-apgrutinati-dazviet-vidzeme-un-latgale-ka-ari-visa-pieriga-raksts","status":"publish","type":"post","link":"https:\/\/www.europesays.com\/lv\/98025\/","title":{"rendered":"Brauk\u0161anas apst\u0101k\u013ci apgr\u016btin\u0101ti da\u017eviet Vidzem\u0113 un Latgal\u0113, k\u0101 ar\u012b vis\u0101 Pier\u012bg\u0101 \/ Raksts"},"content":{"rendered":"<p>Ceturtdienas r\u012bt\u0101 brauk\u0161anas apst\u0101k\u013ci pa valsts noz\u012bmes autoce\u013ciem ir apgr\u016btin\u0101ti vis\u0101 Pier\u012bg\u0101, k\u0101 ar\u012b da\u013c\u0101 Vidzemes un Latgales, liecina VSIA &#8220;Latvijas Valsts ce\u013ci&#8221; (LVC) apkopot\u0101 inform\u0101cija.\u00a0<\/p>\n<p>Kopum\u0101 situ\u0101cija uz lielajiem ce\u013ciem ceturtdienas r\u012bt\u0101 ir lab\u0101ka nek\u0101 trij\u0101s iepriek\u0161\u0113j\u0101s \u0161\u012bs ned\u0113\u013cas dien\u0101s.<\/p>\n<p>Galvaspils\u0113tas apk\u0101rtn\u0113 ap plkst. 6.50 brauk\u0161ana ir apgr\u016btin\u0101ta pa R\u012bgas apvedce\u013cu, k\u0101 ar\u012b pa lielaj\u0101m \u0161osej\u0101m da\u017eu desmitu kilometru radius\u0101 ap R\u012bgu.<\/p>\n<p>Uz Vidzemes \u0161osejas un Valmieras \u0161osejas ir vair\u0101ki slideni posmi, l\u012bdz\u012bga situ\u0101cija ir uz lielajiem autoce\u013ciem J\u0113kabpils apk\u0101rtn\u0113 un nedaudz uz austrumiem no t\u0101s \u2013 R\u0113zeknes un Daugavpils virzien\u0101. P\u0101r\u0113j\u0101 Latgales da\u013c\u0101 brauk\u0161anas apst\u0101k\u013ci pa valsts noz\u012bmes ce\u013ciem ir apmierino\u0161i.<\/p>\n<p>Uz re\u0123ion\u0101lajiem autoce\u013ciem apgr\u016btin\u0101ta brauk\u0161ana ir vis\u0101 Latvij\u0101, iz\u0146emot Bauskas, Kuld\u012bgas un Smiltenes apk\u0101rtn\u0113.<\/p>\n<p>Sniegoto un slideno ce\u013cu posmu t\u012br\u012b\u0161an\u0101 un kais\u012b\u0161an\u0101 ceturtdienas r\u012bt\u0101 iesaist\u012btas 38 ziemas tehnikas vien\u012bbas, inform\u0113 LVC.<\/p>\n<p>                    Valodas k\u013c\u016bda rakst\u0101?<\/p>\n<p class=\"d-none d-md-block\">Iez\u012bm\u0113jiet tekstu un spiediet Ctrl+Enter, lai nos\u016bt\u012btu labojamo teksta fragmentu redaktoram! Par faktu k\u013c\u016bd\u0101m l\u016bdzam zi\u0146ot e-past\u0101 <a href=\"https:\/\/www.lsm.lv\/cdn-cgi\/l\/email-protection\" class=\"__cf_email__\" data-cfemail=\"65170001040e060c0f04250916084b0913\" rel=\"nofollow noopener\" target=\"_blank\">[email\u00a0protected]<\/a>.<\/p>\n<p class=\"d-md-none\">Iez\u012bm\u0113jiet tekstu un spiediet uz Zi\u0146ot par k\u013c\u016bdu pogas, lai nos\u016bt\u012btu labojamo teksta fragmentu redaktoram!<\/p>\n<p>\n                    Zi\u0146ot par k\u013c\u016bdu\n                <\/p>\n","protected":false},"excerpt":{"rendered":"Ceturtdienas r\u012bt\u0101 brauk\u0161anas apst\u0101k\u013ci pa valsts noz\u012bmes autoce\u013ciem ir apgr\u016btin\u0101ti vis\u0101 Pier\u012bg\u0101, k\u0101 ar\u012b da\u013c\u0101 Vidzemes un Latgales,&hellip;\n","protected":false},"author":2,"featured_media":98026,"comment_status":"","ping_status":"","sticky":false,"template":"","format":"standard","meta":{"footnotes":""},"categories":[12],"tags":[23,28,29,32,33,22,30,31,35,39,38,36,37,34,40,20,26,27,24,25,21],"class_list":{"0":"post-98025","1":"post","2":"type-post","3":"status-publish","4":"format-standard","5":"has-post-thumbnail","7":"category-latvija","8":"tag-aktualitates","9":"tag-breaking-news","10":"tag-breakingnews","11":"tag-featured-news","12":"tag-featurednews","13":"tag-headlines","14":"tag-latest-news","15":"tag-latestnews","16":"tag-latvia","17":"tag-latvian","18":"tag-latviesu","19":"tag-latviesu-valoda","20":"tag-latviesuvaloda","21":"tag-latvija","22":"tag-lv","23":"tag-news","24":"tag-popularakas-zinas","25":"tag-popularakaszinas","26":"tag-top-stories","27":"tag-topstories","28":"tag-zinas"},"share_on_mastodon":{"url":"https:\/\/pubeurope.com\/@lv\/115858640989732011","error":""},"_links":{"self":[{"href":"https:\/\/www.europesays.com\/lv\/wp-json\/wp\/v2\/posts\/98025","targetHints":{"allow":["GET"]}}],"collection":[{"href":"https:\/\/www.europesays.com\/lv\/wp-json\/wp\/v2\/posts"}],"about":[{"href":"https:\/\/www.europesays.com\/lv\/wp-json\/wp\/v2\/types\/post"}],"author":[{"embeddable":true,"href":"https:\/\/www.europesays.com\/lv\/wp-json\/wp\/v2\/users\/2"}],"replies":[{"embeddable":true,"href":"https:\/\/www.europesays.com\/lv\/wp-json\/wp\/v2\/comments?post=98025"}],"version-history":[{"count":0,"href":"https:\/\/www.europesays.com\/lv\/wp-json\/wp\/v2\/posts\/98025\/revisions"}],"wp:featuredmedia":[{"embeddable":true,"href":"https:\/\/www.europesays.com\/lv\/wp-json\/wp\/v2\/media\/98026"}],"wp:attachment":[{"href":"https:\/\/www.europesays.com\/lv\/wp-json\/wp\/v2\/media?parent=98025"}],"wp:term":[{"taxonomy":"category","embeddable":true,"href":"https:\/\/www.europesays.com\/lv\/wp-json\/wp\/v2\/categories?post=98025"},{"taxonomy":"post_tag","embeddable":true,"href":"https:\/\/www.europesays.com\/lv\/wp-json\/wp\/v2\/tags?post=98025"}],"curies":[{"name":"wp","href":"https:\/\/api.w.org\/{rel}","templated":true}]}}