{"id":98027,"date":"2026-01-08T08:55:13","date_gmt":"2026-01-08T08:55:13","guid":{"rendered":"https:\/\/www.europesays.com\/lv\/98027\/"},"modified":"2026-01-08T08:55:13","modified_gmt":"2026-01-08T08:55:13","slug":"rits-kurzeme-iesacies-ar-pamatigiem-minusiem-kads-laiks-gaidams-ceturtdien","status":"publish","type":"post","link":"https:\/\/www.europesays.com\/lv\/98027\/","title":{"rendered":"R\u012bts Kurzem\u0113 ies\u0101cies ar pamat\u012bgiem m\u012bnusiem. K\u0101ds laiks gaid\u0101ms ceturtdien?"},"content":{"rendered":"<p>    <img decoding=\"async\" src=\"https:\/\/www.europesays.com\/lv\/wp-content\/uploads\/2026\/01\/LET_24629434-1024x675.jpg\" alt=\"&#10;\"\/><\/p>\n<p>Foto: Paula \u010curkste\/LETA\n<\/p>\n<p>Ceturtdien Latvij\u0101 b\u016bs liel\u0101koties m\u0101ko\u0146ains laiks, viet\u0101m mazliet snigs, prognoz\u0113 sinopti\u0137i.<\/p>\n<p>        Las\u012bt\u0101kie<br \/>\n        <a data-imagesrc=\"{&quot;300&quot;:&quot;https:\\\/\\\/lastatic.ams3.cdn.digitaloceanspaces.com\\\/2014\\\/08\\\/seniori1-300x197.jpg&quot;,&quot;80&quot;:&quot;https:\\\/\\\/lastatic.ams3.cdn.digitaloceanspaces.com\\\/2014\\\/08\\\/seniori1-80x48.jpg&quot;,&quot;112&quot;:&quot;https:\\\/\\\/lastatic.ams3.cdn.digitaloceanspaces.com\\\/2014\\\/08\\\/seniori1-112x64.jpg&quot;,&quot;664&quot;:&quot;https:\\\/\\\/lastatic.ams3.cdn.digitaloceanspaces.com\\\/2014\\\/08\\\/seniori1-664x436.jpg&quot;,&quot;243&quot;:&quot;https:\\\/\\\/lastatic.ams3.cdn.digitaloceanspaces.com\\\/2014\\\/08\\\/seniori1-243x160.jpg&quot;,&quot;263&quot;:&quot;https:\\\/\\\/lastatic.ams3.cdn.digitaloceanspaces.com\\\/2014\\\/08\\\/seniori1-263x172.jpg&quot;,&quot;513&quot;:&quot;https:\\\/\\\/lastatic.ams3.cdn.digitaloceanspaces.com\\\/2014\\\/08\\\/seniori1-513x338.jpg&quot;,&quot;118&quot;:&quot;https:\\\/\\\/lastatic.ams3.cdn.digitaloceanspaces.com\\\/2014\\\/08\\\/seniori1-118x70.jpg&quot;,&quot;348&quot;:&quot;https:\\\/\\\/lastatic.ams3.cdn.digitaloceanspaces.com\\\/2014\\\/08\\\/seniori1-348x225.jpg&quot;,&quot;90&quot;:&quot;https:\\\/\\\/lastatic.ams3.cdn.digitaloceanspaces.com\\\/2014\\\/08\\\/seniori1-90x58.jpg&quot;,&quot;900&quot;:&quot;https:\\\/\\\/lastatic.ams3.cdn.digitaloceanspaces.com\\\/2014\\\/08\\\/seniori1.jpg&quot;}\" data-focuspoint=\"&quot;&quot;\" data-p=\"2489850\" href=\"https:\/\/www.la.lv\/ari-maizi-ko-est-lai-nodzivotu-lidz-100-gadiem-uztura-specialisti-nosauc-8-ilgmuzibas-partikas-produktus\" class=\"content-item lazy-load\" wp_automatic_readability=\"27\" rel=\"nofollow noopener\" target=\"_blank\"><\/p>\n<p>                                <img decoding=\"async\" src=\"\" alt=\"\" style=\"\" data-imageid=\"\"\/><\/p>\n<p>                                Veselam<\/p>\n<p>\n                                                Ar\u012b maizi?!? Ko \u0113st, lai nodz\u012bvotu l\u012bdz 100 gadiem: uztura speci\u0101listi nosauc 8 ilgm\u016b\u017e\u012bbas p\u0101rtikas produktus\n                            <\/p>\n<p><\/a><a data-imagesrc=\"{&quot;300&quot;:&quot;https:\\\/\\\/lastatic.ams3.cdn.digitaloceanspaces.com\\\/2026\\\/01\\\/17b1e396-2c9c-4558-bdd3-405119a978ab-300x200.jpg&quot;,&quot;1024&quot;:&quot;https:\\\/\\\/lastatic.ams3.cdn.digitaloceanspaces.com\\\/2026\\\/01\\\/17b1e396-2c9c-4558-bdd3-405119a978ab-1024x683.jpg&quot;,&quot;1536&quot;:&quot;https:\\\/\\\/lastatic.ams3.cdn.digitaloceanspaces.com\\\/2026\\\/01\\\/17b1e396-2c9c-4558-bdd3-405119a978ab-1536x1024.jpg&quot;,&quot;500&quot;:&quot;https:\\\/\\\/lastatic.ams3.cdn.digitaloceanspaces.com\\\/2026\\\/01\\\/17b1e396-2c9c-4558-bdd3-405119a978ab-500x333.jpg&quot;,&quot;800&quot;:&quot;https:\\\/\\\/lastatic.ams3.cdn.digitaloceanspaces.com\\\/2026\\\/01\\\/17b1e396-2c9c-4558-bdd3-405119a978ab-800x533.jpg&quot;,&quot;1800&quot;:&quot;https:\\\/\\\/lastatic.ams3.cdn.digitaloceanspaces.com\\\/2026\\\/01\\\/17b1e396-2c9c-4558-bdd3-405119a978ab.jpg&quot;}\" data-focuspoint=\"&quot;&quot;\" data-p=\"2489199\" href=\"https:\/\/www.la.lv\/kas-notiek-ar-kermeni-ja-nepietiek-magnija-10-trauksmes-signali-ko-tev-vajadzetu-pamanit\" class=\"content-item lazy-load\" wp_automatic_readability=\"27\" rel=\"nofollow noopener\" target=\"_blank\"><\/p>\n<p>                                <img decoding=\"async\" src=\"\" alt=\"\" style=\"\" data-imageid=\"\"\/><\/p>\n<p>                                Veselam<\/p>\n<p>\n                                                Kas notiek ar \u0137ermeni, ja nepietiek magnija: 10 trauksmes sign\u0101li, ko tev vajadz\u0113tu paman\u012bt\n                            <\/p>\n<p><\/a><a data-imagesrc=\"{&quot;300&quot;:&quot;https:\\\/\\\/lastatic.ams3.cdn.digitaloceanspaces.com\\\/2024\\\/01\\\/LET_24752193-1-300x217.jpg&quot;,&quot;768&quot;:&quot;https:\\\/\\\/lastatic.ams3.cdn.digitaloceanspaces.com\\\/2024\\\/01\\\/LET_24752193-1-768x554.jpg&quot;,&quot;200&quot;:&quot;https:\\\/\\\/lastatic.ams3.cdn.digitaloceanspaces.com\\\/2024\\\/01\\\/LET_24752193-1-200x144.jpg&quot;,&quot;400&quot;:&quot;https:\\\/\\\/lastatic.ams3.cdn.digitaloceanspaces.com\\\/2024\\\/01\\\/LET_24752193-1-400x289.jpg&quot;,&quot;500&quot;:&quot;https:\\\/\\\/lastatic.ams3.cdn.digitaloceanspaces.com\\\/2024\\\/01\\\/LET_24752193-1-500x361.jpg&quot;,&quot;800&quot;:&quot;https:\\\/\\\/lastatic.ams3.cdn.digitaloceanspaces.com\\\/2024\\\/01\\\/LET_24752193-1-800x578.jpg&quot;,&quot;1000&quot;:&quot;https:\\\/\\\/lastatic.ams3.cdn.digitaloceanspaces.com\\\/2024\\\/01\\\/LET_24752193-1.jpg&quot;}\" data-focuspoint=\"&quot;&quot;\" data-p=\"2488207\" href=\"https:\/\/www.la.lv\/vieni-slave-citi-sausminas-jauna-ediena-tendence-latvija-izraisa-pretrunigas-reakcijas\" class=\"content-item lazy-load\" wp_automatic_readability=\"26.5\" rel=\"nofollow noopener\" target=\"_blank\"><\/p>\n<p>                                <img decoding=\"async\" src=\"\" alt=\"\" style=\"\" data-imageid=\"\"\/><\/p>\n<p>\n                                                Vieni slav\u0113, citi \u0161ausmin\u0101s \u2013 jauna \u0113diena tendence Latvij\u0101 izraisa pretrun\u012bgas reakcijas\n                            <\/p>\n<p><\/a><br \/>\n        <a class=\"read-more\" href=\"https:\/\/www.la.lv\/top\" rel=\"nofollow noopener\" target=\"_blank\">Las\u012bt citas zi\u0146as<\/a><\/p>\n<p>Priek\u0161pusdien\u0101 da\u017eviet saglab\u0101sies migla un sarma. P\u016bt\u012bs l\u0113ns l\u012bdz m\u0113rens v\u0113j\u0161 no austrumu puses.<\/p>\n<p>Maksim\u0101l\u0101 gaisa temperat\u016bra b\u016bs -3..-9 gr\u0101di.<\/p>\n<p>    CITI \u0160OBR\u012aD LASA<\/p>\n<p>R\u012bg\u0101 nav gaid\u0101mi iev\u0113rojami nokri\u0161\u0146i, p\u016bt\u012bs neliels austrumu v\u0113j\u0161 un gaisa temperat\u016bra saglab\u0101sies zem -5 gr\u0101diem.<\/p>\n<p>Laikapst\u0101k\u013cus ietekm\u0113 anticiklons. Ukrain\u0101 pastiprin\u0101s ciklons, kas piektdien Latvij\u0101 izrais\u012bs br\u0101zmainu v\u0113ju. Atmosf\u0113ras spiediens 1016-1019 hektopask\u0101li j\u016bras l\u012bmen\u012b.<\/p>\n<p>Agr\u0101 ceturtdienas r\u012bt\u0101 daudzviet Kurzem\u0113, ilgsto\u0161i saglab\u0101joties skaidram laikam, gaisa temperat\u016bra pazemin\u0101jusies l\u012bdz -16..-19 gr\u0101diem, liecina dati no meteorolo\u0123isko nov\u0113rojumu stacij\u0101m.<\/p>\n<p>19 gr\u0101du sals re\u0123istr\u0113ts Ventspils lidost\u0101, l\u012bdz -16..-18 gr\u0101diem gaiss atdzisis daudzviet Saldus, Skrundas un Talsu apkaim\u0113.<\/p>\n<p>Latvijas Vides, \u0123eolo\u0123ijas un meteorolo\u0123ijas centra (LV\u0122MC) nov\u0113rojumu t\u012bkl\u0101 gaisa temperat\u016bra plkst. 5 bija no -7,0 gr\u0101diem Kolk\u0101 un -7,2 gr\u0101diem Daugavpil\u012b l\u012bdz -14,3 gr\u0101diem Stend\u0113.<\/p>\n<p>Sniega biezums nov\u0113rojumu stacij\u0101s no 5-6 centimetriem M\u0113rsrag\u0101, Daugavgr\u012bv\u0101 un Prieku\u013cos l\u012bdz 22 centimetriem Dagd\u0101 un 24 centimetriem Rucav\u0101.<\/p>\n<p>Valsts liel\u0101kaj\u0101 da\u013c\u0101 apm\u0101cies laiks, viet\u0101m mazliet snieg. Rietumu un centr\u0101lajos novados viet\u0101m ir migla un sarma. Slikt\u0101k\u0101 redzam\u012bba piecos r\u012bt\u0101 bija aptuveni 250 metri Bauskas, Liep\u0101jas un Rucavas nov\u0113rojumu stacij\u0101.<\/p>\n<p>Valda l\u0113ns v\u0113j\u0161 un bezv\u0113j\u0161. Gaisa kvalit\u0101te laba l\u012bdz viduv\u0113ja.<\/p>\n<p>R\u012bg\u0101 apm\u0101ku\u0161\u0101s debesis, l\u0113ns v\u0113j\u0161, gaisa temperat\u016bra plkst. 5 bija no -7,5 gr\u0101diem Daugavgr\u012bv\u0101 l\u012bdz -11 gr\u0101diem lidost\u0101. Sniega biezums nov\u0113rojumu stacij\u0101 pils\u0113tas centr\u0101 ir desmit centimetri.<\/p>\n<p>Maksim\u0101l\u0101 gaisa temperat\u016bra tre\u0161dien LV\u0122MC nov\u0113rojumu t\u012bkl\u0101 bija no +1,1 gr\u0101da Ventspil\u012b l\u012bdz -5,9 gr\u0101diem Al\u016bksn\u0113.<\/p>\n<p>Augst\u0101k\u0101 gaisa temperat\u016bra Eirop\u0101 7. janv\u0101r\u012b bija +25 gr\u0101di Kr\u0113t\u0101. Zem\u0101k\u0101 gaisa temperat\u016bra nakt\u012b uz ceturtdienu -39 gr\u0101di Somijas zieme\u013cos.<\/p>\n<p>T\u0113mas<\/p>\n<p>    SAIST\u012aTIE RAKSTI<\/p>\n","protected":false},"excerpt":{"rendered":"Foto: Paula \u010curkste\/LETA Ceturtdien Latvij\u0101 b\u016bs liel\u0101koties m\u0101ko\u0146ains laiks, viet\u0101m mazliet snigs, prognoz\u0113 sinopti\u0137i. Las\u012bt\u0101kie Veselam Ar\u012b maizi?!?&hellip;\n","protected":false},"author":2,"featured_media":98028,"comment_status":"","ping_status":"","sticky":false,"template":"","format":"standard","meta":{"footnotes":""},"categories":[5],"tags":[23,28,29,32,33,22,30,31,35,39,38,36,37,34,40,20,26,27,24,25,21],"class_list":{"0":"post-98027","1":"post","2":"type-post","3":"status-publish","4":"format-standard","5":"has-post-thumbnail","7":"category-aktualitates","8":"tag-aktualitates","9":"tag-breaking-news","10":"tag-breakingnews","11":"tag-featured-news","12":"tag-featurednews","13":"tag-headlines","14":"tag-latest-news","15":"tag-latestnews","16":"tag-latvia","17":"tag-latvian","18":"tag-latviesu","19":"tag-latviesu-valoda","20":"tag-latviesuvaloda","21":"tag-latvija","22":"tag-lv","23":"tag-news","24":"tag-popularakas-zinas","25":"tag-popularakaszinas","26":"tag-top-stories","27":"tag-topstories","28":"tag-zinas"},"share_on_mastodon":{"url":"https:\/\/pubeurope.com\/@lv\/115858644969832138","error":""},"_links":{"self":[{"href":"https:\/\/www.europesays.com\/lv\/wp-json\/wp\/v2\/posts\/98027","targetHints":{"allow":["GET"]}}],"collection":[{"href":"https:\/\/www.europesays.com\/lv\/wp-json\/wp\/v2\/posts"}],"about":[{"href":"https:\/\/www.europesays.com\/lv\/wp-json\/wp\/v2\/types\/post"}],"author":[{"embeddable":true,"href":"https:\/\/www.europesays.com\/lv\/wp-json\/wp\/v2\/users\/2"}],"replies":[{"embeddable":true,"href":"https:\/\/www.europesays.com\/lv\/wp-json\/wp\/v2\/comments?post=98027"}],"version-history":[{"count":0,"href":"https:\/\/www.europesays.com\/lv\/wp-json\/wp\/v2\/posts\/98027\/revisions"}],"wp:featuredmedia":[{"embeddable":true,"href":"https:\/\/www.europesays.com\/lv\/wp-json\/wp\/v2\/media\/98028"}],"wp:attachment":[{"href":"https:\/\/www.europesays.com\/lv\/wp-json\/wp\/v2\/media?parent=98027"}],"wp:term":[{"taxonomy":"category","embeddable":true,"href":"https:\/\/www.europesays.com\/lv\/wp-json\/wp\/v2\/categories?post=98027"},{"taxonomy":"post_tag","embeddable":true,"href":"https:\/\/www.europesays.com\/lv\/wp-json\/wp\/v2\/tags?post=98027"}],"curies":[{"name":"wp","href":"https:\/\/api.w.org\/{rel}","templated":true}]}}