{"id":98048,"date":"2026-01-08T09:07:09","date_gmt":"2026-01-08T09:07:09","guid":{"rendered":"https:\/\/www.europesays.com\/lv\/98048\/"},"modified":"2026-01-08T09:07:09","modified_gmt":"2026-01-08T09:07:09","slug":"tramps-paraksta-memorandu-par-asv-izstasanos-no-66-starptautiskam-organizacijam","status":"publish","type":"post","link":"https:\/\/www.europesays.com\/lv\/98048\/","title":{"rendered":"Tramps paraksta memorandu par ASV izst\u0101\u0161anos no 66 starptautisk\u0101m organiz\u0101cij\u0101m"},"content":{"rendered":"<p><a href=\"https:\/\/www.tvnet.lv\/term\/555410\/asv\" class=\"topicLink\" target=\"_blank\" rel=\"nofollow noopener\">ASV<\/a> izst\u0101sies no 31 organiz\u0101cijas ANO sist\u0113m\u0101 un no 35 organiz\u0101cij\u0101m \u0101rpus ANO, teikts Balt\u0101 nama pazi\u0146ojum\u0101 platform\u0101 &#8220;X&#8221;, nenosaucot \u0161\u012bs organiz\u0101cijas.<\/p>\n<p>Tramps jau pirms tam savas otr\u0101s prezident\u016bras laik\u0101 pan\u0101ca ASV izst\u0101\u0161anos no vair\u0101k\u0101m starptautisk\u0101m organiz\u0101cij\u0101m.<\/p>\n<p>Tre\u0161dien parakst\u012btaj\u0101 memorand\u0101 min\u0113tas pavisam 66 starptautiskas organiz\u0101cijas k\u0101 &#8220;pret\u0113jas Savienoto Valstu interes\u0113m&#8221;.<\/p>\n<blockquote class=\"quote ck-widget\" contenteditable=\"false\">\n<p>Iev\u0113rojam\u0101k\u0101 no t\u0101m ir ANO Visp\u0101r\u0113j\u0101 konvencija par klimata p\u0101rmai\u0146\u0101m (UNFCCC),<\/p>\n<\/blockquote>\n<p>kas pie\u0146emta 1992. gad\u0101 Riode\u017eaneiro Zemes samit\u0101 un ir pamat\u0101 visiem svar\u012bg\u0101kajiem starptautiskajiem l\u012bgumiem klimata p\u0101rmai\u0146u jom\u0101.<\/p>\n<p>Tramps, kur\u0161 sav\u0101 iek\u0161politik\u0101 atbalsta fosilo degvielu izmanto\u0161anu, ir atkl\u0101ti ap\u0161aub\u012bjis Zemes sasil\u0161anu cilv\u0113ku darb\u012bbas rezult\u0101t\u0101 un septembr\u012b ANO augsta l\u012bme\u0146a samit\u0101 nosauca klimata zin\u0101tni par &#8220;joku&#8221;.<\/p>\n<p>Tramps kop\u0161 atgrie\u0161an\u0101s amat\u0101 jau bija pan\u0101cis ASV izst\u0101\u0161anos no Par\u012bzes klimata vieno\u0161an\u0101s. Vi\u0146\u0161 to izdar\u012bja ar\u012b savas pirm\u0101s prezident\u016bras laik\u0101, bet prezidents D\u017eo Baidens v\u0113l\u0101k \u0161o l\u0113mumu atc\u0113la.<\/p>\n<p>Memorand\u0101 teikts, ka ASV izst\u0101sies no ANO Klimata p\u0101rmai\u0146u starpvald\u012bbu padomes (IPCC) un cit\u0101m ar klimatu saist\u012bt\u0101m organiz\u0101cij\u0101m, starp kur\u0101m ir Starptautisk\u0101 Atjaunojamo energoresursu a\u0123ent\u016bra (IRENA), &#8220;UN Oceans&#8221; un &#8220;UN Water&#8221;.<\/p>\n<p>Starp memorand\u0101 min\u0113taj\u0101m organiz\u0101cij\u0101m ir ar\u012b ANO Iedz\u012bvot\u0101ju fonds (United Nations Population Fund &#8211; UNFPA), kura m\u0113r\u0137is ir mazin\u0101t iedz\u012bvot\u0101ju att\u012bst\u012bbas probl\u0113mas pasaul\u0113, \u012bpa\u0161u uzman\u012bbu piev\u0113r\u0161ot cilv\u0113ku reprodukt\u012bv\u0101s vesel\u012bbas un dz\u012bves kvalit\u0101tes uzlabo\u0161anai ilgtsp\u0113j\u012bgas att\u012bst\u012bbas kontekst\u0101, un ANO Tirdzniec\u012bbas un att\u012bst\u012bbas konference (UNCTAD).<\/p>\n","protected":false},"excerpt":{"rendered":"ASV izst\u0101sies no 31 organiz\u0101cijas ANO sist\u0113m\u0101 un no 35 organiz\u0101cij\u0101m \u0101rpus ANO, teikts Balt\u0101 nama pazi\u0146ojum\u0101 platform\u0101&hellip;\n","protected":false},"author":2,"featured_media":98049,"comment_status":"","ping_status":"","sticky":false,"template":"","format":"standard","meta":{"footnotes":""},"categories":[5],"tags":[23,292,28,29,542,32,33,22,3761,5837,30,31,35,39,38,36,37,34,40,20,26,27,24,25,21],"class_list":{"0":"post-98048","1":"post","2":"type-post","3":"status-publish","4":"format-standard","5":"has-post-thumbnail","7":"category-aktualitates","8":"tag-aktualitates","9":"tag-asv","10":"tag-breaking-news","11":"tag-breakingnews","12":"tag-donalds-tramps","13":"tag-featured-news","14":"tag-featurednews","15":"tag-headlines","16":"tag-klimata-parmainas","17":"tag-klimats","18":"tag-latest-news","19":"tag-latestnews","20":"tag-latvia","21":"tag-latvian","22":"tag-latviesu","23":"tag-latviesu-valoda","24":"tag-latviesuvaloda","25":"tag-latvija","26":"tag-lv","27":"tag-news","28":"tag-popularakas-zinas","29":"tag-popularakaszinas","30":"tag-top-stories","31":"tag-topstories","32":"tag-zinas"},"share_on_mastodon":{"url":"https:\/\/pubeurope.com\/@lv\/115858691980093885","error":""},"_links":{"self":[{"href":"https:\/\/www.europesays.com\/lv\/wp-json\/wp\/v2\/posts\/98048","targetHints":{"allow":["GET"]}}],"collection":[{"href":"https:\/\/www.europesays.com\/lv\/wp-json\/wp\/v2\/posts"}],"about":[{"href":"https:\/\/www.europesays.com\/lv\/wp-json\/wp\/v2\/types\/post"}],"author":[{"embeddable":true,"href":"https:\/\/www.europesays.com\/lv\/wp-json\/wp\/v2\/users\/2"}],"replies":[{"embeddable":true,"href":"https:\/\/www.europesays.com\/lv\/wp-json\/wp\/v2\/comments?post=98048"}],"version-history":[{"count":0,"href":"https:\/\/www.europesays.com\/lv\/wp-json\/wp\/v2\/posts\/98048\/revisions"}],"wp:featuredmedia":[{"embeddable":true,"href":"https:\/\/www.europesays.com\/lv\/wp-json\/wp\/v2\/media\/98049"}],"wp:attachment":[{"href":"https:\/\/www.europesays.com\/lv\/wp-json\/wp\/v2\/media?parent=98048"}],"wp:term":[{"taxonomy":"category","embeddable":true,"href":"https:\/\/www.europesays.com\/lv\/wp-json\/wp\/v2\/categories?post=98048"},{"taxonomy":"post_tag","embeddable":true,"href":"https:\/\/www.europesays.com\/lv\/wp-json\/wp\/v2\/tags?post=98048"}],"curies":[{"name":"wp","href":"https:\/\/api.w.org\/{rel}","templated":true}]}}