{"id":98081,"date":"2026-01-08T09:35:08","date_gmt":"2026-01-08T09:35:08","guid":{"rendered":"https:\/\/www.europesays.com\/lv\/98081\/"},"modified":"2026-01-08T09:35:08","modified_gmt":"2026-01-08T09:35:08","slug":"tramps-esot-devis-zalo-gaismu-sankciju-likumprojektam-pret-krieviju","status":"publish","type":"post","link":"https:\/\/www.europesays.com\/lv\/98081\/","title":{"rendered":"Tramps esot devis &#8220;za\u013co gaismu&#8221; sankciju likumprojektam pret Krieviju"},"content":{"rendered":"<p class=\"lead\">\n                                ASV prezidents Donalds Tramps devis &#8220;za\u013co gaismu&#8221; sankciju likumprojektam, kura m\u0113r\u0137is ir sod\u012bt Krieviju par karu Ukrain\u0101, tre\u0161dien p\u0113c tik\u0161an\u0101s ar Trampu pazi\u0146oja viens no likumprojekta l\u012bdzautoriem republik\u0101\u0146u senators Lindsijs Greiems.\n                            <\/p>\n<p style=\"margin-left:0px;\">K\u0101da Balt\u0101 nama amatpersona a\u0123ent\u016brai &#8220;Associated Press&#8221; apstiprin\u0101ja, ka Tramps atbalsta sankciju likumprojektu.<\/p>\n<p style=\"margin-left:0px;\">Greiems ar Trampu tik\u0101s Balt\u0101 nama Ov\u0101laj\u0101 kabinet\u0101.<\/p>\n<p style=\"margin-left:0px;\">&#8220;Tas b\u016bs \u012bstaj\u0101 laik\u0101, jo Ukraina piek\u0101pjas, lai pan\u0101ktu mieru, bet [Krievijas diktators Vladimirs] Putins tikai run\u0101, turpinot nogalin\u0101t nevain\u012bgos,&#8221; teikts Greiema pazi\u0146ojum\u0101.<\/p>\n<p style=\"margin-left:0px;\">Pirms vair\u0101kiem m\u0113ne\u0161iem izstr\u0101d\u0101tais likumprojekts, kura galvenie autori ir Greiems un demokr\u0101tu senators Ri\u010dards Bl\u016bment\u0101ls un ko atbalsta gan republik\u0101\u0146i, gan demokr\u0101ti, \u013cauj administr\u0101cijai noteikt tarifus un sekund\u0101r\u0101s sankcijas valst\u012bm, kas iep\u0113rk Krievijas naftu, g\u0101zi, ur\u0101nu un citas preces. \u0160\u0101di iecer\u0113ts samazin\u0101t Krievijas iesp\u0113jas ieg\u016bt finans\u0113jumu karam Ukrain\u0101.<\/p>\n<p style=\"margin-left:0px;\">L\u012bdz\u012bgu likumprojektu P\u0101rst\u0101vju pal\u0101t\u0101 sagatavojis republik\u0101nis Braiens Ficpatriks.<\/p>\n<p style=\"margin-left:0px;\">Greiems pie\u013c\u0101va, ka balsojums Sen\u0101t\u0101 var\u0113tu notikt jau n\u0101kamned\u0113\u013c, lai gan nav skaidrs, cik tas ir iesp\u0113jams.<\/p>\n<p> Aptauja <\/p>\n<p> K\u0101di ir Donalda Trampa m\u0113r\u0137i attiec\u012bb\u0101 uz Krieviju un Ukrainu? <\/p>\n<p class=\"paragraph-muted\">Izv\u0113lies savu soct\u012bklu platformu, lai sekotu LASI.LV: <a href=\"https:\/\/www.facebook.com\/portals.lasi.lv\" target=\"_blank\" rel=\"noopener noreferrer nofollow\">Facebook<\/a>, <a href=\"https:\/\/twitter.com\/lasilvportals\" target=\"_blank\" rel=\"noopener noreferrer nofollow\">X<\/a>, <a href=\"https:\/\/bsky.app\/profile\/lasilv.bsky.social\" target=\"_blank\" rel=\"noopener noreferrer nofollow\">Bluesky<\/a>, <a href=\"https:\/\/www.draugiem.lv\/lasilv\/?pg=4\" target=\"_blank\" rel=\"noopener noreferrer nofollow\">Draugiem<\/a>, <a href=\"https:\/\/www.threads.com\/@lasilv_zinas\" rel=\"nofollow noopener\" target=\"_blank\">Threads<\/a> vai ar\u012b <a href=\"https:\/\/www.instagram.com\/lasilv_zinas\/\" target=\"_blank\" rel=\"noopener noreferrer nofollow\">Instagram<\/a>. Pievienojies m\u016bsu las\u012bt\u0101ju pulkam, lai sa\u0146emtu \u012bpa\u0161i tev atlas\u012btu noder\u012bgu, praktisku un aktu\u0101lu saturu.\u00a0<\/p>\n<p style=\"margin-left:auto;\">Pieraksties LASI.LV redaktora v\u0113stkopai <a href=\"https:\/\/lasi.lv\/vestkopa\/lasi-lv-galvena-redaktora-vestkopa\" rel=\"nofollow noopener\" target=\"_blank\">\u0161eit<\/a>.<\/p>\n<p>Pieraksties v\u0113stkopai un divas reizes ned\u0113\u013c\u0101 sa\u0146em padzi\u013cin\u0101tu LASI.LV galven\u0101 redaktora aktu\u0101lo zi\u0146u, kompetentu viedok\u013cu un interesant\u0101ko interviju apkopojumu.<\/p>\n<p>Ko tu sa\u0146emsi:<\/p>\n<ul>\n<li>Daudzveid\u012bgus koment\u0101rus un kompetentus Latvijas Mediju \u017eurn\u0101listu un autoru viedok\u013cus par aktu\u0101lo<\/li>\n<li>Ekspertu koment\u0101rus par da\u017e\u0101diem praktiskiem, noder\u012bgiem tematiem<\/li>\n<li>Aizraujo\u0161us materi\u0101lus par v\u0113sturi, psiholo\u0123iju, kult\u016bru<\/li>\n<li>Gata \u0160\u013c\u016bkas karikat\u016bru<\/li>\n<li>Tav\u0101 e-pasta kast\u012bt\u0113 katru ceturtdienu<\/li>\n<\/ul>\n<p style=\"margin-left:auto;\">\u00a0<\/p>\n<p><script async src=\"https:\/\/platform.twitter.com\/widgets.js\" charset=\"utf-8\"><\/script><script async src=\"\/\/www.instagram.com\/embed.js\"><\/script><\/p>\n","protected":false},"excerpt":{"rendered":"ASV prezidents Donalds Tramps devis &#8220;za\u013co gaismu&#8221; sankciju likumprojektam, kura m\u0113r\u0137is ir sod\u012bt Krieviju par karu Ukrain\u0101, tre\u0161dien&hellip;\n","protected":false},"author":2,"featured_media":98082,"comment_status":"","ping_status":"","sticky":false,"template":"","format":"standard","meta":{"footnotes":""},"categories":[14],"tags":[23,57,28,29,32,33,22,30,31,35,39,38,36,37,34,40,20,26,27,24,25,54,55,56,21,58],"class_list":{"0":"post-98081","1":"post","2":"type-post","3":"status-publish","4":"format-standard","5":"has-post-thumbnail","7":"category-zinas-no-arvalstim","8":"tag-aktualitates","9":"tag-arvalstim","10":"tag-breaking-news","11":"tag-breakingnews","12":"tag-featured-news","13":"tag-featurednews","14":"tag-headlines","15":"tag-latest-news","16":"tag-latestnews","17":"tag-latvia","18":"tag-latvian","19":"tag-latviesu","20":"tag-latviesu-valoda","21":"tag-latviesuvaloda","22":"tag-latvija","23":"tag-lv","24":"tag-news","25":"tag-popularakas-zinas","26":"tag-popularakaszinas","27":"tag-top-stories","28":"tag-topstories","29":"tag-world","30":"tag-world-news","31":"tag-worldnews","32":"tag-zinas","33":"tag-zinas-no-arvalstim"},"share_on_mastodon":{"url":"https:\/\/pubeurope.com\/@lv\/115858802181762346","error":""},"_links":{"self":[{"href":"https:\/\/www.europesays.com\/lv\/wp-json\/wp\/v2\/posts\/98081","targetHints":{"allow":["GET"]}}],"collection":[{"href":"https:\/\/www.europesays.com\/lv\/wp-json\/wp\/v2\/posts"}],"about":[{"href":"https:\/\/www.europesays.com\/lv\/wp-json\/wp\/v2\/types\/post"}],"author":[{"embeddable":true,"href":"https:\/\/www.europesays.com\/lv\/wp-json\/wp\/v2\/users\/2"}],"replies":[{"embeddable":true,"href":"https:\/\/www.europesays.com\/lv\/wp-json\/wp\/v2\/comments?post=98081"}],"version-history":[{"count":0,"href":"https:\/\/www.europesays.com\/lv\/wp-json\/wp\/v2\/posts\/98081\/revisions"}],"wp:featuredmedia":[{"embeddable":true,"href":"https:\/\/www.europesays.com\/lv\/wp-json\/wp\/v2\/media\/98082"}],"wp:attachment":[{"href":"https:\/\/www.europesays.com\/lv\/wp-json\/wp\/v2\/media?parent=98081"}],"wp:term":[{"taxonomy":"category","embeddable":true,"href":"https:\/\/www.europesays.com\/lv\/wp-json\/wp\/v2\/categories?post=98081"},{"taxonomy":"post_tag","embeddable":true,"href":"https:\/\/www.europesays.com\/lv\/wp-json\/wp\/v2\/tags?post=98081"}],"curies":[{"name":"wp","href":"https:\/\/api.w.org\/{rel}","templated":true}]}}