{"id":98108,"date":"2026-01-08T09:56:07","date_gmt":"2026-01-08T09:56:07","guid":{"rendered":"https:\/\/www.europesays.com\/lv\/98108\/"},"modified":"2026-01-08T09:56:07","modified_gmt":"2026-01-08T09:56:07","slug":"slegs-michelin-celvedi-ieklauto-restoranu-tails","status":"publish","type":"post","link":"https:\/\/www.europesays.com\/lv\/98108\/","title":{"rendered":"Sl\u0113gs &#8220;Michelin&#8221; ce\u013cved\u012b iek\u013cauto restor\u0101nu &#8220;Tails&#8221;"},"content":{"rendered":"<p><a href=\"https:\/\/www.apollo.lv\/term\/647794\/restorans\" class=\"topicLink\" target=\"_blank\" rel=\"nofollow noopener\">Restor\u0101ns<\/a> &#8220;Tails&#8221; atrodas Antonijas iel\u0101 R\u012bg\u0101, un restor\u0101na p\u0113d\u0113j\u0101 darba diena b\u016bs sv\u0113tdien, 11. janv\u0101r\u012b.<\/p>\n<p>&#8220;Tas nav uz redz\u0113\u0161anos uz visiem laikiem. &#8220;Tails&#8221; oblig\u0101ti k\u0101dreiz atkal atv\u0113rs durvis jaun\u0101 viet\u0101 &#8211; kad b\u016bs \u012bstais br\u012bdis,&#8221; pazi\u0146ojum\u0101 uzsver restor\u0101na p\u0101rst\u0101vji.<\/p>\n<p>P\u0113c Valsts ie\u0146\u0113mumu dienesta (VID) datiem, komp\u0101nijai 6. janv\u0101r\u012b re\u0123istr\u0113ts VID administr\u0113to nodok\u013cu par\u0101ds 128 828 eiro apm\u0113r\u0101.<\/p>\n<p>Vienlaikus inform\u0101cija Maks\u0101tnesp\u0113jas re\u0123istr\u0101 liecina, ka 2024. gada 18. j\u016bnij\u0101 &#8220;Tails&#8221; tika ierosin\u0101ts tiesisk\u0101s aizsardz\u012bbas process, savuk\u0101rt 2024. gada novembr\u012b tika pie\u0146emts l\u0113mums par tiesisk\u0101s aizsardz\u012bbas procesa \u012bsteno\u0161anu un apstiprin\u0101ts tiesisk\u0101s aizsardz\u012bbas procesa pas\u0101kumu pl\u0101ns. Tiesisk\u0101s aizsardz\u012bbas procesa \u012bsteno\u0161anas termi\u0146\u0161 ir divi gadi.<\/p>\n<p>Restor\u0101ns &#8220;Tails&#8221; tika iek\u013cauts &#8220;Michelin Selected Restaurants&#8221; ce\u013cved\u012b 2025. un 2026. gad\u0101.<\/p>\n<p>&#8220;Tails&#8221; bija l\u012bdz \u0161im jauna koncepta zivju restor\u0101ns R\u012bg\u0101 &#8211; t\u0101 telpas ir iek\u0101rtotas trij\u0101s zon\u0101s, proti, klasisk\u0101 restor\u0101na z\u0101le un &#8220;Raw Bar&#8221; lete pret\u012b atv\u0113rtai virtuvei, kur viesi var v\u0113rot gatavo\u0161anas procesu, k\u0101 ar\u012b priv\u0101to pas\u0101kumu z\u0101le, teikts uz\u0146\u0113muma m\u0101jaslap\u0101.<\/p>\n","protected":false},"excerpt":{"rendered":"Restor\u0101ns &#8220;Tails&#8221; atrodas Antonijas iel\u0101 R\u012bg\u0101, un restor\u0101na p\u0113d\u0113j\u0101 darba diena b\u016bs sv\u0113tdien, 11. janv\u0101r\u012b. &#8220;Tas nav uz&hellip;\n","protected":false},"author":2,"featured_media":98109,"comment_status":"","ping_status":"","sticky":false,"template":"","format":"standard","meta":{"footnotes":""},"categories":[19],"tags":[89,90,35,39,38,36,37,34,40,7180,2597],"class_list":{"0":"post-98108","1":"post","2":"type-post","3":"status-publish","4":"format-standard","5":"has-post-thumbnail","7":"category-izklaide","8":"tag-entertainment","9":"tag-izklaide","10":"tag-latvia","11":"tag-latvian","12":"tag-latviesu","13":"tag-latviesu-valoda","14":"tag-latviesuvaloda","15":"tag-latvija","16":"tag-lv","17":"tag-michelin","18":"tag-restorans"},"share_on_mastodon":{"url":"https:\/\/pubeurope.com\/@lv\/115858884854284775","error":""},"_links":{"self":[{"href":"https:\/\/www.europesays.com\/lv\/wp-json\/wp\/v2\/posts\/98108","targetHints":{"allow":["GET"]}}],"collection":[{"href":"https:\/\/www.europesays.com\/lv\/wp-json\/wp\/v2\/posts"}],"about":[{"href":"https:\/\/www.europesays.com\/lv\/wp-json\/wp\/v2\/types\/post"}],"author":[{"embeddable":true,"href":"https:\/\/www.europesays.com\/lv\/wp-json\/wp\/v2\/users\/2"}],"replies":[{"embeddable":true,"href":"https:\/\/www.europesays.com\/lv\/wp-json\/wp\/v2\/comments?post=98108"}],"version-history":[{"count":0,"href":"https:\/\/www.europesays.com\/lv\/wp-json\/wp\/v2\/posts\/98108\/revisions"}],"wp:featuredmedia":[{"embeddable":true,"href":"https:\/\/www.europesays.com\/lv\/wp-json\/wp\/v2\/media\/98109"}],"wp:attachment":[{"href":"https:\/\/www.europesays.com\/lv\/wp-json\/wp\/v2\/media?parent=98108"}],"wp:term":[{"taxonomy":"category","embeddable":true,"href":"https:\/\/www.europesays.com\/lv\/wp-json\/wp\/v2\/categories?post=98108"},{"taxonomy":"post_tag","embeddable":true,"href":"https:\/\/www.europesays.com\/lv\/wp-json\/wp\/v2\/tags?post=98108"}],"curies":[{"name":"wp","href":"https:\/\/api.w.org\/{rel}","templated":true}]}}