{"id":98148,"date":"2026-01-08T10:27:07","date_gmt":"2026-01-08T10:27:07","guid":{"rendered":"https:\/\/www.europesays.com\/lv\/98148\/"},"modified":"2026-01-08T10:27:07","modified_gmt":"2026-01-08T10:27:07","slug":"latviesu-kerlingisti-gaidule-un-buncis-cinisies-par-vietu-pasaules-cempionata-jauktajiem-pariem-lente-lv","status":"publish","type":"post","link":"https:\/\/www.europesays.com\/lv\/98148\/","title":{"rendered":"Latvie\u0161u k\u0113rlingisti Gaidule un Buncis c\u012bn\u012bsies par vietu Pasaules \u010dempion\u0101t\u0101 jauktajiem p\u0101riem\u00a0\u2014\u00a0Lente.lv"},"content":{"rendered":"<p>Latvijas duets s\u0101k c\u012b\u0146u Skotij\u0101<\/p>\n<p>\u0160odien, 5. janv\u0101r\u012b, Skotijas pils\u0113t\u0101 Damfr\u012bs\u0101 s\u0101kas Pasaules k\u0113rlinga feder\u0101cijas (WCF) r\u012bkotais kvalifik\u0101cijas turn\u012brs pasaules \u010dempion\u0101tam jauktajiem p\u0101riem 2026. gad\u0101. Latviju \u0161aj\u0101 noz\u012bm\u012bgaj\u0101 sacens\u012bb\u0101s p\u0101rst\u0101v k\u0113rlinga duets Katr\u012bna Gaidule un Roberts Reinis Buncis, kuriem \u0161\u012b ir p\u0113d\u0113j\u0101 iesp\u0113ja izc\u012bn\u012bt ce\u013caz\u012bmi uz gaid\u0101mo pasaules \u010dempion\u0101tu \u017den\u0113v\u0101, \u0160veic\u0113.<\/p>\n<p>Turn\u012bra form\u0101ts un Latvijas izredzes<\/p>\n<p>Sacens\u012bb\u0101s piedal\u0101s 33 komandas no da\u017e\u0101d\u0101m valst\u012bm. Latvijas p\u0101ris ir izloz\u0113ts E apak\u0161grup\u0101 kop\u0101 ar Braz\u012bliju, Ung\u0101riju, Portug\u0101li, Rum\u0101niju un Slov\u0113niju. Turn\u012bra m\u0113r\u0137is ir noskaidrot \u010detras lab\u0101k\u0101s komandas, kas autom\u0101tiski nodro\u0161in\u0101s vietu pasaules \u010dempion\u0101t\u0101. P\u0113c grupu turn\u012bra 12 lab\u0101kie p\u0101ri iek\u013c\u016bs izsl\u0113g\u0161anas sp\u0113l\u0113s, bet no t\u0101m tiks noteikti \u010dempion\u0101ta dal\u012bbnieki.<\/p>\n<p>Ce\u013c\u0161 l\u012bdz kvalifik\u0101cijai<\/p>\n<p>Gaidule un Buncis p\u0113d\u0113j\u0101 laik\u0101 demonstr\u0113 stabilu sniegumu da\u017e\u0101dos starptautiskos turn\u012bros. Vi\u0146i ir izc\u012bn\u012bju\u0161i uzvaras WCT Latvian Mixed Doubles Curling Cup un ieguvu\u0161i 3. vietu \u201cNCT Mixed Doubles Lodz 2025\u201d turn\u012br\u0101 Polij\u0101, p\u0101rsp\u0113jot ar\u012b pasaules ranga sp\u0113c\u012bg\u0101kus p\u0101rus. Iepriek\u0161\u0113j\u0101 sezon\u0101 vi\u0146i jau bija tuvu kvalific\u0113\u0161anai uz pasaules \u010dempion\u0101tu, tom\u0113r palika vienas uzvaras att\u0101lum\u0101, ta\u010du tas deva noz\u012bm\u012bgus reitinga punktus un \u013c\u0101va piedal\u012bties olimpisk\u0101s kvalifik\u0101cijas turn\u012br\u0101.<\/p>\n<p>Sp\u0113\u013cu grafiks un atbalst\u012bt\u0101ji<\/p>\n<p>Latvijas izlase turn\u012bru uzs\u0101ka \u0161odien plkst. 18:00 ar sp\u0113li pret Braz\u012bliju. P\u0101r\u0113j\u0101s grupu turn\u012bra sp\u0113les paredz\u0113tas 6. janv\u0101r\u012b pret Portug\u0101li (plkst. 11:00), 7. janv\u0101r\u012b pret Slov\u0113niju (plkst. 18:00), 8. janv\u0101r\u012b pret Ung\u0101riju (plkst. 18:00) un 9. janv\u0101r\u012b pret Rum\u0101niju (plkst. 12:00). Latvijas jaukt\u0101 p\u0101ra izlases startu \u0161aj\u0101 noz\u012bm\u012bgaj\u0101 turn\u012br\u0101 atbalsta Izgl\u012bt\u012bbas un zin\u0101tnes ministrija, Latvijas K\u0113rlinga asoci\u0101cija un K\u0113rlinga halle.<\/p>\n","protected":false},"excerpt":{"rendered":"Latvijas duets s\u0101k c\u012b\u0146u Skotij\u0101 \u0160odien, 5. janv\u0101r\u012b, Skotijas pils\u0113t\u0101 Damfr\u012bs\u0101 s\u0101kas Pasaules k\u0113rlinga feder\u0101cijas (WCF) r\u012bkotais kvalifik\u0101cijas&hellip;\n","protected":false},"author":2,"featured_media":98149,"comment_status":"","ping_status":"","sticky":false,"template":"","format":"standard","meta":{"footnotes":""},"categories":[17],"tags":[24116,24114,18667,35,39,38,36,37,34,40,844,24115,67],"class_list":{"0":"post-98148","1":"post","2":"type-post","3":"status-publish","4":"format-standard","5":"has-post-thumbnail","7":"category-sports","8":"tag-jauktie-pari","9":"tag-katrina-gaidule","10":"tag-kerlings","11":"tag-latvia","12":"tag-latvian","13":"tag-latviesu","14":"tag-latviesu-valoda","15":"tag-latviesuvaloda","16":"tag-latvija","17":"tag-lv","18":"tag-pasaules-cempionats","19":"tag-roberts-reinis-buncis","20":"tag-sports"},"share_on_mastodon":{"url":"https:\/\/pubeurope.com\/@lv\/115859006575648385","error":""},"_links":{"self":[{"href":"https:\/\/www.europesays.com\/lv\/wp-json\/wp\/v2\/posts\/98148","targetHints":{"allow":["GET"]}}],"collection":[{"href":"https:\/\/www.europesays.com\/lv\/wp-json\/wp\/v2\/posts"}],"about":[{"href":"https:\/\/www.europesays.com\/lv\/wp-json\/wp\/v2\/types\/post"}],"author":[{"embeddable":true,"href":"https:\/\/www.europesays.com\/lv\/wp-json\/wp\/v2\/users\/2"}],"replies":[{"embeddable":true,"href":"https:\/\/www.europesays.com\/lv\/wp-json\/wp\/v2\/comments?post=98148"}],"version-history":[{"count":0,"href":"https:\/\/www.europesays.com\/lv\/wp-json\/wp\/v2\/posts\/98148\/revisions"}],"wp:featuredmedia":[{"embeddable":true,"href":"https:\/\/www.europesays.com\/lv\/wp-json\/wp\/v2\/media\/98149"}],"wp:attachment":[{"href":"https:\/\/www.europesays.com\/lv\/wp-json\/wp\/v2\/media?parent=98148"}],"wp:term":[{"taxonomy":"category","embeddable":true,"href":"https:\/\/www.europesays.com\/lv\/wp-json\/wp\/v2\/categories?post=98148"},{"taxonomy":"post_tag","embeddable":true,"href":"https:\/\/www.europesays.com\/lv\/wp-json\/wp\/v2\/tags?post=98148"}],"curies":[{"name":"wp","href":"https:\/\/api.w.org\/{rel}","templated":true}]}}